{"id":563609,"date":"2025-11-28T03:09:10","date_gmt":"2025-11-28T03:09:10","guid":{"rendered":"https:\/\/www.europesays.com\/fr\/563609\/"},"modified":"2025-11-28T03:09:10","modified_gmt":"2025-11-28T03:09:10","slug":"une-fracture-irreparable-au-golf-mcilroy-nest-pas-optimiste-rds","status":"publish","type":"post","link":"https:\/\/www.europesays.com\/fr\/563609\/","title":{"rendered":"Une fracture irr\u00e9parable au golf? McIlroy n\u2019est pas optimiste \u2013 RDS"},"content":{"rendered":"<p class=\"c-paragraph\">Rory McIlroy doute que la fracture dans le monde du golf puisse \u00eatre r\u00e9par\u00e9e, car les d\u00e9penses \u00ab irrationnelles \u00bb du circuit LIV ont cr\u00e9\u00e9 un tel foss\u00e9 dans ce sport domin\u00e9 par l\u2019argent et l\u2019apat du gain. <\/p>\n<p class=\"c-paragraph\">On esp\u00e9rait que la scission acrimonieuse, survenue lorsque la ligue dissidente saoudienne a d\u00e9bauch\u00e9 de nombreuses vedettes de la PGA comme Bryson DeChambeau, Brooks Koepka et Phil Mickelson avec des contrats mirobolants en 2021, pourrait \u00eatre r\u00e9par\u00e9e gr\u00e2ce \u00e0 une proposition de fusion.<\/p>\n<p class=\"c-paragraph\">Mais plus de deux ans et demi apr\u00e8s cette proposition, les deux parties ne semblent pas plus proches d\u2019un accord.<\/p>\n<p class=\"c-paragraph\">\u00ab Vous voyez certains de ces autres sports qui sont fractur\u00e9s depuis si longtemps \u00bb, a d\u00e9clar\u00e9 McIlroy au CEO Council Forum de CNBC. \u00ab Prenez la boxe, par exemple, ou regardez ce qui s\u2019est pass\u00e9 dans le sport automobile aux \u00c9tats-Unis avec l\u2019Indy, le NASCAR et tout le reste. Je pense que pour le golf en g\u00e9n\u00e9ral, il serait pr\u00e9f\u00e9rable qu\u2019il y ait une unification. \u00bb<\/p>\n<p class=\"c-paragraph\">Depuis la cr\u00e9ation du circuit LIV, McIlroy a \u00e9t\u00e9 le d\u00e9fenseur le plus vocal de la PGA et il s\u2019est montr\u00e9 ouvert \u00e0 une r\u00e9union des deux entit\u00e9s pour permettre aux amateurs de voir les meilleurs s\u2019affronter semaine apr\u00e8s semaine.<\/p>\n<p class=\"c-paragraph\">\u00ab Je pense simplement qu\u2019avec ce qui s\u2019est pass\u00e9 ces derni\u00e8res ann\u00e9es, cela va \u00eatre tr\u00e8s difficile \u00e0 r\u00e9aliser. En tant que partisan de la structure traditionnelle du golf professionnel masculin, nous devons r\u00e9aliser que nous essayions de traiter avec des personnes qui agissaient, d\u2019une certaine mani\u00e8re, de fa\u00e7on irrationnelle, ne serait-ce qu\u2019en termes de capitaux qu\u2019elles allouaient et d\u2019argent qu\u2019elles d\u00e9pensaient. Cela fait quatre ou cinq ans et il n\u2019y a toujours pas eu de retour sur l\u2019investissement, mais ils vont devoir continuer \u00e0 d\u00e9penser cet argent ne serait-ce que pour maintenir leur situation actuelle. \u00bb<\/p>\n<p class=\"c-paragraph\">Le golfeur de LIV Bryson DeChambeau admet que les deux parties sont actuellement trop \u00e9loign\u00e9es l\u2019une de l\u2019autre.<\/p>\n<p class=\"c-paragraph\">\u00ab J\u2019aimerais qu\u2019il se passe quelque chose d\u2019important, mais je ne pense pas que ce sera le cas dans un avenir proche \u00bb, a-t-il d\u00e9clar\u00e9 \u00e0 Fox News.<\/p>\n<p class=\"c-paragraph\">\u00ab Je pense que les deux parties ont trop d\u2019exigences et ne font pas assez de concessions. Nous sommes tout simplement trop \u00e9loign\u00e9s sur beaucoup de points. Cela va prendre du temps, mais je pense qu\u2019au final, le golf va se d\u00e9velopper \u00e0 l\u2019\u00e9chelle internationale. \u00bb<\/p>\n","protected":false},"excerpt":{"rendered":"Rory McIlroy doute que la fracture dans le monde du golf puisse \u00eatre r\u00e9par\u00e9e, car les d\u00e9penses \u00ab&hellip;\n","protected":false},"author":2,"featured_media":563610,"comment_status":"","ping_status":"","sticky":false,"template":"","format":"standard","meta":{"footnotes":""},"categories":[1418],"tags":[1011,27,1472,55144,8188,5079,60],"class_list":{"0":"post-563609","1":"post","2":"type-post","3":"status-publish","4":"format-standard","5":"has-post-thumbnail","7":"category-golf","8":"tag-fr","9":"tag-france","10":"tag-golf","11":"tag-liv-golf","12":"tag-pga","13":"tag-rory-mcilroy","14":"tag-sports"},"share_on_mastodon":{"url":"https:\/\/pubeurope.com\/@fr\/115625129585894691","error":""},"_links":{"self":[{"href":"https:\/\/www.europesays.com\/fr\/wp-json\/wp\/v2\/posts\/563609","targetHints":{"allow":["GET"]}}],"collection":[{"href":"https:\/\/www.europesays.com\/fr\/wp-json\/wp\/v2\/posts"}],"about":[{"href":"https:\/\/www.europesays.com\/fr\/wp-json\/wp\/v2\/types\/post"}],"author":[{"embeddable":true,"href":"https:\/\/www.europesays.com\/fr\/wp-json\/wp\/v2\/users\/2"}],"replies":[{"embeddable":true,"href":"https:\/\/www.europesays.com\/fr\/wp-json\/wp\/v2\/comments?post=563609"}],"version-history":[{"count":0,"href":"https:\/\/www.europesays.com\/fr\/wp-json\/wp\/v2\/posts\/563609\/revisions"}],"wp:featuredmedia":[{"embeddable":true,"href":"https:\/\/www.europesays.com\/fr\/wp-json\/wp\/v2\/media\/563610"}],"wp:attachment":[{"href":"https:\/\/www.europesays.com\/fr\/wp-json\/wp\/v2\/media?parent=563609"}],"wp:term":[{"taxonomy":"category","embeddable":true,"href":"https:\/\/www.europesays.com\/fr\/wp-json\/wp\/v2\/categories?post=563609"},{"taxonomy":"post_tag","embeddable":true,"href":"https:\/\/www.europesays.com\/fr\/wp-json\/wp\/v2\/tags?post=563609"}],"curies":[{"name":"wp","href":"https:\/\/api.w.org\/{rel}","templated":true}]}}