{"id":563615,"date":"2025-11-28T03:17:16","date_gmt":"2025-11-28T03:17:16","guid":{"rendered":"https:\/\/www.europesays.com\/fr\/563615\/"},"modified":"2025-11-28T03:17:16","modified_gmt":"2025-11-28T03:17:16","slug":"cyclisme-johan-blanc-recoit-les-honneurs-de-la-ville-de-rodez","status":"publish","type":"post","link":"https:\/\/www.europesays.com\/fr\/563615\/","title":{"rendered":"Cyclisme : Johan Blanc re\u00e7oit les honneurs de la ville de Rodez"},"content":{"rendered":"<p>\n                                                                \u00c7a n\u2019a certes pas valeur de septi\u00e8me succ\u00e8s dans sa saison dingue qui en comptait donc d\u00e9j\u00e0 six, pour onze podiums (!) ; mais recevoir la m\u00e9daille de la ville de Rodez \u00e9tait ce jeudi midi, devant une cinquantaine de personnes, un bel honneur pour la p\u00e9pite du VC Rodez, Johan Blanc.\n                            <\/p>\n<p>Assur\u00e9 de passer professionnel en janvier au sein de l\u2019\u00e9quipe continentale (formation r\u00e9serve) de Groupama-FDJ, \u00e0 tout juste 18 ans, l\u2019enfant du Ruth\u00e9nois \u00e9tait ainsi c\u00e9l\u00e9br\u00e9 en mairie, devant des \u00e9lus et son entourage, apr\u00e8s une derni\u00e8re ann\u00e9e en tout point remarquable. Ponctu\u00e9e notamment par une m\u00e9daille d\u2019argent lors de la course en ligne des championnats du monde juniors \u00e0 Kigali (Rwanda) en septembre. \u00ab\u00a0Je suis tr\u00e8s heureux d\u2019\u00eatre parmi vous aujourd\u2019hui, merci \u00e0 tous\u00a0\u00bb, a notamment indiqu\u00e9 celui qui est promis \u00e0 un avenir pas sans rappeler un illustre (pas si) ancien, du VCR, Alexandre Geniez, lui aussi pass\u00e9 par l\u2019\u00e9quipe de Marc Madiot et pr\u00e9sent ce jeudi. \u00ab\u00a0On veut te voir bient\u00f4t sur le Tour de France\u00a0\u00bb, a-t-on ainsi entendu parmi les diff\u00e9rents discours de circonstance.<\/p>\n<p>Pour l\u2019heure, c\u2019est le circuit pro secondaire qui attend le grimpeur-puncheur aveyronnais, dont la coupure d\u2019intersaison est d\u00e9j\u00e0 termin\u00e9e depuis quinze jours avec un entra\u00eenement qui se durcira lors d\u2019une manche de coupe de France de cyclo-cross mi-d\u00e9cembre. Avant de basculer dans un autre monde donc. Avec deux premiers gros objectifs : \u00ab\u00a0Le Tour de l\u2019Avenir (19-27 ao\u00fbt) et le Giro next gen (14-21 juin)\u00a0\u00bb confie le coureur qui, id\u00e9alement, esp\u00e8re \u00ab\u00a0rester un an \u00e0 la Conti avant de basculer avec l\u2019\u00e9quipe world tour\u00a0\u00bb. Il pourrait m\u00eame go\u00fbter ponctuellement au plus haut niveau mondial d\u00e8s l\u2019ann\u00e9e 2026. Son potentiel lui ayant d\u2019ailleurs valu des sollicitations d\u2019autres formations \u00ab\u00a0surtout apr\u00e8s les Mondiaux, mais aussi avant \u00ab\u00a0. Un talent pur qui met aussi en exergue la capacit\u00e9 du club local, le VCR pr\u00e9sid\u00e9 par Victor Santos, \u00e0 sortir des champions !<\/p>\n","protected":false},"excerpt":{"rendered":"\u00c7a n\u2019a certes pas valeur de septi\u00e8me succ\u00e8s dans sa saison dingue qui en comptait donc d\u00e9j\u00e0 six,&hellip;\n","protected":false},"author":2,"featured_media":563616,"comment_status":"","ping_status":"","sticky":false,"template":"","format":"standard","meta":{"footnotes":""},"categories":[1411],"tags":[1154,207,1011,27,60],"class_list":{"0":"post-563615","1":"post","2":"type-post","3":"status-publish","4":"format-standard","5":"has-post-thumbnail","7":"category-cyclisme","8":"tag-cycling","9":"tag-cyclisme","10":"tag-fr","11":"tag-france","12":"tag-sports"},"share_on_mastodon":{"url":"https:\/\/pubeurope.com\/@fr\/115625161157388280","error":""},"_links":{"self":[{"href":"https:\/\/www.europesays.com\/fr\/wp-json\/wp\/v2\/posts\/563615","targetHints":{"allow":["GET"]}}],"collection":[{"href":"https:\/\/www.europesays.com\/fr\/wp-json\/wp\/v2\/posts"}],"about":[{"href":"https:\/\/www.europesays.com\/fr\/wp-json\/wp\/v2\/types\/post"}],"author":[{"embeddable":true,"href":"https:\/\/www.europesays.com\/fr\/wp-json\/wp\/v2\/users\/2"}],"replies":[{"embeddable":true,"href":"https:\/\/www.europesays.com\/fr\/wp-json\/wp\/v2\/comments?post=563615"}],"version-history":[{"count":0,"href":"https:\/\/www.europesays.com\/fr\/wp-json\/wp\/v2\/posts\/563615\/revisions"}],"wp:featuredmedia":[{"embeddable":true,"href":"https:\/\/www.europesays.com\/fr\/wp-json\/wp\/v2\/media\/563616"}],"wp:attachment":[{"href":"https:\/\/www.europesays.com\/fr\/wp-json\/wp\/v2\/media?parent=563615"}],"wp:term":[{"taxonomy":"category","embeddable":true,"href":"https:\/\/www.europesays.com\/fr\/wp-json\/wp\/v2\/categories?post=563615"},{"taxonomy":"post_tag","embeddable":true,"href":"https:\/\/www.europesays.com\/fr\/wp-json\/wp\/v2\/tags?post=563615"}],"curies":[{"name":"wp","href":"https:\/\/api.w.org\/{rel}","templated":true}]}}