{"id":563625,"date":"2025-11-28T03:23:12","date_gmt":"2025-11-28T03:23:12","guid":{"rendered":"https:\/\/www.europesays.com\/fr\/563625\/"},"modified":"2025-11-28T03:23:12","modified_gmt":"2025-11-28T03:23:12","slug":"orlando-le-frere-de-dalida-defend-le-geste-affectueux-de-ceux-qui-touchent-la-poitrine-de-sa-statue-2","status":"publish","type":"post","link":"https:\/\/www.europesays.com\/fr\/563625\/","title":{"rendered":"Orlando, le fr\u00e8re de Dalida, d\u00e9fend le \u00ab geste affectueux \u00bb de ceux qui touchent la poitrine de sa statue"},"content":{"rendered":"<p class=\"mb-4 text-lg md:leading-8 break-words\"><strong>BAS LES PATTES &#8211; Cette tendance, qui porterait \u00ab bonheur \u00bb, a \u00e9t\u00e9 d\u00e9nonc\u00e9e par des \u00e9lus \u00e9cologistes d\u00e9non\u00e7ant une banalisation \u00ab d\u2019agression sexuelle \u00bb<\/strong><\/p>\n<p class=\"mb-4 text-lg md:leading-8 break-words\">Orlando, <a href=\"https:\/\/www.20minutes.fr\/arts-stars\/people\/4120604-20241110-orlando-confirme-dalida-francois-mitterrand-liaison?at_medium=RSS%20feed&amp;at_campaign=ynews&amp;utm_source=yahoo&amp;utm_medium=rss&amp;utm_campaign=news_feed&amp;utm_content=in_article_link\" rel=\"nofollow noopener\" target=\"_blank\" data-ylk=\"slk:le fr\u00e8re de Dalida;elm:context_link;itc:0;sec:content-canvas\" class=\"link \">le fr\u00e8re de Dalida<\/a>, n\u2019est pas du tout g\u00ean\u00e9 par les touristes touchant la poitrine sur le buste en m\u00e9tal de sa s\u0153ur \u00e9rig\u00e9 en 1997 place Dalida, \u00e0 Montmartre, pour se porter \u00ab bonheur \u00bb. L\u2019artiste y voit m\u00eame un \u00ab geste affectueux \u00bb, comme il l\u2019a r\u00e9cemment confi\u00e9 \u00e0 RTL, alors que cette tendance de longue date a \u00e9t\u00e9 d\u00e9nonc\u00e9e par des \u00e9lus \u00e9cologistes, qui ont d\u00e9pos\u00e9 le 20 novembre un v\u0153u aupr\u00e8s du Conseil de Paris pour des mesures mettant fin \u00e0 ces actes ayant contribu\u00e9 \u00e0 \u00e9claircir le bronze de la statue \u00e0 cet endroit.<\/p>\n<p class=\"mb-4 text-lg md:leading-8 break-words\">\u00ab Ces gestes rel\u00e8vent d\u2019une forme de banalisation du contact non consenti avec la repr\u00e9sentation du corps f\u00e9minin et traduisent une persistance symbolique d\u2019appropriation du corps des femmes dans l\u2019espace public \u00bb, ont-ils notamment d\u00e9plor\u00e9, selon <a href=\"https:\/\/www.leparisien.fr\/paris-75\/paris-75018\/a-paris-faut-il-proteger-les-seins-de-dalida-des-mains-baladeuses-21-11-2025-GZ2GMMIRFRAJZON5W6TCRZ3N2U.php?ts=1764058343327&amp;at_medium=RSS%20feed&amp;at_campaign=ynews&amp;utm_source=yahoo&amp;utm_medium=rss&amp;utm_campaign=news_feed&amp;utm_content=in_article_link\" rel=\"nofollow noopener\" target=\"_blank\" data-ylk=\"slk:Le Parisien;elm:context_link;itc:0;sec:content-canvas\" class=\"link \">Le Parisien<\/a>, ajoutant : \u00ab Ces mises en sc\u00e8ne d\u2019actes mimant une agression sexuelle participent \u00e0 la culture de l\u2019impunit\u00e9 \u00bb.<\/p>\n<p>Une forme \u00ab d\u2019admiration \u00bb<\/p>\n<p class=\"mb-4 text-lg md:leading-8 break-words\">Mais pour Orlando, cette pol\u00e9mique n\u2019a pas lieu d\u2019\u00eatre. \u00ab Il faut arr\u00eater le ridicule, m\u00eame si \u00e7a ne tue pas \u00bb, a-t-il tranch\u00e9 hier au micro de Marc-Olivier Fogiel <a href=\"https:\/\/www.rtl.fr\/programmes\/face-a-fogiel?at_medium=RSS%20feed&amp;at_campaign=ynews&amp;utm_source=yahoo&amp;utm_medium=rss&amp;utm_campaign=news_feed&amp;utm_content=in_article_link\" rel=\"nofollow noopener\" target=\"_blank\" data-ylk=\"slk:sur RTL;elm:context_link;itc:0;sec:content-canvas\" class=\"link \">sur RTL<\/a>. \u00ab \u00c7a fait un moment d\u00e9j\u00e0 que le buste de Dalida, \u00e0 force de le toucher, on dirait qu\u2019il a un soutien-gorge dor\u00e9 maintenant \u00bb, a ajout\u00e9 celui qui n\u2019y voit non pas un \u00ab acte irrespectueux \u00bb, mais un \u00ab geste, peut-\u00eatre, affectueux, d\u2019admiration \u00bb.<\/p>\n<p class=\"mb-4 text-lg md:leading-8 break-words\">Le fr\u00e8re de Dalida, d\u00e9c\u00e9d\u00e9e par suicide \u00e0 54 ans il y a pr\u00e8s de 40 ans, pr\u00e9conise un peu de \u00ab recul \u00bb. \u00ab Il para\u00eet que \u00e7a porte bonheur. Tant mieux ! \u00bb,(&#8230;)<\/p>\n<p class=\"mb-4 text-lg md:leading-8 break-words\"><a href=\"https:\/\/www.20minutes.fr\/arts-stars\/people\/4188378-20251127-orlando-frere-dalida-defend-geste-affectueux-ceux-touchent-poitrine-statue?at_medium=RSS%20feed&amp;at_campaign=ynews&amp;utm_source=yahoo&amp;utm_medium=rss&amp;utm_campaign=news_feed&amp;utm_content=read_more_link\" rel=\"nofollow noopener\" target=\"_blank\" data-ylk=\"slk:Lire la suite sur 20minutes;elm:context_link;itc:0;sec:content-canvas\" class=\"link \">Lire la suite sur 20minutes<\/a><\/p>\n<p>\u00c0 lire aussi :<br \/><a href=\"https:\/\/www.20minutes.fr\/arts-stars\/people\/4187584-20251124-lena-situations-transforme-parc-princes-28-ans?at_medium=RSS%20feed&amp;at_campaign=ynews&amp;utm_source=yahoo&amp;utm_medium=rss&amp;utm_campaign=news_feed&amp;utm_content=related_content_link\" rel=\"nofollow noopener\" target=\"_blank\" data-ylk=\"slk:Lena Situations a transform\u00e9 le Parc des Princes pour ses 28 ans;elm:context_link;itc:0;sec:content-canvas\" class=\"link \">Lena Situations a transform\u00e9 le Parc des Princes pour ses 28 ans<\/a><br \/><a href=\"https:\/\/www.20minutes.fr\/societe\/4185851-20251115-jean-max-riviere-parolier-brigitte-bardot-juliette-greco-france-gall-mort?at_medium=RSS%20feed&amp;at_campaign=ynews&amp;utm_source=yahoo&amp;utm_medium=rss&amp;utm_campaign=news_feed&amp;utm_content=related_content_link\" rel=\"nofollow noopener\" target=\"_blank\" data-ylk=\"slk:Jean-Max Rivi\u00e8re, parolier de Brigitte Bardot, Juliette Gr\u00e9co ou France Gall, est mort;elm:context_link;itc:0;sec:content-canvas\" class=\"link \">Jean-Max Rivi\u00e8re, parolier de Brigitte Bardot, Juliette Gr\u00e9co ou France Gall, est mort<\/a><\/p>\n","protected":false},"excerpt":{"rendered":"BAS LES PATTES &#8211; Cette tendance, qui porterait \u00ab bonheur \u00bb, a \u00e9t\u00e9 d\u00e9nonc\u00e9e par des \u00e9lus \u00e9cologistes&hellip;\n","protected":false},"author":2,"featured_media":563626,"comment_status":"","ping_status":"","sticky":false,"template":"","format":"standard","meta":{"footnotes":""},"categories":[1355],"tags":[1267,67972,2617,67974,58,59,1011,27,1361,873,57492,67973],"class_list":{"0":"post-563625","1":"post","2":"type-post","3":"status-publish","4":"format-standard","5":"has-post-thumbnail","7":"category-musique","8":"tag-agression-sexuelle","9":"tag-bas-les-pattes","10":"tag-conseil-de-paris","11":"tag-corps-feminin","12":"tag-divertissement","13":"tag-entertainment","14":"tag-fr","15":"tag-france","16":"tag-music","17":"tag-musique","18":"tag-orlando","19":"tag-place-dalida"},"share_on_mastodon":{"url":"https:\/\/pubeurope.com\/@fr\/115625184749221928","error":""},"_links":{"self":[{"href":"https:\/\/www.europesays.com\/fr\/wp-json\/wp\/v2\/posts\/563625","targetHints":{"allow":["GET"]}}],"collection":[{"href":"https:\/\/www.europesays.com\/fr\/wp-json\/wp\/v2\/posts"}],"about":[{"href":"https:\/\/www.europesays.com\/fr\/wp-json\/wp\/v2\/types\/post"}],"author":[{"embeddable":true,"href":"https:\/\/www.europesays.com\/fr\/wp-json\/wp\/v2\/users\/2"}],"replies":[{"embeddable":true,"href":"https:\/\/www.europesays.com\/fr\/wp-json\/wp\/v2\/comments?post=563625"}],"version-history":[{"count":0,"href":"https:\/\/www.europesays.com\/fr\/wp-json\/wp\/v2\/posts\/563625\/revisions"}],"wp:featuredmedia":[{"embeddable":true,"href":"https:\/\/www.europesays.com\/fr\/wp-json\/wp\/v2\/media\/563626"}],"wp:attachment":[{"href":"https:\/\/www.europesays.com\/fr\/wp-json\/wp\/v2\/media?parent=563625"}],"wp:term":[{"taxonomy":"category","embeddable":true,"href":"https:\/\/www.europesays.com\/fr\/wp-json\/wp\/v2\/categories?post=563625"},{"taxonomy":"post_tag","embeddable":true,"href":"https:\/\/www.europesays.com\/fr\/wp-json\/wp\/v2\/tags?post=563625"}],"curies":[{"name":"wp","href":"https:\/\/api.w.org\/{rel}","templated":true}]}}