{"id":563629,"date":"2025-11-28T03:25:13","date_gmt":"2025-11-28T03:25:13","guid":{"rendered":"https:\/\/www.europesays.com\/fr\/563629\/"},"modified":"2025-11-28T03:25:13","modified_gmt":"2025-11-28T03:25:13","slug":"les-traitements-preventifs-sont-surs-montrent-deux-enquetes-de-pharmacovigilance","status":"publish","type":"post","link":"https:\/\/www.europesays.com\/fr\/563629\/","title":{"rendered":"les traitements pr\u00e9ventifs sont s\u00fbrs, montrent deux enqu\u00eates de pharmacovigilance"},"content":{"rendered":"<p>                             Par Le Figaro avec AFP<\/p>\n<p>                Le 27 novembre 2025 \u00e0 11h22<\/p>\n<p>    Chaque ann\u00e9e, au moment de l\u2019automne et de l\u2019hiver, la bronchiolite frappe de nombreux b\u00e9b\u00e9s en France.<br \/>\n                oneblink1 &#8211; stock.adobe.com<\/p>\n<p>\n    L\u2019agence nationale du m\u00e9dicament confirme la s\u00e9curit\u00e9 du Beyfortus, et des vaccins Abrysvo, Arexvy et mResvia. Elle note toutefois quelques erreurs d\u2019administration, qui n\u2019ont pas g\u00e9n\u00e9r\u00e9 d\u2019effets ind\u00e9sirables.<\/p>\n<p class=\"fig-paragraph\">Le\u00a0<a href=\"http:\/\/sante.lefigaro.fr\/bronchiolite-l-efficacite-du-beyfortus-pour-prevenir-des-infections-graves-confirmee-par-une-etude-20250502\" data-fig-type=\"NewsFlash\" data-gtm-custom-categorie=\"navigation\" data-gtm-custom-action=\"crossclick\" data-gtm-custom-label=\"Contextuel\" data-gtm-event=\"customEventSPE\" data-fig-domain=\"SANTE\" target=\"_blank\" rel=\"noopener\">Beyfortus<\/a>\u00a0pour prot\u00e9ger les nourrissons, et des vaccins destin\u00e9s aux\u00a0<a href=\"http:\/\/www.lefigaro.fr\/sciences\/contre-la-bronchiolite-faut-il-vacciner-les-meres-ou-les-enfants-20240908\" data-fig-type=\"Article\" data-gtm-custom-categorie=\"navigation\" data-gtm-custom-action=\"crossclick\" data-gtm-custom-label=\"Contextuel\" data-gtm-event=\"customEventSPE\" data-fig-domain=\"LEFIGARO\" target=\"_blank\" rel=\"noopener\">femmes enceintes<\/a>\u00a0et aux patients \u00e0 risque\u00a0: de nouveaux traitements efficaces ont \u00e9merg\u00e9 ces derni\u00e8res ann\u00e9es pour lutter contre les risques li\u00e9s aux\u00a0<a href=\"http:\/\/sante.lefigaro.fr\/social\/sante-publique\/le-vaccin-contre-le-vrs-efficace-pendant-deux-ans-chez-les-personnes-agees-20250906\" data-fig-type=\"Article\" data-gtm-custom-categorie=\"navigation\" data-gtm-custom-action=\"crossclick\" data-gtm-custom-label=\"Contextuel\" data-gtm-event=\"customEventSPE\" data-fig-domain=\"SANTE\" target=\"_blank\" rel=\"noopener\">infections par le virus respiratoire syncytial (VRS)<\/a>, responsable de la\u00a0<a href=\"https:\/\/sante.lefigaro.fr\/sante\/bebe\/bronchiolite\/traitement-cas-durgence\" target=\"_blank\" data-fig-type=\"Keyword\" rel=\"sponsored noopener\" data-gtm-custom-categorie=\"navigation\" data-gtm-custom-action=\"crossclick\" data-gtm-custom-label=\"Contextuel\" data-gtm-event=\"customEventSPE\" data-fig-domain=\"SANTE\">bronchiolite<\/a>\u00a0chez les b\u00e9b\u00e9s et d\u2019infections respiratoires parfois graves chez les seniors Leur s\u00e9curit\u00e9 vient d\u2019\u00eatre confirm\u00e9e par deux enqu\u00eates men\u00e9es pour surveiller leurs effets ind\u00e9sirables, a indiqu\u00e9 jeudi l&rsquo;agence nationale du m\u00e9dicament (ANSM).<\/p>\n<p class=\"fig-paragraph\">Deux types de traitements pr\u00e9ventifs contre le VRS sont disponibles en France. D\u2019une part, des vaccins indiqu\u00e9s uniquement chez l&rsquo;adulte (Abrysvo notamment chez la femme enceinte pour immuniser le b\u00e9b\u00e9 \u00e0 na\u00eetre, Arexvy et mResvia chez les adultes \u00e2g\u00e9s \u00e0 risque). D\u2019autre part, un anticorps monoclonal de Sanofi cod\u00e9velopp\u00e9 avec le britannique AstraZeneca, le Beyfortus, destin\u00e9s aux nourrissons.<\/p>\n<p>                                                                <a class=\"fig-a11y-skip\" href=\"#fig-a11y-skip-main-inarticle\" data-module=\"a11y-skip\" data-context=\"was @visible\"><br \/>\n    Passer la publicit\u00e9<br \/>\n<\/a>            <\/p>\n<p>                                                                Erreurs d\u2019administration<\/p>\n<p class=\"fig-paragraph\">\u00ab\u00a0Les rapports de ces deux enqu\u00eates portant sur l&rsquo;ann\u00e9e 2024 permettent de confirmer la s\u00e9curit\u00e9 de ces traitements pr\u00e9ventifs\u00a0\u00bb, souligne l&rsquo;autorit\u00e9 sanitaire dans un communiqu\u00e9. En revanche, \u00ab\u00a0ils mettent en avant un probl\u00e8me d&rsquo;erreurs m\u00e9dicamenteuses, notamment entre les vaccins (Abrysvo\/Arexvy) r\u00e9serv\u00e9s aux adultes et l&rsquo;anticorps monoclonal (Beyfortus) r\u00e9serv\u00e9 aux nourrissons de moins de 24 mois\u00a0\u00bb, ajoute l&rsquo;ANSM. Elle note ainsi l&rsquo;administration par erreur du vaccin Abrysvo (Pfizer) \u00e0 3 nourrissons, mais pr\u00e9cise qu\u2019\u00ab\u00a0aucun effet ind\u00e9sirable associ\u00e9\u00a0\u00bb \u00e0 cette confusion n&rsquo;a \u00e9t\u00e9 signal\u00e9, selon le communiqu\u00e9. Pour \u00e9viter ces erreurs d&rsquo;administration, l&rsquo;ANSM a mis au point une fiche d&rsquo;information \u00e0 destination des personnels de sant\u00e9.<\/p>\n<p class=\"fig-body-link\">\n            \u00c0 lire aussi<br \/>\n        <a class=\"fig-body-link__link fig-premium-mark\" href=\"http:\/\/sante.lefigaro.fr\/social\/sante-publique\/prevention-de-la-bronchiolite-chez-l-enfant-pourquoi-le-faible-remboursement-du-beyfortus-fait-polemique-20241116\" data-fig-type=\"Article\" data-gtm-custom-categorie=\"navigation\" data-gtm-custom-action=\"crossclick\" data-gtm-custom-label=\"Contextuel\" data-gtm-event=\"customEventSPE\" data-fig-domain=\"SANTE\" target=\"_blank\" rel=\"noopener\"><\/p>\n<p>        280 euros de reste \u00e0 charge\u00a0: pourquoi le Beyfortus, \u00abvaccin\u00bb contre la bronchiolite, est-il si mal rembours\u00e9\u00a0?<br \/>\n    <\/a>\n<\/p>\n<p class=\"fig-paragraph\">L\u2019enjeu est d\u2019importance\u00a0: chaque ann\u00e9e, au moment de l&rsquo;automne et de l&rsquo;hiver, la bronchiolite frappe de nombreux b\u00e9b\u00e9s en France, le plus souvent \u00e0 la suite d&rsquo;une infection au VRS, un virus tr\u00e8s contagieux. Il peut aussi menacer des personnes \u00e2g\u00e9es et causer des complications parfois mortelles.<\/p>\n<p class=\"fig-paragraph\">L&rsquo;agence europ\u00e9enne du m\u00e9dicament (EMA) a par ailleurs recommand\u00e9 en septembre la mise sur le march\u00e9 d&rsquo;un autre traitement d\u00e9velopp\u00e9 par le laboratoire am\u00e9ricain MSD, Enflonsia (clesrovimab, un autre anticorps monoclonal) contre le VRS chez les nouveau-n\u00e9s et les nourrissons.<\/p>\n","protected":false},"excerpt":{"rendered":"Par Le Figaro avec AFP Le 27 novembre 2025 \u00e0 11h22 Chaque ann\u00e9e, au moment de l\u2019automne et&hellip;\n","protected":false},"author":2,"featured_media":563630,"comment_status":"","ping_status":"","sticky":false,"template":"","format":"standard","meta":{"footnotes":""},"categories":[10],"tags":[1011,27,72,60743,71,773],"class_list":{"0":"post-563629","1":"post","2":"type-post","3":"status-publish","4":"format-standard","5":"has-post-thumbnail","7":"category-sante","8":"tag-fr","9":"tag-france","10":"tag-health","11":"tag-la-bronchiolite","12":"tag-sante","13":"tag-vaccin"},"share_on_mastodon":{"url":"https:\/\/pubeurope.com\/@fr\/115625192551431753","error":""},"_links":{"self":[{"href":"https:\/\/www.europesays.com\/fr\/wp-json\/wp\/v2\/posts\/563629","targetHints":{"allow":["GET"]}}],"collection":[{"href":"https:\/\/www.europesays.com\/fr\/wp-json\/wp\/v2\/posts"}],"about":[{"href":"https:\/\/www.europesays.com\/fr\/wp-json\/wp\/v2\/types\/post"}],"author":[{"embeddable":true,"href":"https:\/\/www.europesays.com\/fr\/wp-json\/wp\/v2\/users\/2"}],"replies":[{"embeddable":true,"href":"https:\/\/www.europesays.com\/fr\/wp-json\/wp\/v2\/comments?post=563629"}],"version-history":[{"count":0,"href":"https:\/\/www.europesays.com\/fr\/wp-json\/wp\/v2\/posts\/563629\/revisions"}],"wp:featuredmedia":[{"embeddable":true,"href":"https:\/\/www.europesays.com\/fr\/wp-json\/wp\/v2\/media\/563630"}],"wp:attachment":[{"href":"https:\/\/www.europesays.com\/fr\/wp-json\/wp\/v2\/media?parent=563629"}],"wp:term":[{"taxonomy":"category","embeddable":true,"href":"https:\/\/www.europesays.com\/fr\/wp-json\/wp\/v2\/categories?post=563629"},{"taxonomy":"post_tag","embeddable":true,"href":"https:\/\/www.europesays.com\/fr\/wp-json\/wp\/v2\/tags?post=563629"}],"curies":[{"name":"wp","href":"https:\/\/api.w.org\/{rel}","templated":true}]}}