{"id":563637,"date":"2025-11-28T03:29:12","date_gmt":"2025-11-28T03:29:12","guid":{"rendered":"https:\/\/www.europesays.com\/fr\/563637\/"},"modified":"2025-11-28T03:29:12","modified_gmt":"2025-11-28T03:29:12","slug":"le-maillon-faible-dopenai-vient-de-craquer-et-les-donnees-des-utilisateurs-ont-fuite","status":"publish","type":"post","link":"https:\/\/www.europesays.com\/fr\/563637\/","title":{"rendered":"Le maillon faible d&rsquo;OpenAI vient de craquer et les donn\u00e9es des utilisateurs ont fuit\u00e9"},"content":{"rendered":"<p class=\"sc-9e1vpx-0 jVoltE\">OpenAI fait face \u00e0 une fuite de donn\u00e9es par ricochet. Le 9 novembre, Mixpanel, prestataire d&rsquo;analyse web utilis\u00e9 pour l&rsquo;API d&rsquo;OpenAI, a subi une cyberattaque. Un hacker a exfiltr\u00e9 des informations personnelles d&rsquo;utilisateurs de platform.openai.com. L&rsquo;entreprise d&rsquo;intelligence artificielle, qui n&rsquo;a d\u00e9couvert la r\u00e9elle ampleur du probl\u00e8me que le 25 novembre, assure aujourd&rsquo;hui que ses propres syst\u00e8mes n&rsquo;ont pas \u00e9t\u00e9 compromis et met imm\u00e9diatement fin \u00e0 son partenariat avec Mixpanel. OpenAI est revenu, de A \u00e0 Z et en toute transparence, sur l&rsquo;incident.<\/p>\n","protected":false},"excerpt":{"rendered":"OpenAI fait face \u00e0 une fuite de donn\u00e9es par ricochet. Le 9 novembre, Mixpanel, prestataire d&rsquo;analyse web utilis\u00e9&hellip;\n","protected":false},"author":2,"featured_media":563638,"comment_status":"","ping_status":"","sticky":false,"template":"","format":"standard","meta":{"footnotes":""},"categories":[6],"tags":[35,33,34,1011,27],"class_list":{"0":"post-563637","1":"post","2":"type-post","3":"status-publish","4":"format-standard","5":"has-post-thumbnail","7":"category-economie","8":"tag-business","9":"tag-economie","10":"tag-economy","11":"tag-fr","12":"tag-france"},"share_on_mastodon":{"url":"","error":""},"_links":{"self":[{"href":"https:\/\/www.europesays.com\/fr\/wp-json\/wp\/v2\/posts\/563637","targetHints":{"allow":["GET"]}}],"collection":[{"href":"https:\/\/www.europesays.com\/fr\/wp-json\/wp\/v2\/posts"}],"about":[{"href":"https:\/\/www.europesays.com\/fr\/wp-json\/wp\/v2\/types\/post"}],"author":[{"embeddable":true,"href":"https:\/\/www.europesays.com\/fr\/wp-json\/wp\/v2\/users\/2"}],"replies":[{"embeddable":true,"href":"https:\/\/www.europesays.com\/fr\/wp-json\/wp\/v2\/comments?post=563637"}],"version-history":[{"count":0,"href":"https:\/\/www.europesays.com\/fr\/wp-json\/wp\/v2\/posts\/563637\/revisions"}],"wp:featuredmedia":[{"embeddable":true,"href":"https:\/\/www.europesays.com\/fr\/wp-json\/wp\/v2\/media\/563638"}],"wp:attachment":[{"href":"https:\/\/www.europesays.com\/fr\/wp-json\/wp\/v2\/media?parent=563637"}],"wp:term":[{"taxonomy":"category","embeddable":true,"href":"https:\/\/www.europesays.com\/fr\/wp-json\/wp\/v2\/categories?post=563637"},{"taxonomy":"post_tag","embeddable":true,"href":"https:\/\/www.europesays.com\/fr\/wp-json\/wp\/v2\/tags?post=563637"}],"curies":[{"name":"wp","href":"https:\/\/api.w.org\/{rel}","templated":true}]}}