{"id":563639,"date":"2025-11-28T03:30:19","date_gmt":"2025-11-28T03:30:19","guid":{"rendered":"https:\/\/www.europesays.com\/fr\/563639\/"},"modified":"2025-11-28T03:30:19","modified_gmt":"2025-11-28T03:30:19","slug":"le-cosmodrome-russe-de-baikonour-a-ete-endommage-apres-le-decollage-dun-equipage-russo-americain","status":"publish","type":"post","link":"https:\/\/www.europesays.com\/fr\/563639\/","title":{"rendered":"Le cosmodrome russe de Ba\u00efkonour a \u00e9t\u00e9 endommag\u00e9 apr\u00e8s le d\u00e9collage d&rsquo;un \u00e9quipage russo-am\u00e9ricain"},"content":{"rendered":"\n<p class=\"c-chapo \">\n  \u00ab\u00a0Nous avons relev\u00e9 des dommages sur plusieurs \u00e9l\u00e9ments\u00a0\u00bb du pas de tir, a \u00e9crit l&rsquo;agence spatiale russe Roscosmos, sur les r\u00e9seaux sociaux.\n<\/p>\n<p>      lire plus tard<\/p>\n<p id=\"dialog__title\" class=\"dialog__title\">Pour sauvegarder cet article, connectez-vous ou cr\u00e9ez un compte franceinfo<\/p>\n<p class=\"dialog__description\">Sans paiement. Sans abonnement.<\/p>\n<p>        Fermer la fen\u00eatre d\u2019activation des notifications France Info<\/p>\n<p>      cr\u00e9er votre compte<\/p>\n<p>      se connecter<\/p>\n<p>        Fermer la fen\u00eatre de pr\u00e9sentation<\/p>\n<p>    <img loading=\"lazy\" decoding=\"async\" class=\"signature__image lazyload\" width=\"100\" height=\"100\" data- alt=\"\" src=\"https:\/\/www.europesays.com\/fr\/wp-content\/uploads\/2025\/05\/64a68815cd1a7_placeholder-36b69ec8.png\"\/><\/p>\n<p>    Publi\u00e9 le 28\/11\/2025 00:12<\/p>\n<p>        Temps de lecture : 1min<\/p>\n<p>    <img decoding=\"async\"  alt=\"La mission Soyouz MS-38, au cosmodrome de Ba\u00efkonour, au Kazakhstan, le 27 novembre 2025. (RUSSIAN SPACE AGENCY ROSCOSMOS \/ AFP)\" width=\"432\" height=\"243\" src=\"https:\/\/www.europesays.com\/fr\/wp-content\/uploads\/2025\/11\/000-86c74zq-6928da0063767826125205.jpg\" fetchpriority=\"high\"\/><\/p>\n<p>      La mission Soyouz MS-38, au cosmodrome de Ba\u00efkonour, au Kazakhstan, le 27 novembre 2025. (RUSSIAN SPACE AGENCY ROSCOSMOS \/ AFP)<\/p>\n<p>Le <a href=\"https:\/\/www.franceinfo.fr\/sciences\/espace\/comment-le-secteur-spatial-russe-se-porte-t-il-avant-l-envoi-d-un-vaisseau-soyouz-vers-l-iss_6440458.html\" target=\"_blank\" rel=\"noopener\">pas de tir du cosmodrome russe de Ba\u00efkonour<\/a>, au Kazakhstan, a subi des dommages, jeudi 27 novembre, lors du d\u00e9collage d&rsquo;une fus\u00e9e Soyouz emportant un \u00e9quipage russo-am\u00e9ricain vers la Station spatiale internationale, a d\u00e9clar\u00e9 l&rsquo;agence spatiale russe Roscosmos.<\/p>\n<p>\u00ab\u00a0Nous avons relev\u00e9 des dommages sur plusieurs \u00e9l\u00e9ments\u00a0\u00bb du pas de tir, a \u00e9crit Roscosmos sur les r\u00e9seaux sociaux, apr\u00e8s l&rsquo;inspection de ces installations qui sont les seules \u00e0 permettre \u00e0 la Russie de faire d\u00e9coller des vols habit\u00e9s. L&rsquo;agence spatiale a cependant assur\u00e9 que \u00ab\u00a0tous les mat\u00e9riels de r\u00e9serve sont disponibles pour la r\u00e9paration\u00a0\u00bb, et que le pas de tir serait remis en \u00e9tat \u00ab\u00a0dans les plus brefs d\u00e9lais\u00a0\u00bb.<\/p>\n<p>Des blogs russes sp\u00e9cialis\u00e9s ont de leur c\u00f4t\u00e9 affirm\u00e9 que la Russie ne serait durablement pas en mesure d&rsquo;assurer le lancement de vols habit\u00e9s, estimant que les dommages subis par les installations lors du d\u00e9collage de jeudi \u00e9taient importants. La mission Soyouz MS-38, emportant les cosmonautes russes Sergue\u00ef Koud-Svertchkov et Sergue\u00ef Mika\u00efev ainsi que l&rsquo;astronaute am\u00e9ricain Chris Williams, a d\u00e9coll\u00e9 de Ba\u00efkonour jeudi matin. Le vaisseau s&rsquo;est par la suite arrim\u00e9 \u00e0 la Station spatiale internationale (ISS) sans dommage, selon Roscosmos.<\/p>\n","protected":false},"excerpt":{"rendered":"\u00ab\u00a0Nous avons relev\u00e9 des dommages sur plusieurs \u00e9l\u00e9ments\u00a0\u00bb du pas de tir, a \u00e9crit l&rsquo;agence spatiale russe Roscosmos,&hellip;\n","protected":false},"author":2,"featured_media":563640,"comment_status":"","ping_status":"","sticky":false,"template":"","format":"standard","meta":{"footnotes":""},"categories":[5],"tags":[11,1011,27,14,12,28],"class_list":{"0":"post-563639","1":"post","2":"type-post","3":"status-publish","4":"format-standard","5":"has-post-thumbnail","7":"category-international","8":"tag-actualites","9":"tag-fr","10":"tag-france","11":"tag-international","12":"tag-news","13":"tag-world"},"share_on_mastodon":{"url":"https:\/\/pubeurope.com\/@fr\/115625212937124689","error":""},"_links":{"self":[{"href":"https:\/\/www.europesays.com\/fr\/wp-json\/wp\/v2\/posts\/563639","targetHints":{"allow":["GET"]}}],"collection":[{"href":"https:\/\/www.europesays.com\/fr\/wp-json\/wp\/v2\/posts"}],"about":[{"href":"https:\/\/www.europesays.com\/fr\/wp-json\/wp\/v2\/types\/post"}],"author":[{"embeddable":true,"href":"https:\/\/www.europesays.com\/fr\/wp-json\/wp\/v2\/users\/2"}],"replies":[{"embeddable":true,"href":"https:\/\/www.europesays.com\/fr\/wp-json\/wp\/v2\/comments?post=563639"}],"version-history":[{"count":0,"href":"https:\/\/www.europesays.com\/fr\/wp-json\/wp\/v2\/posts\/563639\/revisions"}],"wp:featuredmedia":[{"embeddable":true,"href":"https:\/\/www.europesays.com\/fr\/wp-json\/wp\/v2\/media\/563640"}],"wp:attachment":[{"href":"https:\/\/www.europesays.com\/fr\/wp-json\/wp\/v2\/media?parent=563639"}],"wp:term":[{"taxonomy":"category","embeddable":true,"href":"https:\/\/www.europesays.com\/fr\/wp-json\/wp\/v2\/categories?post=563639"},{"taxonomy":"post_tag","embeddable":true,"href":"https:\/\/www.europesays.com\/fr\/wp-json\/wp\/v2\/tags?post=563639"}],"curies":[{"name":"wp","href":"https:\/\/api.w.org\/{rel}","templated":true}]}}