{"id":563643,"date":"2025-11-28T03:32:20","date_gmt":"2025-11-28T03:32:20","guid":{"rendered":"https:\/\/www.europesays.com\/fr\/563643\/"},"modified":"2025-11-28T03:32:20","modified_gmt":"2025-11-28T03:32:20","slug":"une-bagarre-entre-quartiers-rivaux-eclate-aux-assises-a-evry-une-centaine-de-policiers-appeles-en-renfort","status":"publish","type":"post","link":"https:\/\/www.europesays.com\/fr\/563643\/","title":{"rendered":"Une bagarre entre quartiers rivaux \u00e9clate aux assises \u00e0 \u00c9vry, une centaine de policiers appel\u00e9s en renfort"},"content":{"rendered":"<p class=\"paragraph text_align_left lp-f-body-02\">Cinquante minutes. C\u2019est le temps qu\u2019il a fallu ce jeudi \u00e0 l\u2019unique accus\u00e9 de ce dossier, jug\u00e9 depuis mardi devant la cour d\u2019assises de l\u2019Essonne, \u00e0 \u00c9vry-Courcouronnes, pour s\u2019expliquer sur la mort d\u2019<a href=\"https:\/\/www.leparisien.fr\/essonne-91\/arthur-19-ans-lynche-humilie-et-filme-a-sainte-genevieve-des-bois-son-meurtrier-presume-devant-les-assises-25-11-2025-ZEO6BMLHJBDXBADDHJOERTKL7Y.php\" target=\"_self\" rel=\"noopener\">Arthur, 19 ans, lynch\u00e9 \u00e0 Sainte-Genevi\u00e8ve-des-Bois dans la nuit du 15 au 16 juillet 2021.<\/a> Cinquante minutes qui ont suffi \u00e0 faire exploser plusieurs membres du public, en d\u00e9but d\u2019apr\u00e8s-midi, et \u00e0 d\u00e9clencher une bagarre en plein tribunal.<\/p>\n<p class=\"paragraph text_align_left lp-f-body-02\">La sc\u00e8ne s\u2019est d\u00e9roul\u00e9e dans la salle des pas perdus, o\u00f9 plusieurs dizaines de personnes en sont venues aux mains, le tout accompagn\u00e9 de plusieurs insultes fleuries, comme \u00ab fils de p\u2026 \u00bb. Ce qui a provoqu\u00e9 l\u2019intervention du service de s\u00e9curit\u00e9 et des effectifs de police.<\/p>\n","protected":false},"excerpt":{"rendered":"Cinquante minutes. C\u2019est le temps qu\u2019il a fallu ce jeudi \u00e0 l\u2019unique accus\u00e9 de ce dossier, jug\u00e9 depuis&hellip;\n","protected":false},"author":2,"featured_media":563644,"comment_status":"","ping_status":"","sticky":false,"template":"","format":"standard","meta":{"footnotes":""},"categories":[2],"tags":[11,1936,118,1011,27,1944,12],"class_list":{"0":"post-563643","1":"post","2":"type-post","3":"status-publish","4":"format-standard","5":"has-post-thumbnail","7":"category-actualites","8":"tag-actualites","9":"tag-essonne","10":"tag-faits-divers","11":"tag-fr","12":"tag-france","13":"tag-ma-ville","14":"tag-news"},"share_on_mastodon":{"url":"https:\/\/pubeurope.com\/@fr\/115625220018102471","error":""},"_links":{"self":[{"href":"https:\/\/www.europesays.com\/fr\/wp-json\/wp\/v2\/posts\/563643","targetHints":{"allow":["GET"]}}],"collection":[{"href":"https:\/\/www.europesays.com\/fr\/wp-json\/wp\/v2\/posts"}],"about":[{"href":"https:\/\/www.europesays.com\/fr\/wp-json\/wp\/v2\/types\/post"}],"author":[{"embeddable":true,"href":"https:\/\/www.europesays.com\/fr\/wp-json\/wp\/v2\/users\/2"}],"replies":[{"embeddable":true,"href":"https:\/\/www.europesays.com\/fr\/wp-json\/wp\/v2\/comments?post=563643"}],"version-history":[{"count":0,"href":"https:\/\/www.europesays.com\/fr\/wp-json\/wp\/v2\/posts\/563643\/revisions"}],"wp:featuredmedia":[{"embeddable":true,"href":"https:\/\/www.europesays.com\/fr\/wp-json\/wp\/v2\/media\/563644"}],"wp:attachment":[{"href":"https:\/\/www.europesays.com\/fr\/wp-json\/wp\/v2\/media?parent=563643"}],"wp:term":[{"taxonomy":"category","embeddable":true,"href":"https:\/\/www.europesays.com\/fr\/wp-json\/wp\/v2\/categories?post=563643"},{"taxonomy":"post_tag","embeddable":true,"href":"https:\/\/www.europesays.com\/fr\/wp-json\/wp\/v2\/tags?post=563643"}],"curies":[{"name":"wp","href":"https:\/\/api.w.org\/{rel}","templated":true}]}}