{"id":563650,"date":"2025-11-28T03:38:12","date_gmt":"2025-11-28T03:38:12","guid":{"rendered":"https:\/\/www.europesays.com\/fr\/563650\/"},"modified":"2025-11-28T03:38:12","modified_gmt":"2025-11-28T03:38:12","slug":"des-desordres-sur-un-reseau-souterrain-suscitent-linquietude-et-forcent-linspection-des-habitations-a-la-seyne","status":"publish","type":"post","link":"https:\/\/www.europesays.com\/fr\/563650\/","title":{"rendered":"des \u00ab\u00a0d\u00e9sordres\u00a0\u00bb sur un r\u00e9seau souterrain suscitent l\u2019inqui\u00e9tude et forcent l\u2019inspection des habitations \u00e0 La Seyne"},"content":{"rendered":"<p class=\"fs-5 \">Le sujet est pris tr\u00e8s au s\u00e9rieux. Des d\u00e9gradations rep\u00e9r\u00e9es dans la tranch\u00e9e souterraine qui permet l\u2019\u00e9vacuation des eaux pluviales, entre le boulevard Jean-Jaur\u00e8s et l\u2019avenue Mistral, conduisent la collectivit\u00e9 \u00e0 engager une inspection d\u2019urgence de certaines habitations situ\u00e9es sur le parcours de ce vallat. Et ce, \u00ab par mesure de pr\u00e9caution \u00bb, indique le maire de La Seyne, car des risques d\u2019affaissements ne sont pas \u00e0 exclure ici ou l\u00e0.<\/p>\n<p class=\"fs-5 \">Une telle situation, rappelle Jo Minniti, s\u2019est produite r\u00e9cemment \u00e0 Six-Fours, o\u00f9 \u00ab une portion de chauss\u00e9e s\u2019est effondr\u00e9e dans le centre-ville. Les services de la M\u00e9tropole se sont aper\u00e7us que cela s\u2019\u00e9tait produit au-dessus d\u2019un vallat, \u00e0 l\u2019origine de cet effondrement. En cons\u00e9quence, les services de la ville de La Seyne et de la M\u00e9tropole TPM ont d\u00e9cid\u00e9 de faire un contr\u00f4le des sites pouvant \u00eatre expos\u00e9s \u00e0 ce ph\u00e9nom\u00e8ne. Ils ont alors examin\u00e9 le \u201cGros Vallat\u201d, le r\u00e9seau essentiel de La Seyne, qui passe entre Jaur\u00e8s et Mistral. Il s\u2019agit d\u2019un ouvrage enterr\u00e9 de 730 m de long, qui mesure entre 1 m et 3 m de haut sur 2 m \u00e0 4 m de large. En fait, c\u2019est un ancien cours d\u2019eau sur lequel, \u00e0 partir des ann\u00e9es 1910-1920, on a construit des maisons \u00bb.<\/p>\n<p>                                                                                \u00ab Parer \u00e0 toute \u00e9ventualit\u00e9 \u00bb<\/p>\n<p class=\"fs-5 \">Lors de cette inspection souterraine, les services ont relev\u00e9, \u00e0 l\u2019int\u00e9rieur du pluvial, \u00ab des fissures, des endroits o\u00f9 le b\u00e9ton est d\u00e9grad\u00e9, o\u00f9 les fers sont apparents et des poutrelles m\u00e9talliques corrod\u00e9es \u00bb. Et ce, sur une quinzaine de points situ\u00e9s tout au long du lin\u00e9aire. Pour autant, pr\u00e9cise Jo Minniti, \u00ab en surface, rien n\u2019est apparent, rien n\u2019a boug\u00e9, mais on se doit de parer \u00e0 toute \u00e9ventualit\u00e9. Il a donc \u00e9t\u00e9 d\u00e9cid\u00e9 de r\u00e9aliser une expertise compl\u00e9mentaire afin de pr\u00e9voir des travaux de confortement d\u2019urgence \u00bb.<\/p>\n<p class=\"fs-5 \">Depuis hier, les habitants concern\u00e9s sont destinataires d\u2019un courrier les informant de la situation et leur indiquant que des agents de la collectivit\u00e9 (accompagn\u00e9s d\u2019un policier municipal) vont se rendre chez eux pour r\u00e9aliser \u00ab une inspection visuelle, de l\u2019int\u00e9rieur comme de l\u2019ext\u00e9rieur \u00bb. Objectif : rep\u00e9rer d\u2019\u00e9ventuelles fissures ou autres signes d\u2019affaissement. Sont cibl\u00e9es en particulier cinq parcelles priv\u00e9es sur lesquelles se trouvent des immeubles, des garages ou des jardins, et sous lesquels le vallat zigzague.<\/p>\n<p>                                                                                Deux rues ferm\u00e9es<\/p>\n<p class=\"fs-5 \">Par mesure de pr\u00e9caution, la collectivit\u00e9 a \u00e9galement d\u00e9cid\u00e9 de fermer, \u00e0 compter de ce vendredi et jusqu\u2019\u00e0 nouvel ordre, deux rues \u00e0 la circulation et au stationnement : les rues Boisselin et Massenet, qui sont transverses au boulevard Jaur\u00e8s et \u00e0 l\u2019avenue Mistral. Motif : \u00e9viter les \u00ab risques de surcharge \u00bb sur ces endroits fragilis\u00e9s. Dans la m\u00eame logique, un arr\u00eat\u00e9 municipal va \u00eatre pris afin d\u2019interdire le stationnement sur sept places priv\u00e9es situ\u00e9es dans le m\u00eame secteur.<\/p>\n<p class=\"fs-5 \">\u00ab Selon les constatations qui vont \u00eatre effectu\u00e9es, pr\u00e9vient Jo Minniti, il faudra peut-\u00eatre mettre des habitants en s\u00e9curit\u00e9 car on ne veut prendre aucun risque. \u00bb Et sur la base des relev\u00e9s en cours, des entreprises vont \u00eatre mandat\u00e9es pour r\u00e9aliser des travaux de confortement d\u2019urgence. Il s\u2019agira d\u2019injecter du b\u00e9ton projet\u00e9 et d\u2019ajouter des poutres m\u00e9talliques l\u00e0 o\u00f9 les \u00ab d\u00e9sordres \u00bb souterrains ont \u00e9t\u00e9 identifi\u00e9s. \u00ab Cette s\u00e9curisation donnera le temps d\u2019engager des travaux plus cons\u00e9quents \u00e0 moyen et long terme \u00bb, est-il pr\u00e9cis\u00e9.<\/p>\n<p class=\"fs-5 \">Pour toute question, un mail d\u00e9di\u00e9 est cr\u00e9\u00e9 : contact-gros-vallat@la-seyne.fr \/ T\u00e9l\u00e9phone : 04.94.06.96.33.<\/p>\n","protected":false},"excerpt":{"rendered":"Le sujet est pris tr\u00e8s au s\u00e9rieux. Des d\u00e9gradations rep\u00e9r\u00e9es dans la tranch\u00e9e souterraine qui permet l\u2019\u00e9vacuation des&hellip;\n","protected":false},"author":2,"featured_media":563651,"comment_status":"","ping_status":"","sticky":false,"template":"","format":"standard","meta":{"footnotes":""},"categories":[9619],"tags":[1111,11,1777,674,1011,27,12,882,25,2310],"class_list":{"0":"post-563650","1":"post","2":"type-post","3":"status-publish","4":"format-standard","5":"has-post-thumbnail","7":"category-toulon","8":"tag-actu","9":"tag-actualites","10":"tag-eu","11":"tag-europe","12":"tag-fr","13":"tag-france","14":"tag-news","15":"tag-provence-alpes-cote-dazur","16":"tag-republique-francaise","17":"tag-toulon"},"share_on_mastodon":{"url":"https:\/\/pubeurope.com\/@fr\/115625243742946074","error":""},"_links":{"self":[{"href":"https:\/\/www.europesays.com\/fr\/wp-json\/wp\/v2\/posts\/563650","targetHints":{"allow":["GET"]}}],"collection":[{"href":"https:\/\/www.europesays.com\/fr\/wp-json\/wp\/v2\/posts"}],"about":[{"href":"https:\/\/www.europesays.com\/fr\/wp-json\/wp\/v2\/types\/post"}],"author":[{"embeddable":true,"href":"https:\/\/www.europesays.com\/fr\/wp-json\/wp\/v2\/users\/2"}],"replies":[{"embeddable":true,"href":"https:\/\/www.europesays.com\/fr\/wp-json\/wp\/v2\/comments?post=563650"}],"version-history":[{"count":0,"href":"https:\/\/www.europesays.com\/fr\/wp-json\/wp\/v2\/posts\/563650\/revisions"}],"wp:featuredmedia":[{"embeddable":true,"href":"https:\/\/www.europesays.com\/fr\/wp-json\/wp\/v2\/media\/563651"}],"wp:attachment":[{"href":"https:\/\/www.europesays.com\/fr\/wp-json\/wp\/v2\/media?parent=563650"}],"wp:term":[{"taxonomy":"category","embeddable":true,"href":"https:\/\/www.europesays.com\/fr\/wp-json\/wp\/v2\/categories?post=563650"},{"taxonomy":"post_tag","embeddable":true,"href":"https:\/\/www.europesays.com\/fr\/wp-json\/wp\/v2\/tags?post=563650"}],"curies":[{"name":"wp","href":"https:\/\/api.w.org\/{rel}","templated":true}]}}