{"id":563652,"date":"2025-11-28T03:39:11","date_gmt":"2025-11-28T03:39:11","guid":{"rendered":"https:\/\/www.europesays.com\/fr\/563652\/"},"modified":"2025-11-28T03:39:11","modified_gmt":"2025-11-28T03:39:11","slug":"un-membre-presume-de-la-dz-mafia-condamne-a-7-ans-de-prison-a-toulon","status":"publish","type":"post","link":"https:\/\/www.europesays.com\/fr\/563652\/","title":{"rendered":"Un membre pr\u00e9sum\u00e9 de la DZ Mafia condamn\u00e9 \u00e0 7 ans de prison \u00e0 Toulon"},"content":{"rendered":"<p class=\"fs-5 \">\u00ab Malheureusement, quand vous \u00eates dans ce milieu, c\u2019est des m\u00e9thodes, c\u2019est des risques\u2026 C\u2019est subir ou faire subir. \u00bb Le pr\u00e9venu qui s\u2019exprime d\u2019une voix pos\u00e9e \u00e0 la barre du tribunal correctionnel de Toulon fait partie des cent d\u00e9tenus r\u00e9put\u00e9s les plus dangereux de France. L\u2019homme \u00e2g\u00e9 de 29 ans a \u00e9t\u00e9 transf\u00e9r\u00e9 cet \u00e9t\u00e9 dans la nouvelle prison de haute s\u00e9curit\u00e9 de Vendin-le-Vieil (Pas-de-Calais).<\/p>\n<p class=\"fs-5 \">Soup\u00e7onn\u00e9 d\u2019\u00eatre impliqu\u00e9 dans plusieurs r\u00e8glements de comptes \u2013 \u00ab je reste pr\u00e9sum\u00e9 innocent \u00bb \u2013 ce membre probable de la DZ Mafia conteste cette affiliation mais reconna\u00eet avoir commandit\u00e9 depuis le centre p\u00e9nitentiaire d\u2019Aix-Luynes (Bouches-du-Rh\u00f4ne) <a href=\"https:\/\/www.nicematin.com\/faits-divers\/un-membre-de-la-dz-mafia-aurait-commandite-une-expedition-punitive-a-la-seyne-depuis-sa-cellule-de-prison-951068\" target=\"_blank\" rel=\"noopener\">une action violente, \u00e0 La Seyne-sur-Mer, le 28 janvier 2024<\/a>. Il a \u00e9t\u00e9 condamn\u00e9 ce mercredi soir \u00e0 7 ans d\u2019emprisonnement notamment pour \u00ab participation \u00e0 une association de malfaiteurs \u00bb.<\/p>\n<p class=\"fs-5 \">\u00ab J\u2019ai appris en d\u00e9tention qu\u2019un Toulonnais a vol\u00e9 des Lyonnais, j\u2018ai voulu m\u2019emparer de cette dette, j\u2019ai d\u00e9cid\u00e9 d\u2019envoyer une \u00e9quipe \u00bb, r\u00e9sume en substance Babayaga \u2013 l\u2019un de ses surnoms \u2013 sans s\u2019\u00e9tendre sur l\u2019identit\u00e9 du cr\u00e9ancier d\u00e9lest\u00e9 de plusieurs dizaines de kilos de r\u00e9sine de cannabis. Un habitant de La Seyne, Arnaud (son pr\u00e9nom a \u00e9t\u00e9 modifi\u00e9), a \u00e9t\u00e9 d\u00e9sign\u00e9 comme \u00e9tant le d\u00e9biteur.<\/p>\n<p class=\"fs-5 \">Selon ce Seynois \u00e2g\u00e9 de 25 ans, un trafiquant de drogue toulonnais (et non lyonnais) l\u2019a accus\u00e9 d\u2019avoir d\u00e9tourn\u00e9 trois valises marocaines sur les dix qui \u00e9taient stock\u00e9es chez un cousin. Il se trouve que ce narcotrafiquant (qui n\u2019a pas pu \u00eatre interrog\u00e9 \u00e0 la faveur d\u2019une cavale) a partag\u00e9 la cellule de Babayaga&#8230; \u00ab Peut-\u00eatre que cette histoire est vraie \u00bb, l\u00e2che le pr\u00e9venu sans confirmer cette version. \u00ab Vu que la somme \u00e9tait importante, j\u2019ai d\u00e9cid\u00e9 d\u2019agir en cons\u00e9quence, de mettre le plus de pression possible, d\u2019\u00eatre le plus effrayant possible. \u00bb<\/p>\n<p class=\"fs-5 \">Arnaud a d\u2019abord re\u00e7u des messages mena\u00e7ants. \u00ab Oh fr\u00e8re voil\u00e0, s\u2019il n\u2019y a pas les affaires qui sortent d\u2019ici quarante-huit heures, je fais tuer un membre de ta famille\u2026 \u00bb, \u00ab Tu as affaire \u00e0 la DZ Mafia, il vaut mieux que tu rendes les affaires que tu as vol\u00e9es. \u00bb Le portail de son domicile dans un quartier r\u00e9sidentiel de La Seyne a \u00e9galement \u00e9t\u00e9 la cible de tirs par arme \u00e0 feu.<\/p>\n<p>                                                                                Un recrutement via t\u00e9l\u00e9phone portable<\/p>\n<p class=\"fs-5 \">Ensuite, pour accro\u00eetre encore la pression sur le jeune homme, Babayaga a charg\u00e9 un cod\u00e9tenu de constituer une \u00e9quipe afin de lui adresser \u00ab le dernier avertissement \u00bb. Le recrutement du commando s\u2019est effectu\u00e9 via des applications de messagerie.<\/p>\n<p class=\"fs-5 \">\u00ab \u00c7a cherchait des jeunes pour cambrioler une maison \u00bb, minimise Mehdi, un trentenaire qui a fait le d\u00e9placement depuis N\u00eemes en train apr\u00e8s avoir r\u00e9pondu \u00e0 une petite annonce diffus\u00e9e sur Telegram.<\/p>\n<p class=\"fs-5 \">Trois autres recrues, dont deux mineurs, ont \u00e9galement accept\u00e9 la mission. \u00ab C\u2019\u00e9tait juste pour faire peur \u00bb, avoue Ryan, jusque-l\u00e0 sans ant\u00e9c\u00e9dent judiciaire. Les instructions donn\u00e9es par Babayaga via un groupe cr\u00e9\u00e9 sur le r\u00e9seau crypt\u00e9 Signal sont plus explicites : \u00ab Crosser tout le monde : maman, papa, handicap\u00e9s\u2026 S\u2019il y a des enfants on n\u2019y touche pas. \u00bb<\/p>\n<p class=\"fs-5 \">Il a fallu aussi d\u00e9nicher un chauffeur pour transporter l\u2019\u00e9quipe ainsi constitu\u00e9e jusqu\u2019\u00e0 La Seyne. \u00ab J\u2019ai besoin d\u2019un pilote pour menacer (&#8230;) Je te donne 4 000 euros, juste tu les montes \u00bb, a \u00e9crit le recruteur dans un message adress\u00e9 \u00e0 une connaissance via Snapchat. Lui non plus n\u2019avait pas encore 18 ans.<\/p>\n<p class=\"fs-5 \">\u00ab Je les connais pas, je ne peux pas deviner qu\u2019il y a des mineurs, je n\u2019ai pas fait d\u2019entretien d\u2019embauche \u00bb, r\u00e9agit le commanditaire tanc\u00e9 \u00e0 l\u2019audience par la procureure.<\/p>\n<p>                                                                                La complicit\u00e9 d\u2019une logisticienne<\/p>\n<p class=\"fs-5 \">L\u2019adolescent-chauffeur est all\u00e9 r\u00e9cup\u00e9rer la Citro\u00ebn C3 dans le XVe arrondissement de Marseille. Le v\u00e9hicule \u00e9tait sous-lou\u00e9 500 euros par semaine par l\u2019interm\u00e9diaire de M\u00e9dusa \u2013 un alias \u2013 pr\u00e9sent\u00e9e comme la compagne d\u2019un cadre de la DZ Mafia. \u00ab Elle n\u2019appartient \u00e0 aucun groupe criminel, ce qui l\u2019am\u00e8ne ici ce sont ses liens avec Yacine B. \u00bb, insiste son avocat, Me Mehdi Akroum.<\/p>\n<p class=\"fs-5 \">\u00ab J\u2019ai assum\u00e9 ma responsabilit\u00e9 dans des affaires beaucoup plus graves \u00bb, indique-t-elle en r\u00e9f\u00e9rence au r\u00f4le de logisticienne qu\u2019on lui attribue dans deux affaires criminelles pas encore jug\u00e9es. \u00ab Ce n\u2019est qu\u2019une fois en garde \u00e0 vue que j\u2019ai compris \u00e0 quoi ma voiture a servi \u00bb, jure M\u00e9dusa, 27 ans, qui compara\u00eet par visioconf\u00e9rence depuis la prison des Baumettes.<\/p>\n<p class=\"fs-5 \">Rendez-vous a \u00e9t\u00e9 donn\u00e9 en pleine nuit sur le parking de la gare de Sept\u00e8mes-les-Vallons au nord de la cit\u00e9 phoc\u00e9enne. Le commando, qui patientait dans une Twingo vol\u00e9e, est mont\u00e9 \u00e0 bord de la C3. Et la voiture a pris la direction de La Seyne via l\u2019autoroute A50. Arnaud et sa compagne n\u2019imaginaient alors pas ce qui les attendait. \u00ab On devait le secouer, tout casser \u00e0 l\u2019int\u00e9rieur et prendre tout ce qu\u2019on voulait \u00bb, selon l\u2019un des jeunes mis en cause.<\/p>\n","protected":false},"excerpt":{"rendered":"\u00ab Malheureusement, quand vous \u00eates dans ce milieu, c\u2019est des m\u00e9thodes, c\u2019est des risques\u2026 C\u2019est subir ou faire&hellip;\n","protected":false},"author":2,"featured_media":563653,"comment_status":"","ping_status":"","sticky":false,"template":"","format":"standard","meta":{"footnotes":""},"categories":[9619],"tags":[1111,11,1777,674,1011,27,12,882,25,2310],"class_list":{"0":"post-563652","1":"post","2":"type-post","3":"status-publish","4":"format-standard","5":"has-post-thumbnail","7":"category-toulon","8":"tag-actu","9":"tag-actualites","10":"tag-eu","11":"tag-europe","12":"tag-fr","13":"tag-france","14":"tag-news","15":"tag-provence-alpes-cote-dazur","16":"tag-republique-francaise","17":"tag-toulon"},"share_on_mastodon":{"url":"https:\/\/pubeurope.com\/@fr\/115625247680549356","error":""},"_links":{"self":[{"href":"https:\/\/www.europesays.com\/fr\/wp-json\/wp\/v2\/posts\/563652","targetHints":{"allow":["GET"]}}],"collection":[{"href":"https:\/\/www.europesays.com\/fr\/wp-json\/wp\/v2\/posts"}],"about":[{"href":"https:\/\/www.europesays.com\/fr\/wp-json\/wp\/v2\/types\/post"}],"author":[{"embeddable":true,"href":"https:\/\/www.europesays.com\/fr\/wp-json\/wp\/v2\/users\/2"}],"replies":[{"embeddable":true,"href":"https:\/\/www.europesays.com\/fr\/wp-json\/wp\/v2\/comments?post=563652"}],"version-history":[{"count":0,"href":"https:\/\/www.europesays.com\/fr\/wp-json\/wp\/v2\/posts\/563652\/revisions"}],"wp:featuredmedia":[{"embeddable":true,"href":"https:\/\/www.europesays.com\/fr\/wp-json\/wp\/v2\/media\/563653"}],"wp:attachment":[{"href":"https:\/\/www.europesays.com\/fr\/wp-json\/wp\/v2\/media?parent=563652"}],"wp:term":[{"taxonomy":"category","embeddable":true,"href":"https:\/\/www.europesays.com\/fr\/wp-json\/wp\/v2\/categories?post=563652"},{"taxonomy":"post_tag","embeddable":true,"href":"https:\/\/www.europesays.com\/fr\/wp-json\/wp\/v2\/tags?post=563652"}],"curies":[{"name":"wp","href":"https:\/\/api.w.org\/{rel}","templated":true}]}}