{"id":563657,"date":"2025-11-28T03:44:24","date_gmt":"2025-11-28T03:44:24","guid":{"rendered":"https:\/\/www.europesays.com\/fr\/563657\/"},"modified":"2025-11-28T03:44:24","modified_gmt":"2025-11-28T03:44:24","slug":"un-appel-a-temoins-lance-pour-retrouver-louanne-14-ans-disparue-dans-la-metropole-de-rouen","status":"publish","type":"post","link":"https:\/\/www.europesays.com\/fr\/563657\/","title":{"rendered":"Un appel \u00e0 t\u00e9moins lanc\u00e9 pour retrouver Louanne, 14 ans, disparue dans la m\u00e9tropole de Rouen"},"content":{"rendered":"<p>La police lance jeudi un appel \u00e0 t\u00e9moins apr\u00e8s la disparition de Louanne, 14 ans, \u00e0 Canteleu (Seine-Maritime). L&rsquo;adolescente a disparu depuis le 7 novembre apr\u00e8s avoir quitt\u00e9 le coll\u00e8ge de la commune, elle a \u00e9t\u00e9 aper\u00e7ue \u00e0 Rouen dans le courant de la semaine.<\/p>\n<p><strong>Un appel \u00e0 t\u00e9moins<\/strong> a \u00e9t\u00e9 lanc\u00e9 jeudi 27 novembre 2025 par la police pour retrouver Louanne Caufourier. L&rsquo;adolescente de 14 ans a disparu depuis le 7 novembre dernier apr\u00e8s \u00eatre sortie du coll\u00e8ge \u00e0 Canteleu. Elle a \u00e9t\u00e9 aper\u00e7ue dans le quartier Saint-Sever de Rouen cette semaine. Louane\u00a0mesure 1,60 m\u00e8tre, tr\u00e8s mince, cheveux ch\u00e2tains longs et lisses, yeux marron. Au moment de sa disparition, elle portait un surv\u00eatement noir.<\/p>\n<p>Si vous avez des informations, il faut appeler le commissariat de Rouen au 02 32 81 25 00.<\/p>\n","protected":false},"excerpt":{"rendered":"La police lance jeudi un appel \u00e0 t\u00e9moins apr\u00e8s la disparition de Louanne, 14 ans, \u00e0 Canteleu (Seine-Maritime).&hellip;\n","protected":false},"author":2,"featured_media":563658,"comment_status":"","ping_status":"","sticky":false,"template":"","format":"standard","meta":{"footnotes":""},"categories":[9587],"tags":[1111,11,1777,674,1011,27,12,5161,25,9590],"class_list":{"0":"post-563657","1":"post","2":"type-post","3":"status-publish","4":"format-standard","5":"has-post-thumbnail","7":"category-rouen","8":"tag-actu","9":"tag-actualites","10":"tag-eu","11":"tag-europe","12":"tag-fr","13":"tag-france","14":"tag-news","15":"tag-normandie","16":"tag-republique-francaise","17":"tag-rouen"},"share_on_mastodon":{"url":"https:\/\/pubeurope.com\/@fr\/115625267273395526","error":""},"_links":{"self":[{"href":"https:\/\/www.europesays.com\/fr\/wp-json\/wp\/v2\/posts\/563657","targetHints":{"allow":["GET"]}}],"collection":[{"href":"https:\/\/www.europesays.com\/fr\/wp-json\/wp\/v2\/posts"}],"about":[{"href":"https:\/\/www.europesays.com\/fr\/wp-json\/wp\/v2\/types\/post"}],"author":[{"embeddable":true,"href":"https:\/\/www.europesays.com\/fr\/wp-json\/wp\/v2\/users\/2"}],"replies":[{"embeddable":true,"href":"https:\/\/www.europesays.com\/fr\/wp-json\/wp\/v2\/comments?post=563657"}],"version-history":[{"count":0,"href":"https:\/\/www.europesays.com\/fr\/wp-json\/wp\/v2\/posts\/563657\/revisions"}],"wp:featuredmedia":[{"embeddable":true,"href":"https:\/\/www.europesays.com\/fr\/wp-json\/wp\/v2\/media\/563658"}],"wp:attachment":[{"href":"https:\/\/www.europesays.com\/fr\/wp-json\/wp\/v2\/media?parent=563657"}],"wp:term":[{"taxonomy":"category","embeddable":true,"href":"https:\/\/www.europesays.com\/fr\/wp-json\/wp\/v2\/categories?post=563657"},{"taxonomy":"post_tag","embeddable":true,"href":"https:\/\/www.europesays.com\/fr\/wp-json\/wp\/v2\/tags?post=563657"}],"curies":[{"name":"wp","href":"https:\/\/api.w.org\/{rel}","templated":true}]}}