{"id":563659,"date":"2025-11-28T03:45:16","date_gmt":"2025-11-28T03:45:16","guid":{"rendered":"https:\/\/www.europesays.com\/fr\/563659\/"},"modified":"2025-11-28T03:45:16","modified_gmt":"2025-11-28T03:45:16","slug":"le-festival-magic-bus-a-trouve-un-nouveau-toit","status":"publish","type":"post","link":"https:\/\/www.europesays.com\/fr\/563659\/","title":{"rendered":"Le festival Magic Bus a trouv\u00e9 un nouveau toit"},"content":{"rendered":"<p>Apr\u00e8s deux ann\u00e9es transitoires pass\u00e9es \u00e0 parcourir les salles grenobloises suite au d\u00e9part du site de l&rsquo;Esplanade, le festival Magic Bus revient sur un site unique pour sa 25\u00e8me \u00e9dition, les 29 et 30 mai 2026 au Palais des Sports de Grenoble avec une sc\u00e8ne int\u00e9rieure, sp\u00e9cialement configur\u00e9e pour accueillir le public dans les bonnes conditions, et une sc\u00e8ne ext\u00e9rieure, d\u00e9di\u00e9e aux derni\u00e8res d\u00e9couvertes locales.<\/p>\n","protected":false},"excerpt":{"rendered":"Apr\u00e8s deux ann\u00e9es transitoires pass\u00e9es \u00e0 parcourir les salles grenobloises suite au d\u00e9part du site de l&rsquo;Esplanade, le&hellip;\n","protected":false},"author":2,"featured_media":533757,"comment_status":"","ping_status":"","sticky":false,"template":"","format":"standard","meta":{"footnotes":""},"categories":[9566],"tags":[1111,11,2430,1777,674,1011,27,2731,12,25],"class_list":{"0":"post-563659","1":"post","2":"type-post","3":"status-publish","4":"format-standard","5":"has-post-thumbnail","7":"category-grenoble","8":"tag-actu","9":"tag-actualites","10":"tag-auvergne-rhone-alpes","11":"tag-eu","12":"tag-europe","13":"tag-fr","14":"tag-france","15":"tag-grenoble","16":"tag-news","17":"tag-republique-francaise"},"share_on_mastodon":{"url":"https:\/\/pubeurope.com\/@fr\/115625271238159129","error":""},"_links":{"self":[{"href":"https:\/\/www.europesays.com\/fr\/wp-json\/wp\/v2\/posts\/563659","targetHints":{"allow":["GET"]}}],"collection":[{"href":"https:\/\/www.europesays.com\/fr\/wp-json\/wp\/v2\/posts"}],"about":[{"href":"https:\/\/www.europesays.com\/fr\/wp-json\/wp\/v2\/types\/post"}],"author":[{"embeddable":true,"href":"https:\/\/www.europesays.com\/fr\/wp-json\/wp\/v2\/users\/2"}],"replies":[{"embeddable":true,"href":"https:\/\/www.europesays.com\/fr\/wp-json\/wp\/v2\/comments?post=563659"}],"version-history":[{"count":0,"href":"https:\/\/www.europesays.com\/fr\/wp-json\/wp\/v2\/posts\/563659\/revisions"}],"wp:featuredmedia":[{"embeddable":true,"href":"https:\/\/www.europesays.com\/fr\/wp-json\/wp\/v2\/media\/533757"}],"wp:attachment":[{"href":"https:\/\/www.europesays.com\/fr\/wp-json\/wp\/v2\/media?parent=563659"}],"wp:term":[{"taxonomy":"category","embeddable":true,"href":"https:\/\/www.europesays.com\/fr\/wp-json\/wp\/v2\/categories?post=563659"},{"taxonomy":"post_tag","embeddable":true,"href":"https:\/\/www.europesays.com\/fr\/wp-json\/wp\/v2\/tags?post=563659"}],"curies":[{"name":"wp","href":"https:\/\/api.w.org\/{rel}","templated":true}]}}