{"id":563664,"date":"2025-11-28T03:48:20","date_gmt":"2025-11-28T03:48:20","guid":{"rendered":"https:\/\/www.europesays.com\/fr\/563664\/"},"modified":"2025-11-28T03:48:20","modified_gmt":"2025-11-28T03:48:20","slug":"lanalyse-contre-pied-dhabib-beye-sur-la-forme-de-son-equipe","status":"publish","type":"post","link":"https:\/\/www.europesays.com\/fr\/563664\/","title":{"rendered":"l\u2019analyse contre-pied d\u2019Habib Beye sur la forme de son \u00e9quipe"},"content":{"rendered":"<p>Une 6e place en <a href=\"https:\/\/www.footmercato.net\/france\/ligue-1\/\" target=\"_blank\" rel=\"noopener\">Ligue 1<\/a>, trois victoires de rang, et <a href=\"https:\/\/www.footmercato.net\/a7062432513740013744-rennes-la-renaissance-inattendue-de-lequipe-dhabib-beye\" target=\"_blank\" rel=\"noopener\">un entra\u00eeneur soulag\u00e9<\/a>. Pourtant, <a href=\"https:\/\/www.footmercato.net\/entraineur\/habib-beye\" target=\"_blank\" rel=\"noopener\">Habib<\/a> Beye s\u2019est vu sur un si\u00e8ge \u00e9jectable \u00e0 <a href=\"https:\/\/www.footmercato.net\/club\/stade-rennais-fc\/\" target=\"_blank\" rel=\"noopener\">Rennes<\/a>. L\u2019entra\u00eeneur breton avait lui-m\u00eame reconnu avoir fr\u00f4l\u00e9 le licenciement apr\u00e8s la d\u00e9faite de son \u00e9quipe contre Nice fin octobre (1-2). Les hautes sph\u00e8res du club ont finalement fait le choix de lui faire confiance, ce qu\u2019il leur rend plut\u00f4t bien d\u00e9sormais. En conf\u00e9rence de presse, Beye a pourtant rejet\u00e9 l\u2019id\u00e9e de r\u00e9volution derri\u00e8re cette nouvelle dynamique enclench\u00e9e.<\/p>\n<p>            La suite apr\u00e8s cette publicit\u00e9<\/p>\n<p>\u00ab Pour moi, ce n\u2019est pas un rebond spectaculaire, a-t-il affirm\u00e9 ce mercredi. J\u2019\u00e9tais s\u00fbr que, par rapport \u00e0 ce que nous \u00e9tions capables de faire sur 45 minutes, et malheureusement pas sur 90 minutes, que cette \u00e9quipe monterait en qualit\u00e9 et serait plus constante dans la dur\u00e9e. On a renforc\u00e9 les id\u00e9es claires dans notre jeu, mais on n\u2019a pas fondamentalement chang\u00e9 l\u2019approche avec ce groupe, assure-t-il. Des choix qui fonctionnent aujourd\u2019hui ont \u00e9t\u00e9 faits aussi. Le groupe prend confiance \u00e0 travers les r\u00e9sultats. (\u2026) La dynamique est tr\u00e8s bonne, mais ce n\u2019est que trois matches. Cela para\u00eet \u00e9trange, et je crois que c\u2019est la premi\u00e8re fois comme entra\u00eeneur que j\u2019encha\u00eene trois victoires de suite \u00e0 Rennes, mais parler de rebond spectaculaire, \u00e7a signifierait aussi qu\u2019on s\u2019en contente. Je veux que l\u2019on reste froid et lucide. \u00bb<\/p>\n<p>\n    Pub. le 27\/11\/2025 18:20<br \/>\n            &#8211; MAJ le 27\/11\/2025 19:26\n    <\/p>\n","protected":false},"excerpt":{"rendered":"Une 6e place en Ligue 1, trois victoires de rang, et un entra\u00eeneur soulag\u00e9. Pourtant, Habib Beye s\u2019est&hellip;\n","protected":false},"author":2,"featured_media":563665,"comment_status":"","ping_status":"","sticky":false,"template":"","format":"standard","meta":{"footnotes":""},"categories":[2821],"tags":[1111,11,829,1777,674,1011,27,12,584,25],"class_list":{"0":"post-563664","1":"post","2":"type-post","3":"status-publish","4":"format-standard","5":"has-post-thumbnail","7":"category-rennes","8":"tag-actu","9":"tag-actualites","10":"tag-bretagne","11":"tag-eu","12":"tag-europe","13":"tag-fr","14":"tag-france","15":"tag-news","16":"tag-rennes","17":"tag-republique-francaise"},"share_on_mastodon":{"url":"https:\/\/pubeurope.com\/@fr\/115625283164094980","error":""},"_links":{"self":[{"href":"https:\/\/www.europesays.com\/fr\/wp-json\/wp\/v2\/posts\/563664","targetHints":{"allow":["GET"]}}],"collection":[{"href":"https:\/\/www.europesays.com\/fr\/wp-json\/wp\/v2\/posts"}],"about":[{"href":"https:\/\/www.europesays.com\/fr\/wp-json\/wp\/v2\/types\/post"}],"author":[{"embeddable":true,"href":"https:\/\/www.europesays.com\/fr\/wp-json\/wp\/v2\/users\/2"}],"replies":[{"embeddable":true,"href":"https:\/\/www.europesays.com\/fr\/wp-json\/wp\/v2\/comments?post=563664"}],"version-history":[{"count":0,"href":"https:\/\/www.europesays.com\/fr\/wp-json\/wp\/v2\/posts\/563664\/revisions"}],"wp:featuredmedia":[{"embeddable":true,"href":"https:\/\/www.europesays.com\/fr\/wp-json\/wp\/v2\/media\/563665"}],"wp:attachment":[{"href":"https:\/\/www.europesays.com\/fr\/wp-json\/wp\/v2\/media?parent=563664"}],"wp:term":[{"taxonomy":"category","embeddable":true,"href":"https:\/\/www.europesays.com\/fr\/wp-json\/wp\/v2\/categories?post=563664"},{"taxonomy":"post_tag","embeddable":true,"href":"https:\/\/www.europesays.com\/fr\/wp-json\/wp\/v2\/tags?post=563664"}],"curies":[{"name":"wp","href":"https:\/\/api.w.org\/{rel}","templated":true}]}}