{"id":563670,"date":"2025-11-28T03:52:13","date_gmt":"2025-11-28T03:52:13","guid":{"rendered":"https:\/\/www.europesays.com\/fr\/563670\/"},"modified":"2025-11-28T03:52:13","modified_gmt":"2025-11-28T03:52:13","slug":"dans-les-hlm-de-nice-est-christian-estrosi-charge-letat","status":"publish","type":"post","link":"https:\/\/www.europesays.com\/fr\/563670\/","title":{"rendered":"dans les HLM de Nice Est, Christian Estrosi charge l\u2019\u00c9tat"},"content":{"rendered":"<p class=\"fs-5 \">\u00ab Monsieur le maire, on n\u2019a pas de chauffage, on meurt de froid le soir. Il a fonctionn\u00e9 trois jours et il s\u2019est arr\u00eat\u00e9. \u00bb <\/p>\n<p class=\"fs-5 \">Un r\u00e9sident senior des immeubles Roquebilli\u00e8re, \u00e0 Nice Est, doudoune noire et cheveux grisonnants, interpelle Christian Estrosi. Le maire, candidat \u00e0 sa propre succession, a accompagn\u00e9 hier soir une op\u00e9ration de s\u00e9curisation men\u00e9e par la police municipale, aux c\u00f4t\u00e9s de la brigade Gaida, le groupement d\u2019agents de s\u00e9curisation cr\u00e9\u00e9 par les bailleurs sociaux.<\/p>\n<p class=\"fs-5 \">Les armes et les regards des policiers municipaux balayent les fa\u00e7ades tristounes des grands ensembles qui \u00e9mergent de l\u2019obscurit\u00e9.<\/p>\n<p class=\"fs-5 \">\u00ab Ne rasez pas trop les immeubles \u00bb, lance un policier municipal, redoutant qu\u2019un objet n\u2019en soit lanc\u00e9 sur les \u00e9lus. Aux fen\u00eatres, des habitants observent cette agitation.<\/p>\n<p class=\"fs-5 \">D\u2019autres s\u2019empressent de descendre pour interpeller le maire et son premier adjoint, Anthony Borr\u00e9, pr\u00e9sident de C\u00f4te d\u2019Azur Habitat.<\/p>\n<p class=\"fs-5 \">\u00ab On n\u2019a toujours pas de chauffage, j\u2019ai envoy\u00e9 des mails \u00e0 la mairie. \u00bb Anthony Borr\u00e9 rappelle que deux chaudi\u00e8res ont \u00e9t\u00e9 chang\u00e9es la veille au soir.<\/p>\n<p class=\"fs-5 \">\u00ab Et ce serait bien d\u2019aller faire un tour dans les garages, ce sont des squats de toxicomanes qui se piquent \u00bb, continue un couple, exc\u00e9d\u00e9.<\/p>\n<p class=\"fs-5 \">Le quartier vit dans la peur. Il a enregistr\u00e9 plusieurs morts d\u00e9j\u00e0. En ao\u00fbt 2024, un homme a \u00e9t\u00e9 cribl\u00e9 de balles. Treize tirs de 7,62. Une ex\u00e9cution.<\/p>\n<p class=\"fs-5 \">\u00c0 quelques dizaines de m\u00e8tres, en f\u00e9vrier 2025, un guetteur a \u00e9t\u00e9 abattu pour un contrat \u00e0 2.000 euros.<\/p>\n<p class=\"fs-5 \">De temps \u00e0 autre, des bandes, kalachnikov en mains, viennent terroriser les habitants. Parfois en plein jour.<\/p>\n<p class=\"fs-5 \">La mort, la salet\u00e9, l\u2019incivisme, le trafic de stup\u00e9fiants r\u00f4dent entre chaque barre d\u2019immeuble. Un contexte insoutenable g\u00e9n\u00e9r\u00e9 par une minorit\u00e9. La majorit\u00e9 des habitants d\u2019ici aspire \u00e0 vivre en paix.<\/p>\n<p>                                                                                \u00ab Une col\u00e8re sourde \u00bb<\/p>\n<p class=\"fs-5 \">Peu avant que le maire n\u2019arrive, la police municipale a lanc\u00e9 le top d\u00e9part de l\u2019op\u00e9ration de contr\u00f4le.<\/p>\n<p class=\"fs-5 \">Une l\u00e9g\u00e8re odeur de gaz lacrymo flotte dans l\u2019air, des policiers municipaux contr\u00f4lent des jeunes \u00e0 tour de bras et interpellent certains d\u2019entre eux.<\/p>\n<p class=\"fs-5 \">Christian Estrosi s\u2019engage dans un des immeubles qu\u2019il gravit \u00e0 pied. La cage d\u2019escalier est crasseuse, les montants des portes rouill\u00e9s, tordus.<\/p>\n<p class=\"fs-5 \">Au dernier \u00e9tage, sur un palier sale et hors d\u2019\u00e2ge, le maire improvise une conf\u00e9rence de presse. \u00ab BV 222 328 \u00bb, indique un tag sur une porte. Deux num\u00e9ros de la route de Turin qui constituent autant de points de deal.<\/p>\n<p class=\"fs-5 \">Le maire est accompagn\u00e9 de la patronne de la police municipale, de son premier adjoint et d\u2019Eric Zuber, directeur de Gaida.<\/p>\n<p class=\"fs-5 \">\u00ab Une op\u00e9ration comme celle de ce soir permet de mener des actions sur le narcotrafic, mais aussi sur des v\u00e9hicules vol\u00e9s et d\u2019autres trafics \u00bb, commente Christian Estrosi.<\/p>\n<p class=\"fs-5 \">Le maire affirme que les moyens qu\u2019il a mis en place \u00ab ont permis jusqu\u2019\u00e0 pr\u00e9sent de barrer l\u2019entr\u00e9e de ce qui se passe \u00e0 Marseille. Pour l\u2019instant, la DZ mafia n\u2019a pas franchi les portes de la ville. Nous sommes une des rares grandes villes de France \u00e0 avoir r\u00e9ussi jusqu\u2019\u00e0 ce jour \u00bb.<\/p>\n<p class=\"fs-5 \">Encore plus politique, \u00e9voquant une \u00ab col\u00e8re sourde \u00bb, il attaque l\u2019\u00c9tat. \u00ab Avez-vous d\u00e9j\u00e0 vu la police nationale prot\u00e9ger, renforcer la brigade Gaida et notre police municipale ? Nous sommes seuls ! \u00bb, lance-t-il.<\/p>\n<p class=\"fs-5 \">\u00ab Qui agit aujourd\u2019hui alors que c\u2019est une comp\u00e9tence r\u00e9galienne qui ne rel\u00e8ve que de l\u2019\u00c9tat ? \u00bb<\/p>\n<p class=\"fs-5 \">Christian Estrosi appuie : \u00ab Je r\u00e9clame que l\u2019\u00c9tat prenne la mesure de ce qui se passe, \u00e0 la lumi\u00e8re des r\u00e8glements de compte r\u00e9cents aux Moulins. L\u2019\u00c9tat devrait ramener la paix civile dans des territoires que je ne veux pas laisser comme des territoires perdus de la R\u00e9publique \u00bb.<\/p>\n<p class=\"fs-5 \">L\u2019\u00e9dile en profite alors pour faire une annonce coup-de-poing : \u00ab Ce soir, que je cr\u00e9e imm\u00e9diatement une brigade municipale anti-stups. Plusieurs dizaines d\u2019agents de notre police municipale seront mis \u00e0 la disposition du procureur de la R\u00e9publique pour aller harceler les dealers. Cette brigade sera mobilis\u00e9e \u00e0 sa demande \u00bb.<\/p>\n<p class=\"fs-5 \">Il en profite pour rendre un hommage appuy\u00e9 au procureur de la R\u00e9publique \u00ab qui m\u00e8ne des enqu\u00eates tr\u00e8s minutieuses \u00bb, et affirme : \u00ab Si l\u2019\u00c9tat faisait son boulot, il mettrait des hommes de la force Sentinelle ici. \u00bb<\/p>\n<p class=\"fs-5 \">Quid de l\u2019am\u00e9nagement urbain ? Interrog\u00e9, le maire rappelle les 600 millions d\u2019euros investis dans la r\u00e9novation des quartiers, en s\u2019appuyant sur l\u2019arriv\u00e9e du tramway.<\/p>\n<p class=\"fs-5 \">Et cite les exemples des Moulins et des Liserons, o\u00f9 les destructions ont commenc\u00e9.<\/p>\n<p>                                                                                \u00ab Refaire 40 % des r\u00e9sidences d\u00e9partementales sur dix ans \u00bb<\/p>\n<p class=\"fs-5 \">Anthony Borr\u00e9, premier adjoint et pr\u00e9sident de C\u00f4te d\u2019Azur Habitat rappelle que 330 millions d\u2019euros ont \u00e9t\u00e9 investis par l\u2019organisme HLM \u00ab pour refaire 40 % des r\u00e9sidences d\u00e9partementales sur dix ans, alors m\u00eame que les gouvernements de ces derni\u00e8res ann\u00e9es ont supprim\u00e9 six millions d\u2019euros par an destin\u00e9s aux bailleurs sociaux \u00bb.<\/p>\n<p class=\"fs-5 \">Un commissariat de quartier aux immeubles Roquebilli\u00e8re ? Interrog\u00e9, Christian Estrosi rappelle que c\u2019est la mission de l\u2019\u00c9tat.<\/p>\n<p class=\"fs-5 \">\u00ab Un poste ici, cela ne peut relever que d\u2019un commissariat de police nationale. Si la police nationale me dit \u00eatre pr\u00eate \u00e0 mettre les forces n\u00e9cessaires dans un commissariat, la Ville serait pr\u00eate \u00e0 financer. \u00bb<\/p>\n<p class=\"fs-5 \">D\u2019embl\u00e9e, il dit en douter : \u00ab Il manque 255 policiers nationaux rien que pour la ville de Nice. \u00bb Mais le maire temp\u00e8re ce tableau.<\/p>\n<p class=\"fs-5 \">\u00ab Quand je m\u2019ausculte, je m\u2019inqui\u00e8te. Quand je compare l\u2019\u00e9tat de la ville de Nice \u00e0 l\u2019\u00e9tat de la ville de Marseille, de Nantes, de Strasbourg cela veut dire que nos initiatives portent leurs fruits. \u00bb<\/p>\n","protected":false},"excerpt":{"rendered":"\u00ab Monsieur le maire, on n\u2019a pas de chauffage, on meurt de froid le soir. Il a fonctionn\u00e9&hellip;\n","protected":false},"author":2,"featured_media":563671,"comment_status":"","ping_status":"","sticky":false,"template":"","format":"standard","meta":{"footnotes":""},"categories":[2819],"tags":[1111,11,1777,674,1011,27,12,2401,882,25],"class_list":{"0":"post-563670","1":"post","2":"type-post","3":"status-publish","4":"format-standard","5":"has-post-thumbnail","7":"category-nice","8":"tag-actu","9":"tag-actualites","10":"tag-eu","11":"tag-europe","12":"tag-fr","13":"tag-france","14":"tag-news","15":"tag-nice","16":"tag-provence-alpes-cote-dazur","17":"tag-republique-francaise"},"share_on_mastodon":{"url":"https:\/\/pubeurope.com\/@fr\/115625298714008982","error":""},"_links":{"self":[{"href":"https:\/\/www.europesays.com\/fr\/wp-json\/wp\/v2\/posts\/563670","targetHints":{"allow":["GET"]}}],"collection":[{"href":"https:\/\/www.europesays.com\/fr\/wp-json\/wp\/v2\/posts"}],"about":[{"href":"https:\/\/www.europesays.com\/fr\/wp-json\/wp\/v2\/types\/post"}],"author":[{"embeddable":true,"href":"https:\/\/www.europesays.com\/fr\/wp-json\/wp\/v2\/users\/2"}],"replies":[{"embeddable":true,"href":"https:\/\/www.europesays.com\/fr\/wp-json\/wp\/v2\/comments?post=563670"}],"version-history":[{"count":0,"href":"https:\/\/www.europesays.com\/fr\/wp-json\/wp\/v2\/posts\/563670\/revisions"}],"wp:featuredmedia":[{"embeddable":true,"href":"https:\/\/www.europesays.com\/fr\/wp-json\/wp\/v2\/media\/563671"}],"wp:attachment":[{"href":"https:\/\/www.europesays.com\/fr\/wp-json\/wp\/v2\/media?parent=563670"}],"wp:term":[{"taxonomy":"category","embeddable":true,"href":"https:\/\/www.europesays.com\/fr\/wp-json\/wp\/v2\/categories?post=563670"},{"taxonomy":"post_tag","embeddable":true,"href":"https:\/\/www.europesays.com\/fr\/wp-json\/wp\/v2\/tags?post=563670"}],"curies":[{"name":"wp","href":"https:\/\/api.w.org\/{rel}","templated":true}]}}