{"id":563672,"date":"2025-11-28T03:53:15","date_gmt":"2025-11-28T03:53:15","guid":{"rendered":"https:\/\/www.europesays.com\/fr\/563672\/"},"modified":"2025-11-28T03:53:15","modified_gmt":"2025-11-28T03:53:15","slug":"nice-les-compos-probables-3","status":"publish","type":"post","link":"https:\/\/www.europesays.com\/fr\/563672\/","title":{"rendered":"Nice : les compos probables"},"content":{"rendered":"<p>Lorient a v\u00e9cu une \u00e9norme frustration le match nul conc\u00e9d\u00e9 \u00e0 Nantes puisqu&rsquo;il a c\u00e9d\u00e9 dans les derniers instants de la partie. Il reste n\u00e9anmoins invaincu lors des deux derniers matchs de championnat et voudra bien \u00e9videmment poursuivre sur cette invincibilit\u00e9. En revanche, Nice est dans l&rsquo;obligation de se r\u00e9veiller apr\u00e8s trois revers cons\u00e9cutifs dont une humiliation terrible le week-end dernier contre l&rsquo;OM (1-5). La rencontre sera \u00e0 suivre ce dimanche \u00e0 17h15, sur Ligue 1+.<\/p>\n<p>Les compos probables<\/p>\n<p><strong>Lorient<\/strong> : Mvogo &#8211; Me\u00eft\u00e9, Yongwa, Talbi &#8211; Le Bris, Abergel, Avom, Kouassi &#8211; Tosin, Soumano, Karim<\/p>\n<p><strong>Nice<\/strong> : Diouf &#8211; Mendy, Bah, Oppong &#8211; Clauss, Boudaoui, Vanhoutte, Bard &#8211; Cho &#8211; Moffi, Diop<\/p>\n<p>\u00a0<\/p>\n<p>   Partagez cette info avec vos amis et vos proches en cliquant ici<br \/> Pour r\u00e9sumer<\/p>\n<p>Lorient veut prolonger sa petite s\u00e9rie d\u2019invincibilit\u00e9 apr\u00e8s son nul frustrant \u00e0 Nantes. En face, Nice doit absolument r\u00e9agir apr\u00e8s trois d\u00e9faites de suite, dont un lourd 5-1 contre l\u2019OM. Duel sous tension ce dimanche \u00e0 17h15 sur Ligue 1+.<\/p>\n<p>R\u00e9dacteur<\/p>\n<p><img decoding=\"async\" width=\"76\" height=\"76\" loading=\"lazy\" src=\"https:\/\/www.europesays.com\/fr\/wp-content\/uploads\/2025\/04\/avatar-onze.webp.webp\" alt=\"Nathan Bricout\"\/><\/p>\n","protected":false},"excerpt":{"rendered":"Lorient a v\u00e9cu une \u00e9norme frustration le match nul conc\u00e9d\u00e9 \u00e0 Nantes puisqu&rsquo;il a c\u00e9d\u00e9 dans les derniers&hellip;\n","protected":false},"author":2,"featured_media":563673,"comment_status":"","ping_status":"","sticky":false,"template":"","format":"standard","meta":{"footnotes":""},"categories":[2819],"tags":[1111,11,1777,674,1011,27,66,12,2401,882,25],"class_list":{"0":"post-563672","1":"post","2":"type-post","3":"status-publish","4":"format-standard","5":"has-post-thumbnail","7":"category-nice","8":"tag-actu","9":"tag-actualites","10":"tag-eu","11":"tag-europe","12":"tag-fr","13":"tag-france","14":"tag-ligue-1","15":"tag-news","16":"tag-nice","17":"tag-provence-alpes-cote-dazur","18":"tag-republique-francaise"},"share_on_mastodon":{"url":"https:\/\/pubeurope.com\/@fr\/115625303458730032","error":""},"_links":{"self":[{"href":"https:\/\/www.europesays.com\/fr\/wp-json\/wp\/v2\/posts\/563672","targetHints":{"allow":["GET"]}}],"collection":[{"href":"https:\/\/www.europesays.com\/fr\/wp-json\/wp\/v2\/posts"}],"about":[{"href":"https:\/\/www.europesays.com\/fr\/wp-json\/wp\/v2\/types\/post"}],"author":[{"embeddable":true,"href":"https:\/\/www.europesays.com\/fr\/wp-json\/wp\/v2\/users\/2"}],"replies":[{"embeddable":true,"href":"https:\/\/www.europesays.com\/fr\/wp-json\/wp\/v2\/comments?post=563672"}],"version-history":[{"count":0,"href":"https:\/\/www.europesays.com\/fr\/wp-json\/wp\/v2\/posts\/563672\/revisions"}],"wp:featuredmedia":[{"embeddable":true,"href":"https:\/\/www.europesays.com\/fr\/wp-json\/wp\/v2\/media\/563673"}],"wp:attachment":[{"href":"https:\/\/www.europesays.com\/fr\/wp-json\/wp\/v2\/media?parent=563672"}],"wp:term":[{"taxonomy":"category","embeddable":true,"href":"https:\/\/www.europesays.com\/fr\/wp-json\/wp\/v2\/categories?post=563672"},{"taxonomy":"post_tag","embeddable":true,"href":"https:\/\/www.europesays.com\/fr\/wp-json\/wp\/v2\/tags?post=563672"}],"curies":[{"name":"wp","href":"https:\/\/api.w.org\/{rel}","templated":true}]}}