{"id":563679,"date":"2025-11-28T03:57:20","date_gmt":"2025-11-28T03:57:20","guid":{"rendered":"https:\/\/www.europesays.com\/fr\/563679\/"},"modified":"2025-11-28T03:57:20","modified_gmt":"2025-11-28T03:57:20","slug":"ce-quil-ne-faut-pas-manquer-cette-annee","status":"publish","type":"post","link":"https:\/\/www.europesays.com\/fr\/563679\/","title":{"rendered":"ce qu\u2019il ne faut pas manquer cette ann\u00e9e"},"content":{"rendered":"<p>\u00c0 quelques m\u00e8tres, le Caf\u00e9 de la Bourse privil\u00e9gie un rythme plus pos\u00e9 avec les whiskies Dalmore, Masos Guadalest pour une parenth\u00e8se ib\u00e9rique, et les vins Le Puy, \u00e9lev\u00e9s en mer. Nouveaut\u00e9 cette ann\u00e9e, il est possible d\u2019acheter directement les vins aupr\u00e8s des exposants ou gr\u00e2ce \u00e0 la vente organis\u00e9e directement par Cash Vin. Des ateliers jalonnent aussi la visite\u00a0: pinot noir, accords chocolats avec les Champagne de Vignerons, blancs ou rouges des C\u00f4tes-Du-Rh\u00f4ne, ou encore \u00ab\u00a0Ar\u00f4mes et saveurs\u00a0\u00bb avec l\u2019ISVV. Ces formats courts aident \u00e0 comparer et \u00e0 affiner ses rep\u00e8res. Enfin, les Crus Bourgeois du M\u00e9doc proposeront un Banquet renvers\u00e9 autour d\u2019une quarantaine de vins et d\u2019un restaurant \u00e9ph\u00e9m\u00e8re anim\u00e9 par les vignerons.<\/p>\n","protected":false},"excerpt":{"rendered":"\u00c0 quelques m\u00e8tres, le Caf\u00e9 de la Bourse privil\u00e9gie un rythme plus pos\u00e9 avec les whiskies Dalmore, Masos&hellip;\n","protected":false},"author":2,"featured_media":563680,"comment_status":"","ping_status":"","sticky":false,"template":"","format":"standard","meta":{"footnotes":""},"categories":[2817],"tags":[1111,11,1997,1777,674,1011,27,12,2219,25],"class_list":{"0":"post-563679","1":"post","2":"type-post","3":"status-publish","4":"format-standard","5":"has-post-thumbnail","7":"category-bordeaux","8":"tag-actu","9":"tag-actualites","10":"tag-bordeaux","11":"tag-eu","12":"tag-europe","13":"tag-fr","14":"tag-france","15":"tag-news","16":"tag-nouvelle-aquitaine","17":"tag-republique-francaise"},"share_on_mastodon":{"url":"https:\/\/pubeurope.com\/@fr\/115625318485765306","error":""},"_links":{"self":[{"href":"https:\/\/www.europesays.com\/fr\/wp-json\/wp\/v2\/posts\/563679","targetHints":{"allow":["GET"]}}],"collection":[{"href":"https:\/\/www.europesays.com\/fr\/wp-json\/wp\/v2\/posts"}],"about":[{"href":"https:\/\/www.europesays.com\/fr\/wp-json\/wp\/v2\/types\/post"}],"author":[{"embeddable":true,"href":"https:\/\/www.europesays.com\/fr\/wp-json\/wp\/v2\/users\/2"}],"replies":[{"embeddable":true,"href":"https:\/\/www.europesays.com\/fr\/wp-json\/wp\/v2\/comments?post=563679"}],"version-history":[{"count":0,"href":"https:\/\/www.europesays.com\/fr\/wp-json\/wp\/v2\/posts\/563679\/revisions"}],"wp:featuredmedia":[{"embeddable":true,"href":"https:\/\/www.europesays.com\/fr\/wp-json\/wp\/v2\/media\/563680"}],"wp:attachment":[{"href":"https:\/\/www.europesays.com\/fr\/wp-json\/wp\/v2\/media?parent=563679"}],"wp:term":[{"taxonomy":"category","embeddable":true,"href":"https:\/\/www.europesays.com\/fr\/wp-json\/wp\/v2\/categories?post=563679"},{"taxonomy":"post_tag","embeddable":true,"href":"https:\/\/www.europesays.com\/fr\/wp-json\/wp\/v2\/tags?post=563679"}],"curies":[{"name":"wp","href":"https:\/\/api.w.org\/{rel}","templated":true}]}}