{"id":563685,"date":"2025-11-28T04:01:20","date_gmt":"2025-11-28T04:01:20","guid":{"rendered":"https:\/\/www.europesays.com\/fr\/563685\/"},"modified":"2025-11-28T04:01:20","modified_gmt":"2025-11-28T04:01:20","slug":"previsions-du-vendredi-28-novembre-2025-7","status":"publish","type":"post","link":"https:\/\/www.europesays.com\/fr\/563685\/","title":{"rendered":"pr\u00e9visions du vendredi 28 novembre 2025"},"content":{"rendered":"<p>Aujourd&rsquo;hui, toujours des nuages dans le ciel qui emp\u00eachent le soleil d&rsquo;appara\u00eetre \u00e0 Lille. Il faudra s&rsquo;attendre \u00e0 des perturbations, les Lillois se retrouveront sous des pluies \u00e9parses. Les temp\u00e9ratures seront de 8\u00b0C au minimum et de 11\u00b0C au plus haut. Une petite brise de sud-ouest sera ressentie par les habitants. Les valeurs afficheront entre 9 et 10\u00b0C le matin. L&rsquo;apr\u00e8s-midi, des nuages ne voudront pas faire place au soleil. Les temp\u00e9ratures s&rsquo;\u00e9chelonneront entre 9\u00b0C et 11\u00b0C. Des \u00e9claircies sont attendues : on passera une soir\u00e9e cl\u00e9mente. Il fera 9\u00b0C en moyenne. Pendant votre sommeil, dans la nuit de vendredi \u00e0 samedi, le ciel sera clair.<\/p>\n<p>Demain, Lille devra encore patienter avant que les nuages ne se dissipent. Une chute des temp\u00e9ratures est pr\u00e9vue. On anticipe des valeurs d&rsquo;environ 9\u00b0C. Un vent de sud, enregistrant 21 km\/h, soufflera. Le soleil peinera \u00e0 percer au milieu des nuages qui persisteront dans la matin\u00e9e. Les temp\u00e9ratures avoisineront les 8\u00b0C. La ville aura quelques \u00e9claircies demain apr\u00e8s-midi. Les maximales atteindront les 10\u00b0C et les minimales seront de 9\u00b0C. C&rsquo;est \u00e0 un ciel tapiss\u00e9 de nuages qu&rsquo;il faudra s&rsquo;attendre demain soir. Le temps sera ponctu\u00e9 par des pluies \u00e9parses.<\/p>\n<p>La m\u00e9t\u00e9o sera pluvieuse dimanche mais elle conna\u00eetra une am\u00e9lioration lundi.<\/p>\n<p><\/p>\n","protected":false},"excerpt":{"rendered":"Aujourd&rsquo;hui, toujours des nuages dans le ciel qui emp\u00eachent le soleil d&rsquo;appara\u00eetre \u00e0 Lille. Il faudra s&rsquo;attendre \u00e0&hellip;\n","protected":false},"author":2,"featured_media":563686,"comment_status":"","ping_status":"","sticky":false,"template":"","format":"standard","meta":{"footnotes":""},"categories":[2815],"tags":[1111,11,1777,674,1011,27,811,1307,12,2119,25],"class_list":{"0":"post-563685","1":"post","2":"type-post","3":"status-publish","4":"format-standard","5":"has-post-thumbnail","7":"category-lille","8":"tag-actu","9":"tag-actualites","10":"tag-eu","11":"tag-europe","12":"tag-fr","13":"tag-france","14":"tag-hauts-de-france","15":"tag-lille","16":"tag-news","17":"tag-previsions-meteo","18":"tag-republique-francaise"},"share_on_mastodon":{"url":"https:\/\/pubeurope.com\/@fr\/115625334194047888","error":""},"_links":{"self":[{"href":"https:\/\/www.europesays.com\/fr\/wp-json\/wp\/v2\/posts\/563685","targetHints":{"allow":["GET"]}}],"collection":[{"href":"https:\/\/www.europesays.com\/fr\/wp-json\/wp\/v2\/posts"}],"about":[{"href":"https:\/\/www.europesays.com\/fr\/wp-json\/wp\/v2\/types\/post"}],"author":[{"embeddable":true,"href":"https:\/\/www.europesays.com\/fr\/wp-json\/wp\/v2\/users\/2"}],"replies":[{"embeddable":true,"href":"https:\/\/www.europesays.com\/fr\/wp-json\/wp\/v2\/comments?post=563685"}],"version-history":[{"count":0,"href":"https:\/\/www.europesays.com\/fr\/wp-json\/wp\/v2\/posts\/563685\/revisions"}],"wp:featuredmedia":[{"embeddable":true,"href":"https:\/\/www.europesays.com\/fr\/wp-json\/wp\/v2\/media\/563686"}],"wp:attachment":[{"href":"https:\/\/www.europesays.com\/fr\/wp-json\/wp\/v2\/media?parent=563685"}],"wp:term":[{"taxonomy":"category","embeddable":true,"href":"https:\/\/www.europesays.com\/fr\/wp-json\/wp\/v2\/categories?post=563685"},{"taxonomy":"post_tag","embeddable":true,"href":"https:\/\/www.europesays.com\/fr\/wp-json\/wp\/v2\/tags?post=563685"}],"curies":[{"name":"wp","href":"https:\/\/api.w.org\/{rel}","templated":true}]}}