{"id":563687,"date":"2025-11-28T04:02:13","date_gmt":"2025-11-28T04:02:13","guid":{"rendered":"https:\/\/www.europesays.com\/fr\/563687\/"},"modified":"2025-11-28T04:02:13","modified_gmt":"2025-11-28T04:02:13","slug":"le-printemps-marseillais-liste-les-abandons-de-la-droite-dans-les-quartiers-populaires","status":"publish","type":"post","link":"https:\/\/www.europesays.com\/fr\/563687\/","title":{"rendered":"Le Printemps marseillais liste les \u00ab\u00a0abandons\u00a0\u00bb de la droite dans les quartiers populaires"},"content":{"rendered":"<p>Dans un communiqu\u00e9 et sur les r\u00e9seaux sociaux, le groupe municipal du <a href=\"https:\/\/www.laprovence.com\/article\/elections\/273551463103214\/municipales-2026-a-marseille-mon-adversaire-c-est-benoit-payan-estime-franck-allisio-rn\" target=\"_blank\" rel=\"noopener\">maire (DVG) <\/a>accuse \u00ab\u00a0la droite \u00e0 la t\u00eate de la M\u00e9tropole, du D\u00e9partement et de la R\u00e9gion\u00a0\u00bb de \u00ab\u00a0continue(r) de punir les Marseillais\u00a0\u00bb.<\/p>\n<p>Et de lister les \u00ab\u00a0abandons\u00a0\u00bb de <a href=\"https:\/\/www.laprovence.com\/article\/region\/1446319628441415\/municipales-2026-a-marseille-tout-doit-partir-du-centre-ville-selon-martine-vassal-candidate-de-la-droite\" target=\"_blank\" rel=\"noopener\">Martine Vassal (DVD) <\/a>et <a href=\"https:\/\/www.laprovence.com\/article\/elections\/2906107363747914\/renaud-muselier-met-le-cap-sur-les-elections-municipales-de-2026-ce-vendredi-a-aix-en-provence\" target=\"_blank\" rel=\"noopener\">Renaud Muselier (Ren.)<\/a>, qui pr\u00e9sident ces institutions, de la baisse des subventions \u00e0 la Mission locale aux \u00e0 celle des cr\u00e9dits allou\u00e9s \u00e0 la politique de la ville.<\/p>\n","protected":false},"excerpt":{"rendered":"Dans un communiqu\u00e9 et sur les r\u00e9seaux sociaux, le groupe municipal du maire (DVG) accuse \u00ab\u00a0la droite \u00e0&hellip;\n","protected":false},"author":2,"featured_media":563688,"comment_status":"","ping_status":"","sticky":false,"template":"","format":"standard","meta":{"footnotes":""},"categories":[2814],"tags":[17,40763,1111,11,1446,6592,1777,674,1011,27,151,5110,761,884,12,316,4767,882,25],"class_list":{"0":"post-563687","1":"post","2":"type-post","3":"status-publish","4":"format-standard","5":"has-post-thumbnail","7":"category-marseille","8":"tag-17","9":"tag-abandons","10":"tag-actu","11":"tag-actualites","12":"tag-dans","13":"tag-droite","14":"tag-eu","15":"tag-europe","16":"tag-fr","17":"tag-france","18":"tag-les","19":"tag-liste","20":"tag-marseillais","21":"tag-marseille","22":"tag-news","23":"tag-politique","24":"tag-printemps","25":"tag-provence-alpes-cote-dazur","26":"tag-republique-francaise"},"share_on_mastodon":{"url":"https:\/\/pubeurope.com\/@fr\/115625338124713216","error":""},"_links":{"self":[{"href":"https:\/\/www.europesays.com\/fr\/wp-json\/wp\/v2\/posts\/563687","targetHints":{"allow":["GET"]}}],"collection":[{"href":"https:\/\/www.europesays.com\/fr\/wp-json\/wp\/v2\/posts"}],"about":[{"href":"https:\/\/www.europesays.com\/fr\/wp-json\/wp\/v2\/types\/post"}],"author":[{"embeddable":true,"href":"https:\/\/www.europesays.com\/fr\/wp-json\/wp\/v2\/users\/2"}],"replies":[{"embeddable":true,"href":"https:\/\/www.europesays.com\/fr\/wp-json\/wp\/v2\/comments?post=563687"}],"version-history":[{"count":0,"href":"https:\/\/www.europesays.com\/fr\/wp-json\/wp\/v2\/posts\/563687\/revisions"}],"wp:featuredmedia":[{"embeddable":true,"href":"https:\/\/www.europesays.com\/fr\/wp-json\/wp\/v2\/media\/563688"}],"wp:attachment":[{"href":"https:\/\/www.europesays.com\/fr\/wp-json\/wp\/v2\/media?parent=563687"}],"wp:term":[{"taxonomy":"category","embeddable":true,"href":"https:\/\/www.europesays.com\/fr\/wp-json\/wp\/v2\/categories?post=563687"},{"taxonomy":"post_tag","embeddable":true,"href":"https:\/\/www.europesays.com\/fr\/wp-json\/wp\/v2\/tags?post=563687"}],"curies":[{"name":"wp","href":"https:\/\/api.w.org\/{rel}","templated":true}]}}