{"id":563689,"date":"2025-11-28T04:03:14","date_gmt":"2025-11-28T04:03:14","guid":{"rendered":"https:\/\/www.europesays.com\/fr\/563689\/"},"modified":"2025-11-28T04:03:14","modified_gmt":"2025-11-28T04:03:14","slug":"marseille-le-crt-defend-un-tourisme-responsable","status":"publish","type":"post","link":"https:\/\/www.europesays.com\/fr\/563689\/","title":{"rendered":"MARSEILLE : Le CRT d\u00e9fend un tourisme responsable"},"content":{"rendered":"<p><b>Le Sud, c\u2019est plus qu\u2019une destination, c\u2019est une promesse de vie\u00a0!<\/b><\/p>\n<p style=\"font-weight: 400\">A Ch\u00e2teauneuf-le-Rouge, la deuxi\u00e8me \u00e9dition du Forum r\u00e9gional du tourisme responsable et de l\u2019\u00e9cotourisme a mis en exergue le lien entre tourisme et habitants<strong>.<\/strong><\/p>\n<p style=\"font-weight: 400\">Sous l\u2019impulsion de Fran\u00e7ois de Canson, pr\u00e9sident du Comit\u00e9 R\u00e9gional de Tourisme (CRT), les acteurs du tourisme \u00e9taient r\u00e9unis dans un lieu de culture, de nature et de savoir-faire, un lieu qui r\u00e9sume \u00e0 lui seul la promesse du Sud : celle d\u2019un territoire qui vit du tourisme sans jamais se renier.<\/p>\n<p style=\"font-weight: 400\">\u00ab\u00a0Ce n\u2019est pas anodin. Il traduit notre conviction que le tourisme ne doit pas \u00eatre un monde \u00e0 part, mais une force partag\u00e9e. Car ici, dans le Sud, le tourisme, c\u2019est la vie des habitants. C\u2019est l\u2019emploi de leurs enfants, c\u2019est le caf\u00e9 du village qui reste ouvert, c\u2019est le train qui passe plus souvent, c\u2019est la culture qui circule, c\u2019est la beaut\u00e9 qui unit\u00a0\u00bb.<\/p>\n<p style=\"font-weight: 400\"><strong>CHOIX DU LONG TERME.<\/strong><\/p>\n<p style=\"font-weight: 400\">Depuis 2017, sous l\u2019impulsion de Renaud Muselier, la R\u00e9gion a choisi une voie claire. Il s\u2019agit de faire de la transition \u00e9cologique un moteur de d\u00e9veloppement, pas une politique de contrainte.<\/p>\n<p style=\"font-weight: 400\">\u00ab\u00a0Nous avons \u00e9t\u00e9 les premiers \u00e0 lancer une COP d\u2019avance, les premiers \u00e0 devenir territoire pilote de la planification \u00e9cologique, et en 2023, la premi\u00e8re r\u00e9gion d\u2019Europe \u00e0 adopter un budget 100 % vert. Cela veut dire que chaque euro investi par la R\u00e9gion est pass\u00e9 au crible de son impact environnemental. Nous avons fait le choix du long terme, celui de la responsabilit\u00e9, de la qualit\u00e9, de la coh\u00e9rence\u00a0\u00bb, <strong>explique Fran\u00e7ois de Canson.<\/strong><\/p>\n<p style=\"font-weight: 400\">C\u2019est pourquoi dans cette transformation, le tourisme occupe une place centrale. Parce qu\u2019il irrigue toutes les dimensions de notre vie collective, il soutient l\u2019\u00e9conomie, il nourrit la culture, il structure la mobilit\u00e9, il fa\u00e7onne nos paysages, il inspire nos politiques d\u2019\u00e9nergie et d\u2019am\u00e9nagement.<\/p>\n<p style=\"font-weight: 400\">\u00ab\u00a0Le tourisme est le visage du Sud. Ce visage ouvert sur le monde, \u00e0 la fois lumineux et exigeant, enracin\u00e9 et universel. Le tourisme, c\u2019est notre premi\u00e8re \u00e9conomie r\u00e9gionale, la plus identitaire, la plus transversale, celle qui donne du sens \u00e0 nos investissements, du souffle \u00e0 nos entreprises, de la vitalit\u00e9 \u00e0 nos territoires. Mais il ne doit pas \u00eatre analys\u00e9 comme une rente. Il est une chance, un levier, un acc\u00e9l\u00e9rateur de transformation\u00a0\u00bb, <strong>a ajout\u00e9 le pr\u00e9sident du CRT.<\/strong><\/p>\n<p style=\"font-weight: 400\">Car les r\u00e9sultats sont l\u00e0. Ainsi, la Provence-Alpes-C\u00f4te d\u2019Azur, a enclench\u00e9 une d\u00e9saisonnalisation de son mod\u00e8le touristique.\u00a0Le tourisme n\u2019est plus concentr\u00e9 sur les seuls mois d\u2019\u00e9t\u00e9. En 10 ans, la fr\u00e9quentation du printemps et de l\u2019automne a progress\u00e9 de 10 %, celle de de l\u2019hiver de 13 % tandis que l\u2019\u00e9t\u00e9 se stabilise (\u2026).<\/p>\n<p style=\"font-weight: 400\"><strong>Photo DR.<\/strong><\/p>\n","protected":false},"excerpt":{"rendered":"Le Sud, c\u2019est plus qu\u2019une destination, c\u2019est une promesse de vie\u00a0! A Ch\u00e2teauneuf-le-Rouge, la deuxi\u00e8me \u00e9dition du Forum&hellip;\n","protected":false},"author":2,"featured_media":563690,"comment_status":"","ping_status":"","sticky":false,"template":"","format":"standard","meta":{"footnotes":""},"categories":[2814],"tags":[1111,11,1777,674,1011,27,884,12,882,25],"class_list":{"0":"post-563689","1":"post","2":"type-post","3":"status-publish","4":"format-standard","5":"has-post-thumbnail","7":"category-marseille","8":"tag-actu","9":"tag-actualites","10":"tag-eu","11":"tag-europe","12":"tag-fr","13":"tag-france","14":"tag-marseille","15":"tag-news","16":"tag-provence-alpes-cote-dazur","17":"tag-republique-francaise"},"share_on_mastodon":{"url":"https:\/\/pubeurope.com\/@fr\/115625342083649305","error":""},"_links":{"self":[{"href":"https:\/\/www.europesays.com\/fr\/wp-json\/wp\/v2\/posts\/563689","targetHints":{"allow":["GET"]}}],"collection":[{"href":"https:\/\/www.europesays.com\/fr\/wp-json\/wp\/v2\/posts"}],"about":[{"href":"https:\/\/www.europesays.com\/fr\/wp-json\/wp\/v2\/types\/post"}],"author":[{"embeddable":true,"href":"https:\/\/www.europesays.com\/fr\/wp-json\/wp\/v2\/users\/2"}],"replies":[{"embeddable":true,"href":"https:\/\/www.europesays.com\/fr\/wp-json\/wp\/v2\/comments?post=563689"}],"version-history":[{"count":0,"href":"https:\/\/www.europesays.com\/fr\/wp-json\/wp\/v2\/posts\/563689\/revisions"}],"wp:featuredmedia":[{"embeddable":true,"href":"https:\/\/www.europesays.com\/fr\/wp-json\/wp\/v2\/media\/563690"}],"wp:attachment":[{"href":"https:\/\/www.europesays.com\/fr\/wp-json\/wp\/v2\/media?parent=563689"}],"wp:term":[{"taxonomy":"category","embeddable":true,"href":"https:\/\/www.europesays.com\/fr\/wp-json\/wp\/v2\/categories?post=563689"},{"taxonomy":"post_tag","embeddable":true,"href":"https:\/\/www.europesays.com\/fr\/wp-json\/wp\/v2\/tags?post=563689"}],"curies":[{"name":"wp","href":"https:\/\/api.w.org\/{rel}","templated":true}]}}