{"id":563695,"date":"2025-11-28T04:07:29","date_gmt":"2025-11-28T04:07:29","guid":{"rendered":"https:\/\/www.europesays.com\/fr\/563695\/"},"modified":"2025-11-28T04:07:29","modified_gmt":"2025-11-28T04:07:29","slug":"la-region-ile-de-france-va-donner-400-bus-doccasion-a-lukraine","status":"publish","type":"post","link":"https:\/\/www.europesays.com\/fr\/563695\/","title":{"rendered":"La r\u00e9gion \u00cele-de-France va donner 400 bus d&rsquo;occasion \u00e0 l&rsquo;Ukraine"},"content":{"rendered":"<p>\n    Les r\u00e9gions de Kiev et Tchernihiv recevront les bus diesels d\u00e9but 2026 pour \u00abdes services d\u2019\u00e9vacuation d\u2019urgence\u00bb, selon IDFM.<\/p>\n<p class=\"fig-paragraph\">La r\u00e9gion Ile-de-France va faire don de 400 bus d&rsquo;occasion aux oblasts (r\u00e9gions) ukrainiennes de Kiev et Tchernihiv d\u00e9but 2026, a-t-on appris aupr\u00e8s\u00a0<a href=\"http:\/\/www.lefigaro.fr\/flash-eco\/la-regularite-des-transports-parisiens-encore-insatisfaisante-aux-yeux-d-idfm-20240109\" data-fig-type=\"NewsFlash\" data-gtm-custom-categorie=\"navigation\" data-gtm-custom-action=\"crossclick\" data-gtm-custom-label=\"Contextuel\" data-gtm-event=\"customEventSPE\" data-fig-domain=\"LEFIGARO\" target=\"_blank\" rel=\"noopener\">d&rsquo;Ile-de-France Mobilit\u00e9s (IDFM)<\/a>\u00a0jeudi.<\/p>\n<p class=\"fig-paragraph\">Sur le total, 260 bus diesel iront \u00e0 la r\u00e9gion de Kiev et 140 \u00e0 celle de Tchernihiv. Le besoin exprim\u00e9 par les villes ukrainiennes correspond \u00e0 des bus simples, non articul\u00e9s, \u00abcar ils ne devraient pas \u00eatre utilis\u00e9s pour assurer la mobilit\u00e9 urbaine classique, mais plut\u00f4t des services d&rsquo;\u00e9vacuation d&rsquo;urgence, pour les villages, \u00e9coles, h\u00f4pitaux et maisons de retraite\u00bb, a indiqu\u00e9 IDFM, l&rsquo;autorit\u00e9 r\u00e9gionale organisatrice des transports publics en Ile-de-France.<\/p>\n<p>                                            <a class=\"fig-a11y-skip\" href=\"#fig-a11y-skip-main-inarticle\" data-module=\"a11y-skip\" data-context=\"was @visible\"><br \/>\n    Passer la publicit\u00e9<br \/>\n<\/a>            <\/p>\n<p class=\"fig-paragraph\">Ces bus, sortis du r\u00e9seau de transport francilien, essentiellement de mod\u00e8le Cit\u00e9lis, sont en cours de remplacement par des bus \u00e9lectriques, a pr\u00e9cis\u00e9 IDFM, confirmant une information parue dans le journal sp\u00e9cialis\u00e9 Ville, Rail, Transport (VRT). Ils devraient \u00eatre achemin\u00e9s en train par la SNCF, mais les gouverneurs des deux r\u00e9gions concern\u00e9es ont assur\u00e9 qu&rsquo;ils prendraient en charge les co\u00fbts inh\u00e9rents \u00e0 la logistique d&rsquo;acheminement et de d\u00e9douanement, selon IDFM.<\/p>\n","protected":false},"excerpt":{"rendered":"Les r\u00e9gions de Kiev et Tchernihiv recevront les bus diesels d\u00e9but 2026 pour \u00abdes services d\u2019\u00e9vacuation d\u2019urgence\u00bb, selon&hellip;\n","protected":false},"author":2,"featured_media":563696,"comment_status":"","ping_status":"","sticky":false,"template":"","format":"standard","meta":{"footnotes":""},"categories":[1592],"tags":[1111,11,7048,1777,674,1011,27,662,12,626,25,220],"class_list":{"0":"post-563695","1":"post","2":"type-post","3":"status-publish","4":"format-standard","5":"has-post-thumbnail","7":"category-ile-de-france","8":"tag-actu","9":"tag-actualites","10":"tag-bus","11":"tag-eu","12":"tag-europe","13":"tag-fr","14":"tag-france","15":"tag-ile-de-france","16":"tag-news","17":"tag-paris","18":"tag-republique-francaise","19":"tag-ukraine"},"share_on_mastodon":{"url":"https:\/\/pubeurope.com\/@fr\/115625357799323073","error":""},"_links":{"self":[{"href":"https:\/\/www.europesays.com\/fr\/wp-json\/wp\/v2\/posts\/563695","targetHints":{"allow":["GET"]}}],"collection":[{"href":"https:\/\/www.europesays.com\/fr\/wp-json\/wp\/v2\/posts"}],"about":[{"href":"https:\/\/www.europesays.com\/fr\/wp-json\/wp\/v2\/types\/post"}],"author":[{"embeddable":true,"href":"https:\/\/www.europesays.com\/fr\/wp-json\/wp\/v2\/users\/2"}],"replies":[{"embeddable":true,"href":"https:\/\/www.europesays.com\/fr\/wp-json\/wp\/v2\/comments?post=563695"}],"version-history":[{"count":0,"href":"https:\/\/www.europesays.com\/fr\/wp-json\/wp\/v2\/posts\/563695\/revisions"}],"wp:featuredmedia":[{"embeddable":true,"href":"https:\/\/www.europesays.com\/fr\/wp-json\/wp\/v2\/media\/563696"}],"wp:attachment":[{"href":"https:\/\/www.europesays.com\/fr\/wp-json\/wp\/v2\/media?parent=563695"}],"wp:term":[{"taxonomy":"category","embeddable":true,"href":"https:\/\/www.europesays.com\/fr\/wp-json\/wp\/v2\/categories?post=563695"},{"taxonomy":"post_tag","embeddable":true,"href":"https:\/\/www.europesays.com\/fr\/wp-json\/wp\/v2\/tags?post=563695"}],"curies":[{"name":"wp","href":"https:\/\/api.w.org\/{rel}","templated":true}]}}