{"id":563697,"date":"2025-11-28T04:08:12","date_gmt":"2025-11-28T04:08:12","guid":{"rendered":"https:\/\/www.europesays.com\/fr\/563697\/"},"modified":"2025-11-28T04:08:12","modified_gmt":"2025-11-28T04:08:12","slug":"les-deputes-votent-en-faveur-de-la-nationalisation-darcelormittal","status":"publish","type":"post","link":"https:\/\/www.europesays.com\/fr\/563697\/","title":{"rendered":"Les d\u00e9put\u00e9s votent en faveur de la nationalisation d\u2019ArcelorMittal"},"content":{"rendered":"<p class=\"paragraph text_align_left lp-f-body-02\">L\u2019Assembl\u00e9e nationale adopte une loi visant \u00e0 nationaliser <a href=\"https:\/\/www.leparisien.fr\/economie\/arcelormittal-la-cgt-accuse-le-rn-de-torpiller-la-nationalisation-par-une-strategie-dobstruction-24-11-2025-PLWSIVABANEGDMOPLSSQ7F4AG4.php\" target=\"_self\" rel=\"noopener\">ArcelorMittal France<\/a>. La <a href=\"https:\/\/www.leparisien.fr\/economie\/arcelormittal-les-deputes-votent-en-commission-la-nationalisation-du-groupe-siderurgique-19-11-2025-K35FHZ6WMRFCVJRMFBX5D66N2Y.php\" target=\"_self\" rel=\"noopener\">proposition de loi port\u00e9e par La France insoumise<\/a> a \u00e9t\u00e9 vot\u00e9e \u00e0 127 voix pour et 41 contre.<\/p>\n<p class=\"paragraph text_align_left lp-f-body-02\">Le leader de LFI Jean-Luc M\u00e9lenchon a salu\u00e9 sur X \u00ab une page d\u2019histoire \u00e0 l\u2019Assembl\u00e9e nationale \u00bb.<\/p>\n<p class=\"paragraph text_align_left lp-f-body-02\">Chiffr\u00e9e \u00e0 trois milliards d\u2019euros, la <a href=\"https:\/\/www.leparisien.fr\/economie\/ca-serait-depenser-des-milliards-deuros-emmanuel-macron-se-refuse-a-nationaliser-arcelormittal-13-05-2025-BJ7IZNCTGNBBJHBSBF2PZPZRAE.php\" rel=\"noopener\" target=\"_blank\">nationalisation rencontre l\u2019opposition du gouvernement<\/a>. \u00ab Ce n\u2019est pas parce que l\u2019\u00c9tat va faire un ch\u00e8que de 3 milliards (\u2026) que l\u2019on va changer la comp\u00e9titivit\u00e9 \u00bb, a affirm\u00e9 le ministre de l\u2019\u00c9conomie Roland Lescure mercredi.<\/p>\n<p>Peu de chances d\u2019\u00eatre adopt\u00e9 au S\u00e9nat<\/p>\n<p class=\"paragraph text_align_left lp-f-body-02\">De son c\u00f4t\u00e9, LFI consid\u00e8re la nationalisation comme \u00ab l\u2019unique solution \u00bb pour sauver la fili\u00e8re et ses 15 000 emplois directs. Objectif : contrer le plan social annonc\u00e9 en avril et relancer la d\u00e9carbonation des hauts-fourneaux, faute de quoi l\u2019acier fran\u00e7ais deviendrait non rentable d\u00e8s 2030.<\/p>\n<p class=\"paragraph text_align_left lp-f-body-02\">\u00c0 l\u2019appel de la CGT, quelque 400 salari\u00e9s, sont venus en bus des sites du Nord et de Moselle ce jeudi sur l\u2019esplanade des Invalides pour soutenir le texte.<\/p>\n<p class=\"paragraph text_align_left lp-f-body-02\">L\u2019avenir du texte, vot\u00e9 avec le soutien des groupes de gauche et l\u2019abstention du RN, est toutefois incertain car il devra d\u00e9sormais aller au S\u00e9nat, domin\u00e9 par la droite et le centre, o\u00f9 il lui sera difficile d\u2019\u00eatre adopt\u00e9.<\/p>\n","protected":false},"excerpt":{"rendered":"L\u2019Assembl\u00e9e nationale adopte une loi visant \u00e0 nationaliser ArcelorMittal France. La proposition de loi port\u00e9e par La France&hellip;\n","protected":false},"author":2,"featured_media":563698,"comment_status":"","ping_status":"","sticky":false,"template":"","format":"standard","meta":{"footnotes":""},"categories":[1888],"tags":[1111,1928,11,1927,33,1777,674,1011,27,12,1926,626,1925,25],"class_list":{"0":"post-563697","1":"post","2":"type-post","3":"status-publish","4":"format-standard","5":"has-post-thumbnail","7":"category-paris","8":"tag-actu","9":"tag-actu-paris","10":"tag-actualites","11":"tag-actualites-paris","12":"tag-economie","13":"tag-eu","14":"tag-europe","15":"tag-fr","16":"tag-france","17":"tag-news","18":"tag-news-paris","19":"tag-paris","20":"tag-paris-news","21":"tag-republique-francaise"},"share_on_mastodon":{"url":"https:\/\/pubeurope.com\/@fr\/115625361714781129","error":""},"_links":{"self":[{"href":"https:\/\/www.europesays.com\/fr\/wp-json\/wp\/v2\/posts\/563697","targetHints":{"allow":["GET"]}}],"collection":[{"href":"https:\/\/www.europesays.com\/fr\/wp-json\/wp\/v2\/posts"}],"about":[{"href":"https:\/\/www.europesays.com\/fr\/wp-json\/wp\/v2\/types\/post"}],"author":[{"embeddable":true,"href":"https:\/\/www.europesays.com\/fr\/wp-json\/wp\/v2\/users\/2"}],"replies":[{"embeddable":true,"href":"https:\/\/www.europesays.com\/fr\/wp-json\/wp\/v2\/comments?post=563697"}],"version-history":[{"count":0,"href":"https:\/\/www.europesays.com\/fr\/wp-json\/wp\/v2\/posts\/563697\/revisions"}],"wp:featuredmedia":[{"embeddable":true,"href":"https:\/\/www.europesays.com\/fr\/wp-json\/wp\/v2\/media\/563698"}],"wp:attachment":[{"href":"https:\/\/www.europesays.com\/fr\/wp-json\/wp\/v2\/media?parent=563697"}],"wp:term":[{"taxonomy":"category","embeddable":true,"href":"https:\/\/www.europesays.com\/fr\/wp-json\/wp\/v2\/categories?post=563697"},{"taxonomy":"post_tag","embeddable":true,"href":"https:\/\/www.europesays.com\/fr\/wp-json\/wp\/v2\/tags?post=563697"}],"curies":[{"name":"wp","href":"https:\/\/api.w.org\/{rel}","templated":true}]}}