{"id":563699,"date":"2025-11-28T04:09:18","date_gmt":"2025-11-28T04:09:18","guid":{"rendered":"https:\/\/www.europesays.com\/fr\/563699\/"},"modified":"2025-11-28T04:09:18","modified_gmt":"2025-11-28T04:09:18","slug":"deux-joueurs-saoudiens-auraient-ete-victimes-dun-vol-a-paris-avec-un-prejudice-estime-a-240-000-euros","status":"publish","type":"post","link":"https:\/\/www.europesays.com\/fr\/563699\/","title":{"rendered":"Deux joueurs saoudiens auraient \u00e9t\u00e9 victimes d\u2019un vol \u00e0 Paris avec un pr\u00e9judice estim\u00e9 \u00e0 240.000 euros"},"content":{"rendered":"<p class=\"mb-4 text-lg md:leading-8 break-words\">Sale soir\u00e9e pour deux joueurs saoudiens. Sortis dans une discoth\u00e8que de Paris dans la nuit de mercredi \u00e0 jeudi, deux footballeurs \u00e2g\u00e9s de 26 ans, dont l\u2019identit\u00e9 n\u2019a pas filtr\u00e9, ont eu la mauvaise surprise de d\u00e9couvrir que leur chambre \u00e0 leur h\u00f4tel situ\u00e9 dans le 8\u00e8me arrondissement avait \u00e9t\u00e9 cambriol\u00e9e. C\u2019est en tout cas ce qu\u2019ils ont indiqu\u00e9 \u00e0 la police rapporte <a href=\"https:\/\/www.leparisien.fr\/faits-divers\/paris-deux-footballeurs-saoudiens-affirment-setre-fait-voler-pour-240000-dans-leur-chambre-dhotel-27-11-2025-MCENDKK5VBBEDAKQHIXAE2N2LQ.php?at_variant=photo&amp;at_creation=Le%20Parisien&amp;at_campaign=Partage%20Twitter%20CM&amp;at_medium=Social%20media\" rel=\"nofollow noopener\" target=\"_blank\" data-ylk=\"slk:Le Parisien;elm:context_link;itc:0;sec:content-canvas\" class=\"link \">Le Parisien<\/a> ce jeudi.<\/p>\n<p>Des affaires d&rsquo;une grande marque de luxe vol\u00e9es<\/p>\n<p class=\"mb-4 text-lg md:leading-8 break-words\">Selon le m\u00e9dia francilien, les deux joueurs ont d\u2019abord d\u00e9couvert un individu sur un scooter proche de leur v\u00e9hicule \u00e0 leur retour au parking. Si l\u2019homme a pris la fuite, les deux Saoudiens auraient constat\u00e9 que la vitre avant droit avait \u00e9t\u00e9 arrach\u00e9e et que la porte arri\u00e8re droite \u00e9tait rest\u00e9e entre-ouverte.<\/p>\n<p class=\"mb-4 text-lg md:leading-8 break-words\">La police a \u00e9t\u00e9 contact\u00e9e apr\u00e8s que les deux hommes ont aussi constat\u00e9 que la carte d\u2019acc\u00e8s \u00e0 leur chambre avait disparu. Apr\u00e8s avoir d\u2019abord cru que rien n\u2019avait \u00e9t\u00e9 vol\u00e9, ils ont finalement rappel\u00e9 la police pour leur signaler qu\u2019ils ont bien \u00e9t\u00e9 victimes d\u2019un cambriolage, des affaires de la marque de luxe <a href=\"https:\/\/fr.news.yahoo.com\/sport\/mercato-paris-fc-aurait-propos%C3%A9-075800124.html\" data-ylk=\"slk:Louis Vuitton;elm:context_link;itc:0;sec:content-canvas;outcm:mb_qualified_link;_E:mb_qualified_link;ct:story;\" class=\"link  yahoo-link\" rel=\"nofollow noopener\" target=\"_blank\">Louis Vuitton<\/a> auraient notamment \u00e9t\u00e9 vol\u00e9es. Le pr\u00e9judice serait estim\u00e9 \u00e0 240.000 euros. Une plainte a \u00e9t\u00e9 d\u00e9pos\u00e9e. Une enqu\u00eate est ouverte.<\/p>\n<p class=\"mb-4 text-lg md:leading-8 break-words\"><a href=\"https:\/\/rmcsport.bfmtv.com\/football\/saudi-pro-league\/deux-joueurs-saoudiens-auraient-ete-victimes-d-un-vol-a-paris-avec-un-prejudice-estime-a-240-000-euros_AN-202511270967.html#xtor=AL-68\" rel=\"nofollow noopener\" target=\"_blank\" data-ylk=\"slk:Article original publi\u00e9 sur RMC Sport;elm:context_link;itc:0;sec:content-canvas\" class=\"link \">Article original publi\u00e9 sur RMC Sport<\/a><\/p>\n","protected":false},"excerpt":{"rendered":"Sale soir\u00e9e pour deux joueurs saoudiens. Sortis dans une discoth\u00e8que de Paris dans la nuit de mercredi \u00e0&hellip;\n","protected":false},"author":2,"featured_media":563700,"comment_status":"","ping_status":"","sticky":false,"template":"","format":"standard","meta":{"footnotes":""},"categories":[1888],"tags":[1111,1928,11,1927,1777,674,1011,27,5553,12,1926,626,1925,25,67975],"class_list":{"0":"post-563699","1":"post","2":"type-post","3":"status-publish","4":"format-standard","5":"has-post-thumbnail","7":"category-paris","8":"tag-actu","9":"tag-actu-paris","10":"tag-actualites","11":"tag-actualites-paris","12":"tag-eu","13":"tag-europe","14":"tag-fr","15":"tag-france","16":"tag-le-parisien","17":"tag-news","18":"tag-news-paris","19":"tag-paris","20":"tag-paris-news","21":"tag-republique-francaise","22":"tag-saoudiens"},"share_on_mastodon":{"url":"https:\/\/pubeurope.com\/@fr\/115625365605988693","error":""},"_links":{"self":[{"href":"https:\/\/www.europesays.com\/fr\/wp-json\/wp\/v2\/posts\/563699","targetHints":{"allow":["GET"]}}],"collection":[{"href":"https:\/\/www.europesays.com\/fr\/wp-json\/wp\/v2\/posts"}],"about":[{"href":"https:\/\/www.europesays.com\/fr\/wp-json\/wp\/v2\/types\/post"}],"author":[{"embeddable":true,"href":"https:\/\/www.europesays.com\/fr\/wp-json\/wp\/v2\/users\/2"}],"replies":[{"embeddable":true,"href":"https:\/\/www.europesays.com\/fr\/wp-json\/wp\/v2\/comments?post=563699"}],"version-history":[{"count":0,"href":"https:\/\/www.europesays.com\/fr\/wp-json\/wp\/v2\/posts\/563699\/revisions"}],"wp:featuredmedia":[{"embeddable":true,"href":"https:\/\/www.europesays.com\/fr\/wp-json\/wp\/v2\/media\/563700"}],"wp:attachment":[{"href":"https:\/\/www.europesays.com\/fr\/wp-json\/wp\/v2\/media?parent=563699"}],"wp:term":[{"taxonomy":"category","embeddable":true,"href":"https:\/\/www.europesays.com\/fr\/wp-json\/wp\/v2\/categories?post=563699"},{"taxonomy":"post_tag","embeddable":true,"href":"https:\/\/www.europesays.com\/fr\/wp-json\/wp\/v2\/tags?post=563699"}],"curies":[{"name":"wp","href":"https:\/\/api.w.org\/{rel}","templated":true}]}}