{"id":563709,"date":"2025-11-28T04:14:11","date_gmt":"2025-11-28T04:14:11","guid":{"rendered":"https:\/\/www.europesays.com\/fr\/563709\/"},"modified":"2025-11-28T04:14:11","modified_gmt":"2025-11-28T04:14:11","slug":"un-cauchemar-dystopique-aux-etats-unis-lex-belle-soeur-de-la-porte-parole-de-la-maison-blanche-deportee-par-la-police-de-limmigration","status":"publish","type":"post","link":"https:\/\/www.europesays.com\/fr\/563709\/","title":{"rendered":"\u00ab\u00a0Un cauchemar dystopique\u00a0\u00bb\u00a0: aux \u00c9tats-Unis, l\u2019ex-belle s\u0153ur de la porte-parole de la Maison Blanche d\u00e9port\u00e9e par la police de l\u2019immigration"},"content":{"rendered":"<p class=\"paragraph text_align_left lp-f-body-02\">La traque des \u00e9trangers en situation irr\u00e9guli\u00e8re touche d\u00e9sormais des membres proches du pouvoir. Karoline Leavitt, la porte-parole de la <a href=\"https:\/\/www.leparisien.fr\/international\/etats-unis\/donald-trump\/\" target=\"_blank\" rel=\"noreferrer noopener\">Maison Blanche<\/a>, a vu son ancienne belle-s\u0153ur \u00eatre interpell\u00e9e par la police de l\u2019immigration. Bruna Caroline Ferreira est une ressortissante br\u00e9silienne aujourd\u2019hui \u00e2g\u00e9e de 33 ans. Arriv\u00e9e aux <a href=\"https:\/\/www.leparisien.fr\/international\/etats-unis\/\" target=\"_blank\" rel=\"noreferrer noopener\">\u00c9tats-Unis<\/a> en 1998, soit \u00e0 l\u2019\u00e2ge de 6 ans, elle s\u2019est fianc\u00e9e un temps avec le fr\u00e8re de Karoline Leavitt. Ils ont eu un enfant avant de se s\u00e9parer.<\/p>\n<blockquote class=\"twitter-tweet\">\n<p lang=\"en\" dir=\"ltr\">A woman who was swept up in President Trump&rsquo;s immigration crackdown has family ties to White House Press Secretary Karoline Leavitt. CNN&rsquo;s Tom Foreman has the details. <a href=\"https:\/\/t.co\/8yMrm17fBQ\">pic.twitter.com\/8yMrm17fBQ<\/a><\/p>\n<p>\u2014 Anderson Cooper 360\u00b0 (@AC360) <a href=\"https:\/\/twitter.com\/AC360\/status\/1994172917970571585?ref_src=twsrc%5Etfw\" target=\"_blank\" rel=\"noopener\">November 27, 2025<\/a><\/p><\/blockquote>\n<p class=\"paragraph text_align_left lp-f-body-02\">Le 12 novembre dernier, alors qu\u2019elle pensait venir r\u00e9cup\u00e9rer son fils de 11 ans \u00e0 l\u2019\u00e9cole dans la banlieue de Boston, Bruna Caroline Ferreira a \u00e9t\u00e9 interpell\u00e9e par des agents de l\u2019ICE (Immigration and Customs Enforcement). Elle a imm\u00e9diatement \u00e9t\u00e9 envoy\u00e9e dans un centre de d\u00e9tention \u00e0 2 500 kilom\u00e8tres de l\u00e0, au sud du pays, en Louisiane. C\u2019est l\u00e0 qu\u2019elle est enferm\u00e9e depuis, dans l\u2019attente de son expulsion d\u00e9finitive.<\/p>\n<p class=\"paragraph text_align_left lp-f-body-02\">Selon des \u00e9l\u00e9ments publi\u00e9s par les m\u00e9dias am\u00e9ricains, Bruna Caroline Ferreira et Karoline Leavitt ne seraient pas parl\u00e9es depuis des ann\u00e9es. Cette ressortissante br\u00e9silienne \u00e9tait auparavant fianc\u00e9e au fr\u00e8re de Karoline Leavitt, Michael Leavitt, mais ils ne se sont jamais mari\u00e9s. Ils ont la garde partag\u00e9e de leur fils, qui vit avec son p\u00e8re dans le New Hampshire, alors que sa m\u00e8re r\u00e9side \u00e0 Revere, dans le Massachusetts. \u00ab Ma seule pr\u00e9occupation a toujours \u00e9t\u00e9 la s\u00e9curit\u00e9, le bien-\u00eatre et la vie priv\u00e9e de mon fils \u00bb, a quant \u00e0 lui d\u00e9clar\u00e9 le fr\u00e8re de Karoline Leavitt, dans un message envoy\u00e9 au New York Times.<\/p>\n<p>La belle-s\u0153ur de Karoline Leavitt accus\u00e9e de crime<\/p>\n<p class=\"paragraph text_align_left lp-f-body-02\">Bruna Caroline Ferreira serait engag\u00e9e, ces derni\u00e8res ann\u00e9es, dans un processus d\u2019obtention de carte verte, apr\u00e8s avoir pu rester dans le pays via un programme r\u00e9serv\u00e9 aux enfants et jeunes personnes (DACA). Le minist\u00e8re de la S\u00e9curit\u00e9 int\u00e9rieure a quant \u00e0 lui fait savoir qu\u2019elle \u00e9tait entr\u00e9e aux \u00c9tats-Unis en provenance du Br\u00e9sil lorsqu\u2019elle \u00e9tait enfant, munie d\u2019un visa de touriste B-2 qui l\u2019obligeait \u00e0 quitter le pays avant le 6 juin 1999.<\/p>\n<p class=\"paragraph text_align_left lp-f-body-02\">Le DHS (Department of Homeland Security) a accus\u00e9 Bruna Caroline Ferreira d\u2019actes criminels. Une d\u00e9claration contest\u00e9e par l\u2019avocat de Bruna Caroline Ferreira, Me Todd Pomerleau. \u00ab Montrez-nous la preuve ! \u00bb, a-t-il d\u00e9clar\u00e9 au New York Times.<\/p>\n<p class=\"paragraph text_align_left lp-f-body-02\">La s\u0153ur de Bruna Ferreira est citoyenne am\u00e9ricaine et sa m\u00e8re poss\u00e8de une carte verte. \u00ab Ce ne sont pas des immigr\u00e9s clandestins criminels, a point\u00e9 l\u2019avocat de la famille. Ce sont des contribuables, des m\u00e8res qui travaillent. Elles vivaient le r\u00eave am\u00e9ricain et nous voil\u00e0 confront\u00e9s \u00e0 un v\u00e9ritable cauchemar dystopique. \u00bb<\/p>\n<p class=\"paragraph text_align_left lp-f-body-02\">La famille a lanc\u00e9 une campagne de financement via une page Internet pour recevoir des dons permettant d\u2019assurer la d\u00e9fense et les d\u00e9marches de Bruna Ferreira.<\/p>\n<p><script async src=\"https:\/\/platform.twitter.com\/widgets.js\" charset=\"utf-8\"><\/script><\/p>\n","protected":false},"excerpt":{"rendered":"La traque des \u00e9trangers en situation irr\u00e9guli\u00e8re touche d\u00e9sormais des membres proches du pouvoir. Karoline Leavitt, la porte-parole&hellip;\n","protected":false},"author":2,"featured_media":563710,"comment_status":"","ping_status":"","sticky":false,"template":"","format":"standard","meta":{"footnotes":""},"categories":[1589],"tags":[11,73,1866,14,12,1864,1865,1863,308],"class_list":{"0":"post-563709","1":"post","2":"type-post","3":"status-publish","4":"format-standard","5":"has-post-thumbnail","7":"category-etats-unis","8":"tag-actualites","9":"tag-etats-unis","10":"tag-etats-unis-damerique","11":"tag-international","12":"tag-news","13":"tag-united-states","14":"tag-united-states-of-america","15":"tag-us","16":"tag-usa"},"share_on_mastodon":{"url":"https:\/\/pubeurope.com\/@fr\/115625385328261821","error":""},"_links":{"self":[{"href":"https:\/\/www.europesays.com\/fr\/wp-json\/wp\/v2\/posts\/563709","targetHints":{"allow":["GET"]}}],"collection":[{"href":"https:\/\/www.europesays.com\/fr\/wp-json\/wp\/v2\/posts"}],"about":[{"href":"https:\/\/www.europesays.com\/fr\/wp-json\/wp\/v2\/types\/post"}],"author":[{"embeddable":true,"href":"https:\/\/www.europesays.com\/fr\/wp-json\/wp\/v2\/users\/2"}],"replies":[{"embeddable":true,"href":"https:\/\/www.europesays.com\/fr\/wp-json\/wp\/v2\/comments?post=563709"}],"version-history":[{"count":0,"href":"https:\/\/www.europesays.com\/fr\/wp-json\/wp\/v2\/posts\/563709\/revisions"}],"wp:featuredmedia":[{"embeddable":true,"href":"https:\/\/www.europesays.com\/fr\/wp-json\/wp\/v2\/media\/563710"}],"wp:attachment":[{"href":"https:\/\/www.europesays.com\/fr\/wp-json\/wp\/v2\/media?parent=563709"}],"wp:term":[{"taxonomy":"category","embeddable":true,"href":"https:\/\/www.europesays.com\/fr\/wp-json\/wp\/v2\/categories?post=563709"},{"taxonomy":"post_tag","embeddable":true,"href":"https:\/\/www.europesays.com\/fr\/wp-json\/wp\/v2\/tags?post=563709"}],"curies":[{"name":"wp","href":"https:\/\/api.w.org\/{rel}","templated":true}]}}