{"id":563711,"date":"2025-11-28T04:15:16","date_gmt":"2025-11-28T04:15:16","guid":{"rendered":"https:\/\/www.europesays.com\/fr\/563711\/"},"modified":"2025-11-28T04:15:16","modified_gmt":"2025-11-28T04:15:16","slug":"quand-les-precheurs-chretiens-deviennent-les-boucs-emissaires-de-la-police","status":"publish","type":"post","link":"https:\/\/www.europesays.com\/fr\/563711\/","title":{"rendered":"quand les pr\u00eacheurs chr\u00e9tiens deviennent les boucs \u00e9missaires de la police"},"content":{"rendered":"<p>Dans une soci\u00e9t\u00e9 britannique en proie \u00e0 l\u2019ins\u00e9curit\u00e9, aux crimes \u00e0 l\u2019arme blanche, aux vols de masse et \u00e0 des tensions communautaires croissantes, la police semble avoir trouv\u00e9 sa priorit\u00e9 : surveiller et interpeller les pr\u00eacheurs chr\u00e9tiens dans la rue.<\/p>\n<p>C\u2019est un fait devenu r\u00e9current outre-Manche : des citoyens, souvent engag\u00e9s dans une d\u00e9marche spirituelle ou militante chr\u00e9tienne, <a href=\"https:\/\/www.dailymail.co.uk\/news\/article-15312711\/Thought-police-arrest-Christian-preacher-saying-God-bless-you-Muslim-Palestine-protesters.html\" target=\"_blank\" rel=\"noopener\">se retrouvent arr\u00eat\u00e9s, menott\u00e9s, voire poursuivis devant les tribunaux pour avoir exprim\u00e9 publiquement leur foi<\/a> ou leurs convictions morales. Leur tort ? Avoir choqu\u00e9, froiss\u00e9 ou simplement d\u00e9rang\u00e9 l\u2019humeur de certains passants. Parfois musulmans, parfois LGBT, mais toujours consid\u00e9r\u00e9s par les forces de l\u2019ordre comme appartenant \u00e0 des minorit\u00e9s \u201cvuln\u00e9rables\u201d \u00e0 prot\u00e9ger.<\/p>\n<p>Dernier exemple en date : un pasteur \u00e9vang\u00e9lique jug\u00e9 pour avoir prononc\u00e9, en pleine rue, une pri\u00e8re invoquant la paix entre Juifs et Palestiniens. Ce simple appel \u00e0 la pri\u00e8re s\u2019est sold\u00e9 par un proc\u00e8s de six jours, des milliers de livres d\u00e9pens\u00e9s par la justice, et une relaxe unanime du jury. Pour cet homme, ce n\u2019\u00e9tait pourtant qu\u2019un \u00e9pisode de plus dans une longue s\u00e9rie de confrontations avec la police. Son cas illustre un basculement profond dans la mani\u00e8re dont la libert\u00e9 d\u2019expression est d\u00e9sormais encadr\u00e9e \u2014 ou plut\u00f4t musel\u00e9e \u2014 au Royaume-Uni.<\/p>\n<p>Les anecdotes s\u2019accumulent : un pr\u00eacheur menott\u00e9 pour avoir r\u00e9pondu \u00e0 une question sur la morale chr\u00e9tienne face \u00e0 un musulman,<a href=\"https:\/\/www.dailymail.co.uk\/news\/article-12958493\/Victory-free-speech-Christian-arrested-preaching-ridiculously-heavy-handed-police-wins-5-000-cops.html\" target=\"_blank\" rel=\"noopener\"> un autre condamn\u00e9 puis relax\u00e9 pour avoir mal genr\u00e9 un passant trans<\/a>, une chr\u00e9tienne arr\u00eat\u00e9e pour avoir d\u00e9nonc\u00e9 le mal sous une forme biblique\u2026 Et dans plusieurs de ces affaires, c\u2019est non pas l\u2019auteur des violences physiques (lorsqu\u2019il y en a) qui est interpell\u00e9, mais bien celui ou celle qui pr\u00eache une foi chr\u00e9tienne traditionnelle dans l\u2019espace public.<\/p>\n<p>Plusieurs de ces victimes ont fini par obtenir des indemnit\u00e9s. Mais aucune de ces d\u00e9cisions tardives ne semble enrayer la m\u00e9canique absurde d\u2019un appareil policier de plus en plus influenc\u00e9 par l\u2019id\u00e9ologie du \u201cressenti offens\u00e9\u201d. Le \u201ctrouble \u00e0 l\u2019ordre public\u201d devient une notion \u00e0 g\u00e9om\u00e9trie variable, o\u00f9 l\u2019on ne mesure plus les actes mais les \u00e9motions qu\u2019ils suscitent \u2014 ou que certains pr\u00e9tendent qu\u2019ils suscitent.<\/p>\n<p>On pourrait croire \u00e0 une mauvaise interpr\u00e9tation de la loi. Mais la r\u00e9currence des affaires laisse penser \u00e0 une tendance bien plus profonde. L\u2019ordre public n\u2019est plus d\u00e9fini par une neutralit\u00e9 juridique, mais par une hi\u00e9rarchie des sensibilit\u00e9s o\u00f9 le chr\u00e9tien blanc, h\u00e9t\u00e9rosexuel et conservateur se retrouve syst\u00e9matiquement en bas de l\u2019\u00e9chelle des priorit\u00e9s. Et o\u00f9 il est plus commode, pour maintenir la \u201cpaix sociale\u201d, d\u2019arr\u00eater un individu seul, que de risquer de froisser un groupe organis\u00e9, revendicatif ou potentiellement violent.<\/p>\n<p>Cr\u00e9dit photo : DR<br \/>[cc] Article relu et corrig\u00e9 par ChatGPT. Breizh-info.com, 2025, d\u00e9p\u00eaches libres de copie et de diffusion sous r\u00e9serve de mention et de lien vers la source d\u2019origine<\/p>\n","protected":false},"excerpt":{"rendered":"Dans une soci\u00e9t\u00e9 britannique en proie \u00e0 l\u2019ins\u00e9curit\u00e9, aux crimes \u00e0 l\u2019arme blanche, aux vols de masse et&hellip;\n","protected":false},"author":2,"featured_media":563712,"comment_status":"","ping_status":"","sticky":false,"template":"","format":"standard","meta":{"footnotes":""},"categories":[1588],"tags":[11,9006,4296,1777,674,5893,5318,9087,474,27132,12,19504,67976,473,1853,1851,1850,1852,2591],"class_list":{"0":"post-563711","1":"post","2":"type-post","3":"status-publish","4":"format-standard","5":"has-post-thumbnail","7":"category-royaume-uni","8":"tag-actualites","9":"tag-censure","10":"tag-christianisme","11":"tag-eu","12":"tag-europe","13":"tag-identite","14":"tag-islam","15":"tag-lgbt","16":"tag-liberte-dexpression","17":"tag-multiculturalisme","18":"tag-news","19":"tag-police-britannique","20":"tag-predicateurs-de-rue","21":"tag-royaume-uni","22":"tag-royaume-uni-de-grande-bretagne-et-dirlande-du-nord","23":"tag-uk","24":"tag-united-kingdom","25":"tag-united-kingdom-of-great-britain-and-northern-ireland","26":"tag-woke"},"share_on_mastodon":{"url":"https:\/\/pubeurope.com\/@fr\/115625389238183907","error":""},"_links":{"self":[{"href":"https:\/\/www.europesays.com\/fr\/wp-json\/wp\/v2\/posts\/563711","targetHints":{"allow":["GET"]}}],"collection":[{"href":"https:\/\/www.europesays.com\/fr\/wp-json\/wp\/v2\/posts"}],"about":[{"href":"https:\/\/www.europesays.com\/fr\/wp-json\/wp\/v2\/types\/post"}],"author":[{"embeddable":true,"href":"https:\/\/www.europesays.com\/fr\/wp-json\/wp\/v2\/users\/2"}],"replies":[{"embeddable":true,"href":"https:\/\/www.europesays.com\/fr\/wp-json\/wp\/v2\/comments?post=563711"}],"version-history":[{"count":0,"href":"https:\/\/www.europesays.com\/fr\/wp-json\/wp\/v2\/posts\/563711\/revisions"}],"wp:featuredmedia":[{"embeddable":true,"href":"https:\/\/www.europesays.com\/fr\/wp-json\/wp\/v2\/media\/563712"}],"wp:attachment":[{"href":"https:\/\/www.europesays.com\/fr\/wp-json\/wp\/v2\/media?parent=563711"}],"wp:term":[{"taxonomy":"category","embeddable":true,"href":"https:\/\/www.europesays.com\/fr\/wp-json\/wp\/v2\/categories?post=563711"},{"taxonomy":"post_tag","embeddable":true,"href":"https:\/\/www.europesays.com\/fr\/wp-json\/wp\/v2\/tags?post=563711"}],"curies":[{"name":"wp","href":"https:\/\/api.w.org\/{rel}","templated":true}]}}