{"id":563713,"date":"2025-11-28T04:16:13","date_gmt":"2025-11-28T04:16:13","guid":{"rendered":"https:\/\/www.europesays.com\/fr\/563713\/"},"modified":"2025-11-28T04:16:13","modified_gmt":"2025-11-28T04:16:13","slug":"les-malheurs-des-maires-elus-preferes-des-francais","status":"publish","type":"post","link":"https:\/\/www.europesays.com\/fr\/563713\/","title":{"rendered":"Les malheurs des maires, \u00e9lus pr\u00e9f\u00e9r\u00e9s des Fran\u00e7ais"},"content":{"rendered":"\n<p>Nous sommes \u00e0 quatre mois des \u00e9lections municipales [qui se tiendront les 15\u00a0et 22\u00a0mars 2026] et le Congr\u00e8s annuel des maires de France, qui [s\u2019est tenu du 18\u00a0au 20\u00a0novembre] au parc des expositions de la porte de Versailles, \u00e0 Paris, est le bon endroit pour prendre la temp\u00e9rature politique du pays. Avec un peu moins de 35\u00a0000 maires, la plupart de villages de moins de 1\u00a0000\u00a0habitants, notre voisin constitue une exception culturelle \u00e0 cet \u00e9gard comme \u00e0 d\u2019autres. Les conseils municipaux regroupent 500\u00a0000 Fran\u00e7ais, souvent b\u00e9n\u00e9voles.<\/p>\n<p>Les maires sont les \u201c\u00e9lus de c\u0153ur\u201d, pour reprendre les termes du Monde [Courrier international fait partie du groupe Le Monde], la derni\u00e8re cat\u00e9gorie de responsables politiques qui est encore respect\u00e9e. Les Fran\u00e7ais sont pr\u00e8s de 70\u00a0% \u00e0 avoir confiance en eux, <a class=\"ithalc\" data-ithal=\"lien_externe\" data-ithalc=\"[nav_article]\" target=\"_blank\" href=\"https:\/\/www.sciencespo.fr\/cevipof\/files\/Note_MF_enquete%20Francais%20sur%20les%20maires_sept2025.pdf\" rel=\"nofollow noopener\">selon un sondage r\u00e9alis\u00e9 r\u00e9cemment par le Cevipof<\/a>. Les d\u00e9put\u00e9s ne r\u00e9coltent que 42\u00a0%, le pr\u00e9sident Macron [23]\u00a0%. Plus la politique est loin, plus la d\u00e9fiance \u00e0 son \u00e9gard augmente. Plus elle est proche, plus elle doit r\u00e9soudre de probl\u00e8mes du quotidien.<\/p>\n<p>Camille Pouponneau en sait quelque chose. \u00c2g\u00e9e de 35\u00a0ans, elle a \u00e9t\u00e9 pendant quatre ans maire [divers gauche] de Pibrac, une ville de 8\u00a0000\u00a0habitants situ\u00e9e \u00e0 quelques kilom\u00e8tres \u00e0 l\u2019ouest de Toulouse, dans le sud-ouest du pays. \u00c0 son entr\u00e9e en f<\/p>\n","protected":false},"excerpt":{"rendered":"Nous sommes \u00e0 quatre mois des \u00e9lections municipales [qui se tiendront les 15\u00a0et 22\u00a0mars 2026] et le Congr\u00e8s&hellip;\n","protected":false},"author":2,"featured_media":563714,"comment_status":"","ping_status":"","sticky":false,"template":"","format":"standard","meta":{"footnotes":""},"categories":[1587],"tags":[11,672,1804,1805,1803,1777,674,27,1801,3821,12,316,1802,67977],"class_list":{"0":"post-563713","1":"post","2":"type-post","3":"status-publish","4":"format-standard","5":"has-post-thumbnail","7":"category-allemagne","8":"tag-actualites","9":"tag-allemagne","10":"tag-bundesrepublik-deutschland","11":"tag-de","12":"tag-deutschland","13":"tag-eu","14":"tag-europe","15":"tag-france","16":"tag-germany","17":"tag-la-france-vue-de-lu2019u00e9tranger","18":"tag-news","19":"tag-politique","20":"tag-republique-federale-dallemagne","21":"tag-u00e9lections-municipales-2026"},"share_on_mastodon":{"url":"https:\/\/pubeurope.com\/@fr\/115625393136625411","error":""},"_links":{"self":[{"href":"https:\/\/www.europesays.com\/fr\/wp-json\/wp\/v2\/posts\/563713","targetHints":{"allow":["GET"]}}],"collection":[{"href":"https:\/\/www.europesays.com\/fr\/wp-json\/wp\/v2\/posts"}],"about":[{"href":"https:\/\/www.europesays.com\/fr\/wp-json\/wp\/v2\/types\/post"}],"author":[{"embeddable":true,"href":"https:\/\/www.europesays.com\/fr\/wp-json\/wp\/v2\/users\/2"}],"replies":[{"embeddable":true,"href":"https:\/\/www.europesays.com\/fr\/wp-json\/wp\/v2\/comments?post=563713"}],"version-history":[{"count":0,"href":"https:\/\/www.europesays.com\/fr\/wp-json\/wp\/v2\/posts\/563713\/revisions"}],"wp:featuredmedia":[{"embeddable":true,"href":"https:\/\/www.europesays.com\/fr\/wp-json\/wp\/v2\/media\/563714"}],"wp:attachment":[{"href":"https:\/\/www.europesays.com\/fr\/wp-json\/wp\/v2\/media?parent=563713"}],"wp:term":[{"taxonomy":"category","embeddable":true,"href":"https:\/\/www.europesays.com\/fr\/wp-json\/wp\/v2\/categories?post=563713"},{"taxonomy":"post_tag","embeddable":true,"href":"https:\/\/www.europesays.com\/fr\/wp-json\/wp\/v2\/tags?post=563713"}],"curies":[{"name":"wp","href":"https:\/\/api.w.org\/{rel}","templated":true}]}}