{"id":563729,"date":"2025-11-28T04:29:19","date_gmt":"2025-11-28T04:29:19","guid":{"rendered":"https:\/\/www.europesays.com\/fr\/563729\/"},"modified":"2025-11-28T04:29:19","modified_gmt":"2025-11-28T04:29:19","slug":"juste-un-gamin-paul-seixas-deja-juge","status":"publish","type":"post","link":"https:\/\/www.europesays.com\/fr\/563729\/","title":{"rendered":"\u00ab\u00a0Juste un gamin\u00a0\u00bb, Paul Seixas d\u00e9j\u00e0 jug\u00e9"},"content":{"rendered":"<p><strong>\u00c0 seulement 19 ans, Paul Seixas<br \/>\nfait d\u00e9j\u00e0 sensation dans le peloton. Son futur co\u00e9quipier Tiesj<br \/>\nBenoot ne cache pas son jugement sur le jeune<br \/>\nprodige.<\/strong><\/p>\n<p>Paul Seixas continue de faire parler de lui dans le peloton.<br \/>\nApr\u00e8s Jonas Vingegaard, Tadej Pogacar ou Romain Bardet, c\u2019est au<br \/>\ntour de Tiesj Benoot, son futur co\u00e9quipier, de revenir sur l\u2019avenir<br \/>\ndu jeune Fran\u00e7ais, auteur d\u2019une saison 2025 remarquable, ponctu\u00e9e<br \/>\nnotamment par le bronze aux Championnats d\u2019Europe sur route.<\/p>\n<p>Le coureur, qui a pass\u00e9 quatre ans chez Visma Lease a Bike,<br \/>\nrejoindra Seixas et Decathlon AG2R La Mondiale en 2026. Dans un<br \/>\nentretien accord\u00e9 \u00e0 Domestique, Benoot a \u00e9voqu\u00e9 son futur<br \/>\nr\u00f4le et livr\u00e9 quelques conseils au talentueux coureur de 19 ans.<br \/>\n\u00ab Ma premi\u00e8re impression, c\u2019est que c\u2019est encore juste un gamin<br \/>\n\u00bb, confie le Belge.<\/p>\n<blockquote class=\"twitter-tweet\"><p><a class=\"twitter-link\" rel=\"noindex, nofollow noopener\" href=\"https:\/\/twitter.com\/sports_fr\/status\/1994053111267152129\" target=\"_blank\"><\/p><\/blockquote>\n<p>Malgr\u00e9 son jeune \u00e2ge, Benoot admire la personnalit\u00e9 et le<br \/>\nprofessionnalisme de Seixas. \u00ab Il est tr\u00e8s terre-\u00e0-terre, un<br \/>\nchic type. Et contrairement \u00e0 beaucoup de jeunes dans le peloton,<br \/>\nil ne pense pas seulement watts et glucides. C\u2019est une bonne chose<br \/>\n\u00bb, ajoute-t-il, avant de lui conseiller : \u00ab Cherche quelque chose<br \/>\nen dehors du cyclisme. Avoir un hobby ou un autre centre d\u2019int\u00e9r\u00eat<br \/>\n\u2013 des \u00e9tudes, la p\u00eache, peu importe \u2013 c\u2019est important \u00bb,<br \/>\najoute-t-il.<\/p>\n<p>Paul Seixas sur le Tour 2026 ?<\/p>\n<p>Mais une question agite le peloton : Paul Seixas prendra-t-il le<br \/>\nd\u00e9part du Tour de France 2026 ? Le jeune Fran\u00e7ais a r\u00e9cemment<br \/>\naffich\u00e9 son envie de participer, mais certains sp\u00e9cialistes et<br \/>\ncoureurs appellent \u00e0 la prudence, estimant que le talentueux<br \/>\nprodige doit encore franchir certains paliers avant de se frotter \u00e0<br \/>\nla plus grande course du monde.<\/p>\n<p>Du c\u00f4t\u00e9 de son \u00e9quipe, aucune d\u00e9cision officielle n\u2019a \u00e9t\u00e9 prise.<br \/>\n\u00ab \u00c7a reste \u00e0 d\u00e9cider. Nous aurons un stage avec le staff tr\u00e8s<br \/>\nbient\u00f4t, et cette question sera abord\u00e9e. Il y a des choses que je<br \/>\nsais, mais que je ne peux pas r\u00e9v\u00e9ler. L\u2019\u00e9quipe publiera le<br \/>\ncalendrier de Paul Seixas quand elle sera pr\u00eate \u00bb, a pr\u00e9cis\u00e9<br \/>\nle directeur sportif Luke Rowe \u00e0 Eurosport. Le verdict devrait<br \/>\ntomber prochainement.<\/p>\n<p><script async src=\"https:\/\/platform.twitter.com\/widgets.js\" charset=\"utf-8\"><\/script><\/p>\n","protected":false},"excerpt":{"rendered":"\u00c0 seulement 19 ans, Paul Seixas fait d\u00e9j\u00e0 sensation dans le peloton. Son futur co\u00e9quipier Tiesj Benoot ne&hellip;\n","protected":false},"author":2,"featured_media":563730,"comment_status":"","ping_status":"","sticky":false,"template":"","format":"standard","meta":{"footnotes":""},"categories":[1411],"tags":[1154,207,1011,27,60],"class_list":{"0":"post-563729","1":"post","2":"type-post","3":"status-publish","4":"format-standard","5":"has-post-thumbnail","7":"category-cyclisme","8":"tag-cycling","9":"tag-cyclisme","10":"tag-fr","11":"tag-france","12":"tag-sports"},"share_on_mastodon":{"url":"https:\/\/pubeurope.com\/@fr\/115625444285580593","error":""},"_links":{"self":[{"href":"https:\/\/www.europesays.com\/fr\/wp-json\/wp\/v2\/posts\/563729","targetHints":{"allow":["GET"]}}],"collection":[{"href":"https:\/\/www.europesays.com\/fr\/wp-json\/wp\/v2\/posts"}],"about":[{"href":"https:\/\/www.europesays.com\/fr\/wp-json\/wp\/v2\/types\/post"}],"author":[{"embeddable":true,"href":"https:\/\/www.europesays.com\/fr\/wp-json\/wp\/v2\/users\/2"}],"replies":[{"embeddable":true,"href":"https:\/\/www.europesays.com\/fr\/wp-json\/wp\/v2\/comments?post=563729"}],"version-history":[{"count":0,"href":"https:\/\/www.europesays.com\/fr\/wp-json\/wp\/v2\/posts\/563729\/revisions"}],"wp:featuredmedia":[{"embeddable":true,"href":"https:\/\/www.europesays.com\/fr\/wp-json\/wp\/v2\/media\/563730"}],"wp:attachment":[{"href":"https:\/\/www.europesays.com\/fr\/wp-json\/wp\/v2\/media?parent=563729"}],"wp:term":[{"taxonomy":"category","embeddable":true,"href":"https:\/\/www.europesays.com\/fr\/wp-json\/wp\/v2\/categories?post=563729"},{"taxonomy":"post_tag","embeddable":true,"href":"https:\/\/www.europesays.com\/fr\/wp-json\/wp\/v2\/tags?post=563729"}],"curies":[{"name":"wp","href":"https:\/\/api.w.org\/{rel}","templated":true}]}}