{"id":563733,"date":"2025-11-28T04:32:21","date_gmt":"2025-11-28T04:32:21","guid":{"rendered":"https:\/\/www.europesays.com\/fr\/563733\/"},"modified":"2025-11-28T04:32:21","modified_gmt":"2025-11-28T04:32:21","slug":"lionel-ciochetto-fait-remonter-a-la-surface-les-histoires-englouties-du-barrage-de-lavalette","status":"publish","type":"post","link":"https:\/\/www.europesays.com\/fr\/563733\/","title":{"rendered":"Lionel Ciochetto fait remonter \u00e0 la surface les histoires englouties du barrage de Lavalette"},"content":{"rendered":"<p>\t\t\t\t\t\t\t\t\t\t\t\t\t\t\t\t\t\t\t\t\t\t\t\t\t\t\t\t\t\t\t\t\t\t\t\t\t\t\t\t\t\t\t\t\t\t\t\t\t\t\t\t\t\t\t\t\t\t\t\t\t\t\t<a href=\"https:\/\/www.lacommere43.fr\/component\/banners\/click\/1857.html\" target=\"_blank\" title=\"Grazac Entre terres novembre 2025\" rel=\"noopener\"><br \/>\n\t\t\t\t\t\t\t<img decoding=\"async\" loading=\"lazy\" src=\"https:\/\/www.europesays.com\/fr\/wp-content\/uploads\/2025\/11\/IMG_20251105_113838_624.jpg\" alt=\"Grazac Entre terres novembre 2025\"\/><br \/>\n\t\t\t\t\t\t<\/a><\/p>\n<p>\t\t\t\t\t\t\t\t\t\t\t\t\t\t\t\t\t\t\t\t\t\t\t\t\t\t\t\t\t\t\t\t\t\t\t\t\t\t\t\t\t\t\t\t\t\t<img decoding=\"async\" loading=\"lazy\" src=\"https:\/\/www.europesays.com\/fr\/wp-content\/uploads\/2025\/11\/Avis_Obsques_La_Commre_43.jpg\" alt=\"Avis obs\u00e8ques Comm\u00e8re\"\/><\/p>\n<p><strong>Dans \u00ab\u00a0Lavalette, l\u2019\u00e9pop\u00e9e du barrage des deux guerres\u00a0\u00bb, paru aux \u00e9ditions de la Flandonni\u00e8re, Lionel Ciochetto retrace la construction puis la sur\u00e9l\u00e9vation du barrage de Lavalette, ouvrage remarquable cr\u00e9\u00e9 pour permettre de r\u00e9pondre aux besoins en eau de Saint-Etienne, facteur essentiel \u00e0 son d\u00e9veloppement.<\/strong><\/p>\n<p>Si vous plongez dans \u00ab\u00a0Lavalette, l\u2019\u00e9pop\u00e9e du barrage des deux guerres\u00a0\u00bb du journaliste de l\u2019Eveil Lionel Ciochetto, 240 pages \u00e0 l\u2019\u00e9criture serr\u00e9e, des illustrations \u00e0 foison (sch\u00e9mas, cartes et surtout environ 200 photographies), chacune m\u00e9ritant un examen attentif, vous n\u2019\u00eates pas couch\u00e9\u00a0! La lecture est passionnante, on vous l\u2019assure.\u00a0<\/p>\n<p><strong>Au plus pr\u00e8s d&rsquo;une \u00e9pop\u00e9e industrielle et humaine<\/strong><\/p>\n<p>L\u2019\u00e9pop\u00e9e racont\u00e9e, industrielle et humaine, qui chemine de 1900 \u00e0 aujourd\u2019hui, traversant les deux guerres, vaut son pesant d\u2019or. La construction, puis la sur\u00e9l\u00e9vation du barrage de Lavalette, qui impacte les communes de Lapte, Chenereilles, Saint-Jeures, Tence directement &#8211; mais aussi pour l\u2019acheminent de l\u2019eau Grazac, Saint-Maurice, Les Villettes, Monistrol, La Chapelle-d\u2019Aurec\u2026 -, est ici d\u00e9voil\u00e9e dans son d\u00e9tail, sur un temps long.<\/p>\n<p><strong>Des destins bouscul\u00e9s<\/strong><\/p>\n<p>On s\u2019enthousiasme du g\u00e9nie constructeur des ing\u00e9nieurs, du labeur des ouvriers, volontaires, ou prisonniers (Polonais, Allemands), on s\u2019interroge sur ce Lignon domestiqu\u00e9, on s\u2019\u00e9meut des villages et moulins ray\u00e9s de la carte, des populations chass\u00e9es de leurs maisons, des fermiers priv\u00e9s de leurs terres, des industriels de leurs moulinages\u2026 On s\u2019attache incidemment \u00e0 certains de ces destins bouscul\u00e9s, d\u00e9stabilis\u00e9s, ou au contraire dynamis\u00e9s par ce colossal chantier.<\/p>\n<p><strong>Un \u00e9quipement vital pour Saint-Etienne et sa r\u00e9gion<\/strong><\/p>\n<p>In fine, on comprend comment cette r\u00e9alisation, titanesque en son temps, a contribu\u00e9 au d\u00e9veloppement \u00e9conomique et d\u00e9mographique de Saint-Etienne et sa r\u00e9gion, et concourt toujours aujourd&rsquo;hui au confort de ses habitants, tout en dotant ce petit coin de Haute-Loire d&rsquo;un espace de loisirs appr\u00e9ci\u00e9 notamment des p\u00eacheurs, des amateurs d&rsquo;activit\u00e9s nautiques.<\/p>\n<p><strong>Parfait pour les gens d&rsquo;ici comme d&rsquo;ailleurs<\/strong><\/p>\n<p>Que vous soyez enracin\u00e9 ici, familier de ce territoire, ou d\u2019ailleurs, dot\u00e9 d\u2019un esprit curieux, parions que vous puiserez dans ce travail au long cours, fruit de patientes recherches nourries de rencontres \u00e9patantes, mati\u00e8re \u00e0 occuper avec profit les\u00a0longues soir\u00e9es hivernales. Ou encore, lorsque le temps sera plus cl\u00e9ment, \u00e0 agr\u00e9menter des promenades sur le terrain avec un regard avis\u00e9.<\/p>\n<p><strong>32 euros, c&rsquo;est cadeau !<\/strong><\/p>\n<p>Et tout \u00e7a pour 32 euros, c\u2019est cadeau\u00a0! C\u2019est justement la p\u00e9riode id\u00e9ale pour offrir ce document qui marie Histoire et histoires, prouesses techniques \u00e0 grande \u00e9chelle et d\u00e9tails pratiques du quotidien. Un livre \u00e0 glisser dans les souliers de vos proches, \u00e0 inviter dans les rayons des m\u00e9diath\u00e8ques&#8230; Et naturellement dans les biblioth\u00e8ques des maisons de retraite et autres colocations pour personnes \u00e2g\u00e9es, entre Loire et Haute-Loire, qui peuvent avoir conserv\u00e9 dans leur m\u00e9moire des souvenirs de ces \u00e9v\u00e9nements.<\/p>\n<p><strong>Les d\u00e9dicaces<\/strong><\/p>\n<p>Et si vous avez l&rsquo;opportunit\u00e9 d&rsquo;aller \u00e0 la rencontre de l&rsquo;auteur, n&rsquo;h\u00e9sitez pas, Lionel Ciochetto n&rsquo;est pas avare d&rsquo;explications, d&rsquo;anecdotes, et vous montrera volontiers des photos agrandies, dont certaines n&rsquo;ont pas pu \u00eatre ins\u00e9r\u00e9es dans ce livre.<\/p>\n<p>Samedi 29 novembre \u00e0 la Librairie L&rsquo;Ecume des Sucs rue Mar\u00e9chal-Fayolle \u00e0 Yssingeaux de 10 heures \u00e0 12 h 30 et de 14 heures \u00e0 18 heures.\u00a0<\/p>\n<p>Dimanche 30 novembre au caf\u00e9 associatif \u00e0 Chenereilles de 10 heures \u00e0 13 heures avec conf\u00e9rence \u00e0 11 heures.<\/p>\n<p>Samedi 6 d\u00e9cembre (10 heures \u00e0 19 heures) et dimanche 7 d\u00e9cembre (10 heures \u00e0 18 heures) au march\u00e9 de No\u00ebl de Sainte-Sigol\u00e8ne.<\/p>\n<p>Mercredi 10 d\u00e9cembre \u00e0 la Librairie PGDIS avenue de la Lib\u00e9ration \u00e0 Monistrol-sur-Loire de 15 heures \u00e0 18 heures.<\/p>\n<p>Dimanche 14 d\u00e9cembre \u00e0 la Librairie de Paris, 6 rue Michel-Rondet \u00e0 Saint-Etienne de 15 heures \u00e0 18 heures.<\/p>\n<p><strong>O\u00f9 trouver aussi le livre<\/strong><\/p>\n<p>En dehors des librairies, il est possible de se procurer l\u2019ouvrage dans les commerces suivants (une liste qui est appel\u00e9e \u00e0 s\u2019\u00e9toffer)\u00a0:<\/p>\n<p>Le bar-tabac La Galoche \u00e0 Lapte<\/p>\n<p>L&rsquo;\u00e9picerie Nath&rsquo;alimentation \u00e0 Grazac<\/p>\n<p>Le bar-restaurant \u00ab\u00a0Le Fristi&rsquo;s\u00a0\u00bb \u00e0 Pont-de-Lignon<\/p>\n","protected":false},"excerpt":{"rendered":"Dans \u00ab\u00a0Lavalette, l\u2019\u00e9pop\u00e9e du barrage des deux guerres\u00a0\u00bb, paru aux \u00e9ditions de la Flandonni\u00e8re, Lionel Ciochetto retrace la&hellip;\n","protected":false},"author":2,"featured_media":563734,"comment_status":"","ping_status":"","sticky":false,"template":"","format":"standard","meta":{"footnotes":""},"categories":[1359],"tags":[2281,58,59,2282,1011,27,2280,2284,2285,2283,973],"class_list":{"0":"post-563733","1":"post","2":"type-post","3":"status-publish","4":"format-standard","5":"has-post-thumbnail","7":"category-people","8":"tag-actualite-43","9":"tag-divertissement","10":"tag-entertainment","11":"tag-faits-divers-auvergne","12":"tag-fr","13":"tag-france","14":"tag-information-haute-loire","15":"tag-infos-43","16":"tag-journal-haute-loire","17":"tag-la-commere-43","18":"tag-people"},"share_on_mastodon":{"url":"https:\/\/pubeurope.com\/@fr\/115625456917300950","error":""},"_links":{"self":[{"href":"https:\/\/www.europesays.com\/fr\/wp-json\/wp\/v2\/posts\/563733","targetHints":{"allow":["GET"]}}],"collection":[{"href":"https:\/\/www.europesays.com\/fr\/wp-json\/wp\/v2\/posts"}],"about":[{"href":"https:\/\/www.europesays.com\/fr\/wp-json\/wp\/v2\/types\/post"}],"author":[{"embeddable":true,"href":"https:\/\/www.europesays.com\/fr\/wp-json\/wp\/v2\/users\/2"}],"replies":[{"embeddable":true,"href":"https:\/\/www.europesays.com\/fr\/wp-json\/wp\/v2\/comments?post=563733"}],"version-history":[{"count":0,"href":"https:\/\/www.europesays.com\/fr\/wp-json\/wp\/v2\/posts\/563733\/revisions"}],"wp:featuredmedia":[{"embeddable":true,"href":"https:\/\/www.europesays.com\/fr\/wp-json\/wp\/v2\/media\/563734"}],"wp:attachment":[{"href":"https:\/\/www.europesays.com\/fr\/wp-json\/wp\/v2\/media?parent=563733"}],"wp:term":[{"taxonomy":"category","embeddable":true,"href":"https:\/\/www.europesays.com\/fr\/wp-json\/wp\/v2\/categories?post=563733"},{"taxonomy":"post_tag","embeddable":true,"href":"https:\/\/www.europesays.com\/fr\/wp-json\/wp\/v2\/tags?post=563733"}],"curies":[{"name":"wp","href":"https:\/\/api.w.org\/{rel}","templated":true}]}}