{"id":563735,"date":"2025-11-28T04:33:17","date_gmt":"2025-11-28T04:33:17","guid":{"rendered":"https:\/\/www.europesays.com\/fr\/563735\/"},"modified":"2025-11-28T04:33:17","modified_gmt":"2025-11-28T04:33:17","slug":"cela-fait-6-ans-que-je-revais-de-lavoir-au-musee-rigaud-la-ville-de-perpignan-fait-lacquisition-dun-tableau-de-dufy-pour-le-plus-grand-bonheur-de-la-conserv","status":"publish","type":"post","link":"https:\/\/www.europesays.com\/fr\/563735\/","title":{"rendered":"\u00ab\u00a0Cela fait 6 ans que je r\u00eavais de l\u2019avoir au Mus\u00e9e Rigaud\u00a0!\u00a0\u00bb\u00a0: La Ville de Perpignan fait l\u2019acquisition d\u2019un tableau de Dufy, pour le plus grand bonheur de la conservatrice"},"content":{"rendered":"<p>\n                                                                Le 25\u00a0novembre 2025, la Ville de Perpignan a acquis en vente aux ench\u00e8res \u00e0 Drouot et par voie de pr\u00e9emption de l\u2019\u00c9tat le tableau peint par Raould Dufy en 1942, intitul\u00e9\u00a0L\u2019Atelier de la rue Jeanne d\u2019Arc. Mais avant de d\u00e9couvrir au mus\u00e9e Rigaud cette huile sur toile de 37,5 x 95,5\u00a0cm, il va falloir patienter jusqu\u2019au printemps 2026. Pascale Picard, la conservatrice, est sur un petit nuage.\n                            <\/p>\n<p>Il est des jours \u00e0 marquer d\u2019une pierre blanche. Pour la Ville de Perpignan et pour Pascale Picard, la directrice et conservatrice du mus\u00e9e Hyacinthe Rigaud, ce jour-l\u00e0 fut le 25\u00a0novembre dernier \u00e0 Drouot \u00e0 Paris. C\u2019est en effet lors d\u2019une vente aux ench\u00e8res que la Ville de Perpignan a acquis pour 129\u00a0000\u00a0euros et par voie de pr\u00e9emption de l\u2019\u00c9tat, cette \u0153uvre remarquable peinte durant sa p\u00e9riode perpignanaise par Raoul Dufy (1877-1953).<\/p>\n<p>Intitul\u00e9 L\u2019atelier de la rue Jeanne d&rsquo;Arc, ce tableau, sign\u00e9 en bas \u00e0 droite de la main du ma\u00eetre alors touch\u00e9 par une polyarthrite invalidante, est une huile sur toile de 37,5\u00a0cm x 95,5\u00a0cm dans laquelle Raoul Dufy s\u2019est repr\u00e9sent\u00e9 au travail dans son atelier, de dos, pench\u00e9 sur sa toile, peignant un mod\u00e8le qui pose alanguie sur un sofa bleu ciel. Une sculpture \u00e0 l\u2019\u00e9bauche, trois toiles accroch\u00e9es au mur, une par terre, un violon pos\u00e9 sur la table et une large fen\u00eatre, tel un paysage sur le monde de dehors, donnant sur la rue Jeanne d\u2019Arc et les fa\u00e7ades ocre du Centro Espagnol, compl\u00e8tent ce tableau qualifi\u00e9 \u00ab\u00a0d\u2019\u0153uvre marquante\u00a0\u00bb par Pascale Picard qui ne touche plus terre depuis l\u2019acquisition du tableau.<\/p>\n<blockquote>\n<p>\u00ab\u00a0Ce n\u2019est qu\u2019un juste retour des choses\u00a0\u00bb<\/p>\n<\/blockquote>\n<p>\u00ab\u00a0Vous savez, cela fait six ans, depuis que j\u2019ai pris mes fonctions \u00e0 Perpignan, que je r\u00eavais d\u2019accrocher L\u2019atelier de la rue Jeanne d&rsquo;Arc aux cimaises du mus\u00e9e Rigaud, confie-t-elle, \u00e9mue, au bout du fil. Et pour \u00eatre tout \u00e0 fait franche, j\u2019estime que ce n\u2019est qu\u2019un juste retour des choses. Cette toile constitue un t\u00e9moignage direct du processus cr\u00e9atif de l\u2019artiste qui occupa cet atelier de d\u00e9cembre\u00a01941 \u00e0 1946, au rez-de-chauss\u00e9e du 19, rue Jeanne-d\u2019Arc. Vous ne pouvez pas imaginer la joie, la fiert\u00e9 et le soulagement que je ressens depuis trois jours\u00a0!\u00a0\u00bb.<\/p>\n<p>Rappelant par ailleurs\u00a0: \u00ab\u00a0l\u2019int\u00e9r\u00eat de l\u2019\u0153uvre croise ainsi l\u2019histoire du collectionnisme et histoire de l\u2019art \u00e0 Perpignan, ce qui en fait une pi\u00e8ce de premier plan pour les collections du mus\u00e9e d\u2019art Hyacinthe Rigaud\u00a0\u00bb. Pour les visiteurs en revanche, il leur faudra patienter encore quelques mois, \u00ab\u00a0sans doute jusqu\u2019au printemps prochain\u00a0\u00bb, souffle Pascale Picard, pour d\u00e9couvrir ce tableau s\u2019illustrant par son format panoramique g\u00e9n\u00e9reux et consid\u00e9r\u00e9 comme l\u2019un des plus grands de la s\u00e9rie connue.<\/p>\n<p>Enfin Andr\u00e9 Bonet, adjoint au maire Louis Aliot, d\u00e9l\u00e9gu\u00e9 \u00e0 la Culture et aux Affaires catalanes, se f\u00e9licite \u00ab\u00a0de l\u2019acquisition par la Ville de Perpignan de L\u2019atelier de la rue Jeanne d\u2019Arc. Et se r\u00e9jouit \u00e0 son tour que \u00ab\u00a0ce tableau qui faisait partie de la fabuleuse collection d\u2019\u0153uvres d\u2019art constitu\u00e9e par le Dr Nicolau (dispers\u00e9e le 3\u00a0d\u00e9cembre 1969 \u00e0 Paris) m\u00e9decin traitant, m\u00e9c\u00e8ne et ami de Dufy\u00a0\u00bb, soit \u00ab\u00a0de retour chez lui, en terre catalane\u00a0\u00bb.<\/p>\n","protected":false},"excerpt":{"rendered":"Le 25\u00a0novembre 2025, la Ville de Perpignan a acquis en vente aux ench\u00e8res \u00e0 Drouot et par voie&hellip;\n","protected":false},"author":2,"featured_media":563736,"comment_status":"","ping_status":"","sticky":false,"template":"","format":"standard","meta":{"footnotes":""},"categories":[1358],"tags":[1348,1384,1385,1386,58,59,1011,27],"class_list":{"0":"post-563735","1":"post","2":"type-post","3":"status-publish","4":"format-standard","5":"has-post-thumbnail","7":"category-arts-et-design","8":"tag-arts","9":"tag-arts-and-design","10":"tag-arts-et-design","11":"tag-design","12":"tag-divertissement","13":"tag-entertainment","14":"tag-fr","15":"tag-france"},"share_on_mastodon":{"url":"https:\/\/pubeurope.com\/@fr\/115625459887166343","error":""},"_links":{"self":[{"href":"https:\/\/www.europesays.com\/fr\/wp-json\/wp\/v2\/posts\/563735","targetHints":{"allow":["GET"]}}],"collection":[{"href":"https:\/\/www.europesays.com\/fr\/wp-json\/wp\/v2\/posts"}],"about":[{"href":"https:\/\/www.europesays.com\/fr\/wp-json\/wp\/v2\/types\/post"}],"author":[{"embeddable":true,"href":"https:\/\/www.europesays.com\/fr\/wp-json\/wp\/v2\/users\/2"}],"replies":[{"embeddable":true,"href":"https:\/\/www.europesays.com\/fr\/wp-json\/wp\/v2\/comments?post=563735"}],"version-history":[{"count":0,"href":"https:\/\/www.europesays.com\/fr\/wp-json\/wp\/v2\/posts\/563735\/revisions"}],"wp:featuredmedia":[{"embeddable":true,"href":"https:\/\/www.europesays.com\/fr\/wp-json\/wp\/v2\/media\/563736"}],"wp:attachment":[{"href":"https:\/\/www.europesays.com\/fr\/wp-json\/wp\/v2\/media?parent=563735"}],"wp:term":[{"taxonomy":"category","embeddable":true,"href":"https:\/\/www.europesays.com\/fr\/wp-json\/wp\/v2\/categories?post=563735"},{"taxonomy":"post_tag","embeddable":true,"href":"https:\/\/www.europesays.com\/fr\/wp-json\/wp\/v2\/tags?post=563735"}],"curies":[{"name":"wp","href":"https:\/\/api.w.org\/{rel}","templated":true}]}}