{"id":563737,"date":"2025-11-28T04:35:55","date_gmt":"2025-11-28T04:35:55","guid":{"rendered":"https:\/\/www.europesays.com\/fr\/563737\/"},"modified":"2025-11-28T04:35:55","modified_gmt":"2025-11-28T04:35:55","slug":"star-academy-apres-ema-un-nouvel-eleve-pret-a-abandonner-lors-du-prochain-prime","status":"publish","type":"post","link":"https:\/\/www.europesays.com\/fr\/563737\/","title":{"rendered":"Star Academy: apr\u00e8s Ema, un nouvel \u00e9l\u00e8ve pr\u00eat \u00e0 abandonner lors du prochain prime\u00a0?"},"content":{"rendered":"<p class=\"ap-StoryElement ap-StoryElement--mb ap-StoryText\">La camaraderie va-t-elle d\u00e9cider de la fin d&rsquo;aventure \u00e0 la <b>Star Academy<\/b> ? Il y a deux semaines, un v\u00e9ritable coup de th\u00e9\u00e2tre avait eu lieu dans le t\u00e9l\u00e9-crochet musical avec la d\u00e9cision surprenante d&rsquo;<b>Ema<\/b> d&rsquo;abandonner avant m\u00eame le verdict rendu par les autres \u00e9l\u00e8ves pour sauver la t\u00eate de L\u00e9ane qui \u00e9tait en balance avec elle.<\/p>\n<p class=\"ap-StoryElement ap-StoryElement--mb ap-StoryText\">Cette semaine, le m\u00eame sc\u00e9nario pourrait se produire. En danger apr\u00e8s les \u00e9valuations en bin\u00f4me, <b>Lily et Th\u00e9o L<\/b> ainsi que <b>L\u00e9o et Jeanne<\/b> risquent l&rsquo;\u00e9limination. Une fois que le public aura donn\u00e9 sa pr\u00e9f\u00e9rence sur le duo le plus m\u00e9ritant (ou celui qu&rsquo;il supporte davantage), les \u00e9l\u00e8ves auront la lourde t\u00e2che de choisir l&rsquo;ultime candidat \u00e0 sauver parmi le bin\u00f4me restant. Ils entra\u00eeneront donc la chute de l&rsquo;autre.<\/p>\n<p>Pour acc\u00e9der \u00e0 cet article, veuillez vous connecter au r\u00e9seau internet.<\/p>\n","protected":false},"excerpt":{"rendered":"La camaraderie va-t-elle d\u00e9cider de la fin d&rsquo;aventure \u00e0 la Star Academy ? Il y a deux semaines,&hellip;\n","protected":false},"author":2,"featured_media":563738,"comment_status":"","ping_status":"","sticky":false,"template":"","format":"standard","meta":{"footnotes":""},"categories":[1356],"tags":[58,59,1011,27,5568,873,5095,252,1364],"class_list":{"0":"post-563737","1":"post","2":"type-post","3":"status-publish","4":"format-standard","5":"has-post-thumbnail","7":"category-television","8":"tag-divertissement","9":"tag-entertainment","10":"tag-fr","11":"tag-france","12":"tag-jeanne","13":"tag-musique","14":"tag-star-academy","15":"tag-television","16":"tag-tv"},"share_on_mastodon":{"url":"https:\/\/pubeurope.com\/@fr\/115625471703705450","error":""},"_links":{"self":[{"href":"https:\/\/www.europesays.com\/fr\/wp-json\/wp\/v2\/posts\/563737","targetHints":{"allow":["GET"]}}],"collection":[{"href":"https:\/\/www.europesays.com\/fr\/wp-json\/wp\/v2\/posts"}],"about":[{"href":"https:\/\/www.europesays.com\/fr\/wp-json\/wp\/v2\/types\/post"}],"author":[{"embeddable":true,"href":"https:\/\/www.europesays.com\/fr\/wp-json\/wp\/v2\/users\/2"}],"replies":[{"embeddable":true,"href":"https:\/\/www.europesays.com\/fr\/wp-json\/wp\/v2\/comments?post=563737"}],"version-history":[{"count":0,"href":"https:\/\/www.europesays.com\/fr\/wp-json\/wp\/v2\/posts\/563737\/revisions"}],"wp:featuredmedia":[{"embeddable":true,"href":"https:\/\/www.europesays.com\/fr\/wp-json\/wp\/v2\/media\/563738"}],"wp:attachment":[{"href":"https:\/\/www.europesays.com\/fr\/wp-json\/wp\/v2\/media?parent=563737"}],"wp:term":[{"taxonomy":"category","embeddable":true,"href":"https:\/\/www.europesays.com\/fr\/wp-json\/wp\/v2\/categories?post=563737"},{"taxonomy":"post_tag","embeddable":true,"href":"https:\/\/www.europesays.com\/fr\/wp-json\/wp\/v2\/tags?post=563737"}],"curies":[{"name":"wp","href":"https:\/\/api.w.org\/{rel}","templated":true}]}}