{"id":563739,"date":"2025-11-28T04:37:16","date_gmt":"2025-11-28T04:37:16","guid":{"rendered":"https:\/\/www.europesays.com\/fr\/563739\/"},"modified":"2025-11-28T04:37:16","modified_gmt":"2025-11-28T04:37:16","slug":"ofenbach-linh-en-plus-de-gims-et-sting-la-saline-royale-annonce-dautres-artistes-en-vogue-et-repond-a-la-polemique","status":"publish","type":"post","link":"https:\/\/www.europesays.com\/fr\/563739\/","title":{"rendered":"Ofenbach, Linh&#8230; en plus de GIMS et Sting, la Saline Royale annonce d&rsquo;autres artistes en vogue et r\u00e9pond \u00e0 la pol\u00e9mique"},"content":{"rendered":"<p class=\"article__intro\">Ce jeudi 27 novembre 2025, Please Please, la soci\u00e9t\u00e9 productrice d&rsquo;\u00e9v\u00e8nements et la Saline Royale d&rsquo;Arc-et-Senans ont annonc\u00e9 la pr\u00e9sence de quatre nouveaux artistes pour les deux concerts pr\u00e9vus du 25 au 26 juillet \u00e0 Arc-et-Senans (Doubs). Les organisateurs expliquent ces choix et d\u00e9fendent le fait de s&rsquo;installer \u00e0 ces dates.<\/p>\n<p>\n      L\u2019actu des r\u00e9gions\n    <\/p>\n<p>\n      Chaque jour, un tour d\u2019horizon des principales infos de toutes les r\u00e9gions.\n    <\/p>\n<p>    France T\u00e9l\u00e9visions utilise votre adresse e-mail afin de vous envoyer la newsletter \u00ab\u00a0L\u2019actu des r\u00e9gions\u00a0\u00bb. Vous pouvez vous d\u00e9sinscrire \u00e0 tout moment via le lien en bas de cette newsletter. <a target=\"_blank\" href=\"https:\/\/www.francetelevisions.fr\/groupe\/confidentialite\/politique-de-confidentialite\/politique-de-confidentialite-de-france-televisions-6503\" rel=\"noopener\">Notre politique de confidentialit\u00e9<\/a><\/p>\n<p>Dans un peu moins de 8 mois, la <a href=\"https:\/\/france3-regions.franceinfo.fr\/bourgogne-franche-comte\/doubs\/on-dirait-que-c-est-la-catastrophe-mais-tout-va-bien-la-saline-royale-d-arc-et-senans-pointee-du-doigt-par-la-chambre-regionale-des-comptes-3220634.html\" target=\"_blank\" rel=\"noopener noreferrer nofollow\" data-tooltip-url=\"https:\/\/france3-regions.franceinfo.fr\/bourgogne-franche-comte\/doubs\/on-dirait-que-c-est-la-catastrophe-mais-tout-va-bien-la-saline-royale-d-arc-et-senans-pointee-du-doigt-par-la-chambre-regionale-des-comptes-3220634.html\">Saline Royale d&rsquo;Arc-et-Senans<\/a> (Doubs) accueillera de prestigieux artistes pour deux shows en deux journ\u00e9es, du 25 au 26 juillet.<\/p>\n<p>Si <a href=\"https:\/\/france3-regions.franceinfo.fr\/bourgogne-franche-comte\/doubs\/besancon\/sting-et-gims-en-concert-en-juillet-2026-a-la-saline-royale-d-arc-et-senans-3250633.html\" target=\"_blank\" rel=\"noopener noreferrer nofollow\" data-tooltip-url=\"https:\/\/france3-regions.franceinfo.fr\/bourgogne-franche-comte\/doubs\/besancon\/sting-et-gims-en-concert-en-juillet-2026-a-la-saline-royale-d-arc-et-senans-3250633.html\">nous avions d\u00e9j\u00e0 annonc\u00e9 la pr\u00e9sence de GIMS et Sting<\/a>, deux stars internationales aux styles tr\u00e8s diff\u00e9rents, les organisateurs ont annonc\u00e9 de nouveaux noms ce jeudi 27 novembre \u00e0 l&rsquo;occasion d&rsquo;une conf\u00e9rence de presse.<\/p>\n<p>La Saline Royale et Please Please, les organisateurs, ont annonc\u00e9 quatre nouveaux noms pour ce double concert. Avant GIMS, Linh, une autrice-compositrice-interpr\u00e8te fran\u00e7aise, viendra assurer la premi\u00e8re partie. Apr\u00e8s la t\u00eate d&rsquo;affiche, Ronisia, une chanteuse cap-verdienne, mais aussi le duo \u00e9lectro Ofenbach, termineront la soir\u00e9e du samedi.<\/p>\n<blockquote class=\"ftvi_content_quote\">\n<p class=\"ftvi_citation_quote\">C&rsquo;est s\u00fbr que ce n&rsquo;est pas \u00e9vident de faire venir Sting au mois de juillet \u00e0 Arc-et-Senans, alors qu&rsquo;il y a d&rsquo;autres \u00e9v\u00e8nements qui se positionnent \u00e9galement pour l&rsquo;avoir le m\u00eame week-end. C&rsquo;est une chance pour nous.<\/p>\n<p>Hamid Asseila<\/p>\n<p class=\"ftvi_citation_source\">co-organisateur des concerts avec Please Please <\/p>\n<\/blockquote>\n<p>Le lendemain, Sting sera pr\u00e9c\u00e9d\u00e9 d&rsquo;une premi\u00e8re partie de son choix, mais aussi d&rsquo;Asaf Avidan, un auteur-compositeur-interpr\u00e8te isra\u00e9lien.<\/p>\n<p><a data-article-figure=\"\" href=\"https:\/\/france3-regions.franceinfo.fr\/image\/9YNiEmGGFsujlQKV9UVvEbLus88\/1920x1080\/regions\/2025\/11\/27\/735-3308-00-00-04-07-692882d296d3e709876408.jpg\" data-pswp-width=\"1920\" data-pswp-height=\"1080\" target=\"_blank\" rel=\"noopener\"><\/p>\n<p>          <img width=\"600\" height=\"400\" class=\"article-image lazy\" data-src=\"https:\/\/www.europesays.com\/fr\/wp-content\/uploads\/2025\/11\/735-3308-00-00-04-07-692882d296d3e709876408.jpg\" alt=\"Hamid Asseila est co-organisateur de l'\u00e9v\u00e8nement \u00e0 la Saline Royale avec sa soci\u00e9t\u00e9 Please Please, connue pour organiser des \u00e9v\u00e8nements culturels \u00e0 Dijon et Besan\u00e7on.\" fetchpriority=\"high\" as=\"image\"\/><\/p>\n<p>\n            Hamid Asseila est co-organisateur de l&rsquo;\u00e9v\u00e8nement \u00e0 la Saline Royale avec sa soci\u00e9t\u00e9 Please Please, connue pour organiser des \u00e9v\u00e8nements culturels \u00e0 Dijon et Besan\u00e7on.<br \/>\n                           \u2022<br \/>\n                                      \u00a9 Antoine Laroche \/ France T\u00e9l\u00e9visons\n                      <\/p>\n<p><\/a><\/p>\n<p>\u00ab\u00a0L&rsquo;id\u00e9e c&rsquo;est de plaire \u00e0 tous les publics de 7 \u00e0 77 ans\u00a0\u00bb, explique Hamid Asseila, co-organisateur des concerts avec Please Please, au micro de nos journalistes Pauline Gardet et Antoine Laroche. \u00ab\u00a0On n&rsquo;a pas fait un \u00e9v\u00e8nement qui \u00e9tait tr\u00e8s rock, tr\u00e8s \u00e9lectro. On ne s&rsquo;est pas mis non plus en concurrence artistique avec ce qu&rsquo;il se faisait d\u00e9j\u00e0. Typiquement, on n&rsquo;a pas voulu faire que du reggae, du rap, alors qu&rsquo;on a des \u00e9v\u00e8nements qui ont lieu dans le territoire dans ce style.\u00a0\u00bb<\/p>\n<blockquote class=\"ftvi_content_quote\">\n<p class=\"ftvi_citation_quote\">Le but du jeu c&rsquo;\u00e9tait de faire un \u00e9v\u00e8nement sur deux jours, \u00e9conomiquement c&rsquo;est beaucoup plus rentable. L&rsquo;id\u00e9e c&rsquo;\u00e9tait d&rsquo;avoir deux esth\u00e9tiques totalement diff\u00e9rentes et de plaire au plus large public.<\/p>\n<p>Nicolas Combes<\/p>\n<p class=\"ftvi_citation_source\">directeur adjoint de la Saline Royale<\/p>\n<\/blockquote>\n<p>Ce jeudi, les organisateurs ont annonc\u00e9 que 12 000 billets par soir\u00e9e avaient d\u00e9j\u00e0 \u00e9t\u00e9 vendus. La jauge maximale est fix\u00e9e \u00e0 20 000 personnes.<\/p>\n<p>En 2016, la Saline Royale avait accueilli David Gilmour, le guitariste des Pink Floyd. Nicolas Combes, directeur g\u00e9n\u00e9ral adjoint de la Saline Royale, confie que depuis, de \u00ab\u00a0nombreuses demandes\u00a0\u00bb ont afflu\u00e9 pour r\u00e9it\u00e9rer un \u00e9v\u00e8nement de ce genre \u00e0 Arc-et-Senans.<\/p>\n<p><a data-article-figure=\"\" href=\"https:\/\/france3-regions.franceinfo.fr\/image\/LDkTBioQqTCwdLRKmpjEqS2_sII\/1920x1080\/regions\/2025\/11\/27\/735-3341-00-00-14-10-6928850d33ac8818874052.jpg\" data-pswp-width=\"1920\" data-pswp-height=\"1080\" target=\"_blank\" rel=\"noopener\"><\/p>\n<p>          <img width=\"600\" height=\"400\" class=\"article-image lazy\" data-src=\"https:\/\/www.europesays.com\/fr\/wp-content\/uploads\/2025\/11\/735-3341-00-00-14-10-6928850d33ac8818874052.jpg\" alt=\"David Combes est directeur g\u00e9n\u00e9ral adjoint de la Saline Royale.\" fetchpriority=\"high\" as=\"image\"\/><\/p>\n<p>\n            David Combes est directeur g\u00e9n\u00e9ral adjoint de la Saline Royale.<br \/>\n                           \u2022<br \/>\n                                      \u00a9 Antoine Laroche \/ France T\u00e9l\u00e9visons\n                      <\/p>\n<p><\/a><\/p>\n<p>\u00ab\u00a0En r\u00e9alit\u00e9, on avait eu un projet qui malheureusement n&rsquo;a pas abouti il y a plusieurs ann\u00e9es en raison de la pand\u00e9mie de Covid\u00a0\u00bb, avoue le directeur g\u00e9n\u00e9ral adjoint. \u00ab\u00a0La concr\u00e9tisation des relations avec Please Please nous a permis d&rsquo;aligner toutes les plan\u00e8tes dont on avait besoin pour attirer des artistes comme Sting ou GIMS.\u00a0\u00bb<\/p>\n<p>Et justement, depuis de nombreuses ann\u00e9es, la direction de la Saline r\u00eavait de faire venir la star britannique en terres de Chaux. Mais, avec les nombreux \u00e9v\u00e8nements en France et en Europe \u00e0 cette p\u00e9riode, la perspective de convaincre les \u00e9quipes du chanteur, comme l&rsquo;explique Nicolas Combes : \u00ab\u00a0Notre projet c&rsquo;\u00e9tait de faire cette soir\u00e9e de concert au milieu du mois de juillet, la semaine qui pr\u00e9c\u00e8de les dates actuelles. Sting n&rsquo;\u00e9tant pas disponible, on a eu une seule autre proposition, celle du 26 juillet. Soit on prenait, soit on ne faisait pas.\u00a0\u00bb<\/p>\n<blockquote class=\"ftvi_content_quote\">\n<p class=\"ftvi_citation_quote\">C&rsquo;est un mod\u00e8le \u00e9conomique qui repose \u00e0 100 % sur les ventes de billets et de restauration du public sur ces soir\u00e9es. Nous on est un \u00e9tablissement public qui a enrichi son offre culturelle du quotidien depuis 10 ans. ce qui a permis de faire \u00e9voluer la fr\u00e9quentation de + 60 %. On a cr\u00e9\u00e9 plein d&#8217;emplois \u00e0 l&rsquo;\u00e9chelle locale.<\/p>\n<p>Nicolas Combes<\/p>\n<p class=\"ftvi_citation_source\">directeur adjoint de la Saline Royale<\/p>\n<\/blockquote>\n<p>La d\u00e9cision de bloquer cette date n&rsquo;a pas \u00e9t\u00e9 sans cons\u00e9quences. Cela place la premi\u00e8re journ\u00e9e de concert avec GIMS le m\u00eame jour que la derni\u00e8re \u00e9dition du festival de La Paille, \u00e0 M\u00e9tabief. De quoi alimenter une pol\u00e9mique. \u00ab\u00a0Pour nous, (il n&rsquo;y a) pas du tout (de pol\u00e9mique)\u00a0\u00bb, corrige Nicolas Combes.<\/p>\n<p>\u00ab\u00a0On a appris (que Sting viendrait le 26 juillet) le 18 septembre et on a appel\u00e9 La Paille pour leur dire qu&rsquo;on aurait un grand \u00e9v\u00e8nement en plein air d&rsquo;un artiste international le lendemain de leur festival\u00a0\u00bb d\u00e9veloppe le directeur adjoint de la Saline Royale. \u00ab\u00a0On a eu un coup de t\u00e9l\u00e9phone avec eux pour r\u00e9pondre \u00e0 toutes les questions, cela s&rsquo;est tr\u00e8s bien pass\u00e9. On a appris plus tard qu&rsquo;ils faisaient une derni\u00e8re \u00e9dition de l\u00e9gende. On leur souhaite plein de r\u00e9ussite et nous-m\u00eames allons essayer d&rsquo;y aller la veille de notre propre \u00e9v\u00e8nement\u00a0\u00bb.<\/p>\n<blockquote class=\"ftvi_content_quote\">\n<p class=\"ftvi_citation_quote\">J&rsquo;entends que les ventes de billets pour La Paille fonctionnent tr\u00e8s bien, donc je suis persuad\u00e9 qu&rsquo;\u00e0 la fois les concerts \u00e0 M\u00e9tabief et Arc-et-Senans seront complets. On est tr\u00e8s en support des initiatives locales.\u00a0\u00bb<\/p>\n<p>Nicolas Combes,<\/p>\n<p class=\"ftvi_citation_source\">directeur adjoint de la Saline Royale<\/p>\n<\/blockquote>\n<p>Si la billetterie des deux concerts est partie \u00ab\u00a0de mani\u00e8re fulgurante\u00a0\u00bb, les organisateurs attendent de voir avant de dire s&rsquo;ils veulent pr\u00e9voir un acte 2 pour l&rsquo;ann\u00e9e prochaine. \u00ab\u00a0Pour ma part, j&rsquo;ai bon espoir\u00a0\u00bb, comment Hamid Asseila. \u00ab\u00a0Le public est au rendez-vous, c&rsquo;est un v\u00e9ritable succ\u00e8s, cela va \u00eatre un succ\u00e8s \u00e9conomique. Les retomb\u00e9es \u00e9conomiques pour le territoire vont \u00eatre tr\u00e8s importantes.\u00a0\u00bb<\/p>\n<p><strong>Avec Pauline Gardet et Antoine Laroche.<\/strong><\/p>\n<p>                    Les festivals de l&rsquo;\u00e9t\u00e9 2025<\/p>\n<p>\n                            \u00c0 partir du 15 juillet 2025\n                    <\/p>\n<p>D\u00e9couvrez la programmation exceptionnelle des festivals de l&rsquo;\u00e9t\u00e9 en France, avec des concerts de rock, jazz et musique classique sur les sc\u00e8nes des Vieilles Charrues, des Francofolies, du Cabaret Vert ou encore Rock en Seine. Du plus petit \u00e9v\u00e9nement au plus grand en th\u00e9\u00e2tre, des spectacles de rues, et autres animations.<\/p>\n<p>                voir plus<\/p>\n<p>\t\t\t\t\t\t\t\t\t\t\t\t\t\t\t\t\t\t\t\t\t\t\t\t\t<a class=\"btn btn--primary btn--large event_redirect btn--on-white\" href=\"https:\/\/france3-regions.franceinfo.fr\/sorties-loisirs\/evenements\/festival\" aria-label=\"Les festivals de l&#039;\u00e9t\u00e9 2025. Voir la page de l\u2019\u00e9v\u00e9nement\" target=\"_blank\" rel=\"noopener\"><\/p>\n<p>              Voir la page de l\u2019\u00e9v\u00e9nement<\/p>\n<p>\t<\/a><\/p>\n","protected":false},"excerpt":{"rendered":"Ce jeudi 27 novembre 2025, Please Please, la soci\u00e9t\u00e9 productrice d&rsquo;\u00e9v\u00e8nements et la Saline Royale d&rsquo;Arc-et-Senans ont annonc\u00e9&hellip;\n","protected":false},"author":2,"featured_media":563740,"comment_status":"","ping_status":"","sticky":false,"template":"","format":"standard","meta":{"footnotes":""},"categories":[1355],"tags":[58,59,1011,27,1361,873],"class_list":{"0":"post-563739","1":"post","2":"type-post","3":"status-publish","4":"format-standard","5":"has-post-thumbnail","7":"category-musique","8":"tag-divertissement","9":"tag-entertainment","10":"tag-fr","11":"tag-france","12":"tag-music","13":"tag-musique"},"share_on_mastodon":{"url":"https:\/\/pubeurope.com\/@fr\/115625475731413590","error":""},"_links":{"self":[{"href":"https:\/\/www.europesays.com\/fr\/wp-json\/wp\/v2\/posts\/563739","targetHints":{"allow":["GET"]}}],"collection":[{"href":"https:\/\/www.europesays.com\/fr\/wp-json\/wp\/v2\/posts"}],"about":[{"href":"https:\/\/www.europesays.com\/fr\/wp-json\/wp\/v2\/types\/post"}],"author":[{"embeddable":true,"href":"https:\/\/www.europesays.com\/fr\/wp-json\/wp\/v2\/users\/2"}],"replies":[{"embeddable":true,"href":"https:\/\/www.europesays.com\/fr\/wp-json\/wp\/v2\/comments?post=563739"}],"version-history":[{"count":0,"href":"https:\/\/www.europesays.com\/fr\/wp-json\/wp\/v2\/posts\/563739\/revisions"}],"wp:featuredmedia":[{"embeddable":true,"href":"https:\/\/www.europesays.com\/fr\/wp-json\/wp\/v2\/media\/563740"}],"wp:attachment":[{"href":"https:\/\/www.europesays.com\/fr\/wp-json\/wp\/v2\/media?parent=563739"}],"wp:term":[{"taxonomy":"category","embeddable":true,"href":"https:\/\/www.europesays.com\/fr\/wp-json\/wp\/v2\/categories?post=563739"},{"taxonomy":"post_tag","embeddable":true,"href":"https:\/\/www.europesays.com\/fr\/wp-json\/wp\/v2\/tags?post=563739"}],"curies":[{"name":"wp","href":"https:\/\/api.w.org\/{rel}","templated":true}]}}