{"id":563743,"date":"2025-11-28T04:39:17","date_gmt":"2025-11-28T04:39:17","guid":{"rendered":"https:\/\/www.europesays.com\/fr\/563743\/"},"modified":"2025-11-28T04:39:17","modified_gmt":"2025-11-28T04:39:17","slug":"en-gironde-un-pere-de-famille-qui-sest-soigne-avec-de-la-depakine-va-porter-plainte-contre-sanofi-quil-tient-pour-responsable-du-handicap-de-sa-fille","status":"publish","type":"post","link":"https:\/\/www.europesays.com\/fr\/563743\/","title":{"rendered":"En Gironde, un p\u00e8re de famille qui s&rsquo;est soign\u00e9 avec de la D\u00e9pakine va porter plainte contre Sanofi qu&rsquo;il tient pour responsable du handicap de sa fille"},"content":{"rendered":"\n<p class=\"c-chapo \">\n  Alors que sa fille cumule des handicaps psychomoteurs, un p\u00e8re de famille met en cause le laboratoire Sanofi, qui commercialise le m\u00e9dicament anti\u00e9pileptique qu&rsquo;il a pris pendant des ann\u00e9es.\n<\/p>\n<p>      lire plus tard<\/p>\n<p id=\"dialog__title\" class=\"dialog__title\">Pour sauvegarder cet article, connectez-vous ou cr\u00e9ez un compte franceinfo<\/p>\n<p class=\"dialog__description\">Sans paiement. Sans abonnement.<\/p>\n<p>        Fermer la fen\u00eatre d\u2019activation des notifications France Info<\/p>\n<p>      cr\u00e9er votre compte<\/p>\n<p>      se connecter<\/p>\n<p>        Fermer la fen\u00eatre de pr\u00e9sentation<\/p>\n<p>    Publi\u00e9 le 27\/11\/2025 10:20<\/p>\n<p>        Temps de lecture : 3min<\/p>\n<p>    <img decoding=\"async\"  alt=\"Une bo\u00eete de D\u00e9pakine. Image d'illustration. (JULIO PELAEZ \/ MAXPPP)\" width=\"432\" height=\"243\" src=\"https:\/\/www.europesays.com\/fr\/wp-content\/uploads\/2025\/11\/phpkfN8iz.jpg\" fetchpriority=\"high\"\/><\/p>\n<p>      Une bo\u00eete de D\u00e9pakine. Image d&rsquo;illustration. (JULIO PELAEZ \/ MAXPPP)<\/p>\n<p>En Gironde, un p\u00e8re de famille qui s&rsquo;est soign\u00e9 avec de la D\u00e9pakine d\u00e9clare jeudi 27 novembre sur <a href=\"https:\/\/www.francebleu.fr\/emissions\/l-invite-de-ici-gironde\/un-papa-depakine-bordelais-va-attaquer-sanofi-il-a-pris-le-medicament-sa-fille-est-handicapee-7181999\" target=\"_blank\" rel=\"noopener\" data-tooltip-url=\"https:\/\/www.francebleu.fr\/emissions\/l-invite-de-ici-gironde\/un-papa-depakine-bordelais-va-attaquer-sanofi-il-a-pris-le-medicament-sa-fille-est-handicapee-7181999\">ICI Gironde<\/a> (ex-France Bleu) qu&rsquo;il va <a href=\"https:\/\/www.franceinfo.fr\/sante\/grossesse\/depakine\/sanofi-condamne-dans-l-affaire-depakine-pourquoi-ce-jugement-est-particulierement-important-notamment-pour-les-victimes_6775228.html\" target=\"_self\" rel=\"noopener noreferrer nofollow\" data-tooltip-url=\"https:\/\/www.franceinfo.fr\/sante\/grossesse\/depakine\/sanofi-condamne-dans-l-affaire-depakine-pourquoi-ce-jugement-est-particulierement-important-notamment-pour-les-victimes_6775228.html\">porter plainte contre le laboratoire Sanofi<\/a> qu&rsquo;il tient pour responsable du handicap de sa fille. Jean-Marc Laurent vit \u00e0 C\u00e9nac, au sud de Bordeaux, et a commenc\u00e9 \u00e0 prendre ce m\u00e9dicament anti\u00e9pileptique \u00e0 partir des ann\u00e9es 2000. Sa fille, Margaux, n\u00e9e en 2008, a \u00ab\u00a0un mille-feuille de handicaps cognitifs : dysphasie, dyspraxie\u00a0\u00bb, et \u00ab\u00a0fait des s\u00e9ances d&rsquo;orthophonie, de psychomotricit\u00e9 depuis l&rsquo;\u00e2ge de 5 ans\u00a0\u00bb, t\u00e9moigne-t-il.<\/p>\n<p>Jean-Marc Laurent n&rsquo;est pas \u00e9pileptique mais a pris de la D\u00e9pakine \u00ab\u00a0\u00e0 cause de crises d&rsquo;\u00e9pilepsie\u00a0\u00bb, apr\u00e8s avoir \u00ab\u00a0attrap\u00e9 le t\u00e9nia en Afrique\u00a0\u00bb. C&rsquo;est son neurologue qui le lui a prescrit. Jean-Marc Laurent reconna\u00eet qu&rsquo;il \u00ab\u00a0n&rsquo;avait pas fait le rapprochement avec la D\u00e9pakine\u00a0\u00bb au d\u00e9part, mais aujourd&rsquo;hui il affirme que \u00ab\u00a0tous ces troubles-l\u00e0 viennent de la D\u00e9pakine\u00a0\u00bb.<\/p>\n<p>\u00ab\u00a0Aujourd&rsquo;hui, ajoute-t-il, Margaux a aussi une d\u00e9ficience qui se creuse et on s&rsquo;en rend compte beaucoup avec la scolarit\u00e9.\u00a0\u00bb Le p\u00e8re de famille raconte qu&rsquo;il a \u00ab\u00a0commenc\u00e9 \u00e0 s&rsquo;apercevoir d&rsquo;une diff\u00e9rence, en grandissant, avec des enfants dits &lsquo;classiques&rsquo; : on ne savait pas trop pourquoi\u00a0\u00bb.<\/p>\n<p>Pour appuyer sa plainte \u00e0 venir, Jean-Marc Laurent cite une \u00e9tude du groupement d&rsquo;int\u00e9r\u00eat scientifique Epi-Phare (Agence nationale de s\u00e9curit\u00e9 du m\u00e9dicament et des produits de sant\u00e9 et Caisse nationale de l&rsquo;Assurance Maladie), publi\u00e9e le 6 novembre dernier. Cette \u00e9tude affirme que \u00ab\u00a0l&rsquo;exposition paternelle au Valproate [la mol\u00e9cule de la D\u00e9pakine] pendant la p\u00e9riode de conception est risqu\u00e9e pour l&rsquo;enfant\u00a0\u00bb, pouvant provoquer des \u00ab\u00a0troubles neurod\u00e9veloppementaux\u00a0\u00bb tels que des d\u00e9ficits de l&rsquo;attention, des troubles du d\u00e9veloppement intellectuel, du spectre de l&rsquo;autisme, de la communication ou des apprentissages.<\/p>\n<p>\u00ab\u00a0Les scientifiques sont d&rsquo;accord et \u00e7a enl\u00e8ve un peu de la culpabilit\u00e9 que je pouvais avoir\u00a0\u00bb, d\u00e9clare Jean-Marc Laurent \u00e0 ICI Gironde. Il dit qu&rsquo;avec sa plainte, il souhaite \u00ab\u00a0alerter les futurs papas : il faut vraiment faire gaffe\u00a0\u00bb, pr\u00e9vient-il. \u00ab\u00a0Il faut que Sanofi se r\u00e9veille\u00a0\u00bb, ajoute-t-il, appelant le laboratoire fran\u00e7ais \u00e0 \u00ab\u00a0trouver des alternatives\u00a0\u00bb.<\/p>\n<p>Il a par ailleurs \u00e9t\u00e9 \u00e9tabli que la D\u00e9pakine, donn\u00e9e depuis la fin des ann\u00e9es 1960, cause fr\u00e9quemment des malformations ou des troubles du d\u00e9veloppement chez les enfants de femmes trait\u00e9es pendant leur grossesse. Dans ce scandale sanitaire, la cour administrative d&rsquo;appel de Paris a confirm\u00e9 en janvier dernier que l&rsquo;\u00c9tat avait une part de responsabilit\u00e9 dans l'\u00a0\u00bbinsuffisance d&rsquo;information\u00a0\u00bb donn\u00e9e aux patients et aux m\u00e9decins sur les risques de la D\u00e9pakine, commercialis\u00e9 par Sanofi, <a href=\"https:\/\/www.franceinfo.fr\/sante\/grossesse\/depakine\/depakine-l-agence-du-medicament-renforce-les-restrictions-pour-la-delivrance-de-medicaments-anti-epileptiques_6996353.html\" target=\"_blank\" rel=\"noopener\" data-tooltip-url=\"https:\/\/www.franceinfo.fr\/sante\/grossesse\/depakine\/depakine-l-agence-du-medicament-renforce-les-restrictions-pour-la-delivrance-de-medicaments-anti-epileptiques_6996353.html\">pris pendant la grossesse<\/a>.<\/p>\n","protected":false},"excerpt":{"rendered":"Alors que sa fille cumule des handicaps psychomoteurs, un p\u00e8re de famille met en cause le laboratoire Sanofi,&hellip;\n","protected":false},"author":2,"featured_media":517931,"comment_status":"","ping_status":"","sticky":false,"template":"","format":"standard","meta":{"footnotes":""},"categories":[10],"tags":[1011,27,72,71],"class_list":{"0":"post-563743","1":"post","2":"type-post","3":"status-publish","4":"format-standard","5":"has-post-thumbnail","7":"category-sante","8":"tag-fr","9":"tag-france","10":"tag-health","11":"tag-sante"},"share_on_mastodon":{"url":"https:\/\/pubeurope.com\/@fr\/115625484522766457","error":""},"_links":{"self":[{"href":"https:\/\/www.europesays.com\/fr\/wp-json\/wp\/v2\/posts\/563743","targetHints":{"allow":["GET"]}}],"collection":[{"href":"https:\/\/www.europesays.com\/fr\/wp-json\/wp\/v2\/posts"}],"about":[{"href":"https:\/\/www.europesays.com\/fr\/wp-json\/wp\/v2\/types\/post"}],"author":[{"embeddable":true,"href":"https:\/\/www.europesays.com\/fr\/wp-json\/wp\/v2\/users\/2"}],"replies":[{"embeddable":true,"href":"https:\/\/www.europesays.com\/fr\/wp-json\/wp\/v2\/comments?post=563743"}],"version-history":[{"count":0,"href":"https:\/\/www.europesays.com\/fr\/wp-json\/wp\/v2\/posts\/563743\/revisions"}],"wp:featuredmedia":[{"embeddable":true,"href":"https:\/\/www.europesays.com\/fr\/wp-json\/wp\/v2\/media\/517931"}],"wp:attachment":[{"href":"https:\/\/www.europesays.com\/fr\/wp-json\/wp\/v2\/media?parent=563743"}],"wp:term":[{"taxonomy":"category","embeddable":true,"href":"https:\/\/www.europesays.com\/fr\/wp-json\/wp\/v2\/categories?post=563743"},{"taxonomy":"post_tag","embeddable":true,"href":"https:\/\/www.europesays.com\/fr\/wp-json\/wp\/v2\/tags?post=563743"}],"curies":[{"name":"wp","href":"https:\/\/api.w.org\/{rel}","templated":true}]}}