{"id":563746,"date":"2025-11-28T04:41:19","date_gmt":"2025-11-28T04:41:19","guid":{"rendered":"https:\/\/www.europesays.com\/fr\/563746\/"},"modified":"2025-11-28T04:41:19","modified_gmt":"2025-11-28T04:41:19","slug":"alexandra-rosenfeld-livre-un-temoignage-puissant-sur-son-ex-compagnon-jean-imbert-devant-des-deputes","status":"publish","type":"post","link":"https:\/\/www.europesays.com\/fr\/563746\/","title":{"rendered":"Alexandra Rosenfeld livre un t\u00e9moignage puissant sur son ex-compagnon Jean Imbert devant des d\u00e9put\u00e9s"},"content":{"rendered":"<p>        <img decoding=\"async\" loading=\"lazy\" src=\"https:\/\/www.europesays.com\/fr\/wp-content\/uploads\/2025\/09\/83ddfb6_upload-1-ps71f0rtx12s-capture-da-a-cran-2025-09-03-230126.png\"  width=\"728\" height=\"409\" alt=\"A l\u2019Assembl\u00e9e nationale, Alexandra Rosenfeld a t\u00e9moign\u00e9 mercredi 26\u00a0novembre contre son ex-conjoint\u00a0Jean Imbert (Ici dans l\u2019\u00e9mission \u00ab\u00a0Quotidien\u00a0\u00bb en septembre sur TMC)\"\/>  <\/p>\n<p>Quotidien<\/p>\n<p>A l\u2019Assembl\u00e9e nationale, Alexandra Rosenfeld a t\u00e9moign\u00e9 mercredi 26\u00a0novembre contre son ex-conjoint\u00a0Jean Imbert (Ici dans l\u2019\u00e9mission \u00ab\u00a0Quotidien\u00a0\u00bb en septembre sur TMC)<\/p>\n<p class=\"asset asset-text\">\u00ab\u00a0100\u00a0% des f\u00e9minicides commencent par du contr\u00f4le coercitif.\u00a0\u00bb Lors de la r\u00e9union pl\u00e9ni\u00e8re de la D\u00e9l\u00e9gation aux droits des femmes \u00e0 l\u2019Assembl\u00e9e nationale, l\u2019ancienne Miss France<a href=\"https:\/\/www.huffingtonpost.fr\/people\/article\/alexandra-rosenfeld-denonce-l-emprise-de-jean-imbert-quatre-mois-apres-avoir-temoigne-anonymement_253749.html\" target=\"_blank\" rel=\"noopener\"> Alexandra Rosenfeld <\/a>a t\u00e9moign\u00e9 mercredi 26\u00a0novembre contre son ex-conjoint\u00a0<a href=\"https:\/\/www.huffingtonpost.fr\/france\/article\/lila-salet-ex-compagne-de-jean-imbert-temoigne-sur-instagram-t-es-une-enflure-qui-frappe-les-femmes_249184.html\" target=\"_blank\" rel=\"noopener\">Jean Imbert<\/a>, accus\u00e9 de violences par plusieurs de ses anciennes compagnes. Le chef nie les faits et a annonc\u00e9 en ao\u00fbt se mettre en retrait de ses activit\u00e9s.<\/p>\n<p class=\"asset asset-text\">Alexandra Rosenfeld d\u00e9clare d\u2019abord que le cuisinier, qui a \u00e9t\u00e9 r\u00e9v\u00e9l\u00e9 par l\u2019\u00e9mission Top Chef, a exerc\u00e9 un \u00ab\u00a0contr\u00f4le coercitif\u00a0\u00bb sur elle pendant leur relation. Il s\u2019agit d\u2019un \u00ab\u00a0ensemble de comportements r\u00e9p\u00e9titifs visant \u00e0 dominer une personne la couper de ses soutiens, la d\u00e9stabiliser, limiter son autonomie et cr\u00e9er un climat de peur, d\u2019ob\u00e9issance\u00a0\u00bb, d\u00e9finit-elle, affirmant que Jean Imbert \u00ab\u00a0coche absolument toutes les cases.\u00a0\u00bb<\/p>\n<p class=\"asset asset-text\">\u00ab\u00a0J\u2019ai d\u2019abord ressenti un amour tr\u00e8s fort, d\u00e9vorant (&#8230;) puis un isolement progressif de mon entourage\u00a0\u00bb, relate Alexandra Rosenfeld, qui a v\u00e9cu avec Jean Imbert entre 2013 et 2014. Avant d\u2019\u00e9voquer des \u00ab\u00a0col\u00e8res\u00a0\u00bb, o\u00f9 son ex-compagnon la traitait de \u00ab\u00a0folle\u00a0\u00bb. \u00ab\u00a0Il tapait dans les murs et il m\u2019a m\u00eame fractur\u00e9 le nez en me mettant un coup de t\u00eate. Il n\u2019a pas ni\u00e9, il s\u2019est justifi\u00e9 avec l\u2019argument de l\u2019accident, car comme on le sait tous, on peut casser le nez d\u2019une femme par inadvertance\u00a0\u00bb, poursuit-elle. \u00ab\u00a0Ce ne sont pas les coups qui m\u2019ont laiss\u00e9 le plus de traces, mais l\u2019impact psychologique. Tout ce qui ne se voit pas\u00a0\u00bb.<\/p>\n<p>    Ouverture d\u2019une enqu\u00eate    <\/p>\n<p class=\"asset asset-text\">\u00ab\u00a0Et je ne suis pas seule (&#8230;) nous sommes cinq ex-compagnes \u00e0 avoir parl\u00e9 \u00e0 la presse\u00a0\u00e0 ce jour. Cinq ex-compagnes qui disent la m\u00eame chose sur une dur\u00e9e de quinze ans\u00a0\u00bb, ajoute-t-elle, avant de pr\u00e9ciser que certaines femmes ont encore peur de prendre la parole malgr\u00e9 les deux plaintes le visant. Alexandra Rosenfeld ne comprend pas que les \u00ab\u00a0marques qui emploient ce monsieur\u00a0\u00bb ne s\u2019expriment pas non plus\u00a0: \u00ab\u00a0aucune n\u2019a pris la parole\u00a0\u00bb.<\/p>\n<p> La lecture de ce contenu est susceptible d\u2019entra\u00eener un d\u00e9p\u00f4t de cookies de la part de l\u2019op\u00e9rateur tiers qui l\u2019h\u00e9berge. Compte-tenu des choix que vous avez exprim\u00e9s en mati\u00e8re de d\u00e9p\u00f4t de cookies, nous avons bloqu\u00e9 l\u2019affichage de ce contenu. Si vous souhaitez y acc\u00e9der, vous devez accepter la cat\u00e9gorie de cookies \u201cContenus tiers\u201d en cliquant sur le bouton ci-dessous. <\/p>\n<p> Lire la Vid\u00e9o            <\/p>\n<p class=\"asset asset-text\">Devenu l\u2019une des stars de la gastronomie fran\u00e7aise, Jean Imbert fait l\u2019objet d\u2019une enqu\u00eate pour violences sur l\u2019une de ses ex-compagnes, l\u2019ancienne actrice Lila Salet. L\u2019ex-com\u00e9dienne de 33\u00a0ans avait d\u00e9pos\u00e9 plainte pour des faits qualifi\u00e9s de violences sur conjoint et s\u00e9questration, comme relat\u00e9 par le magazine Elle. L\u2019enqu\u00eate pour violences sur conjoint a \u00e9t\u00e9 ouverte \u00e0 la suite de cette plainte concernant \u00ab\u00a0des faits que la victime situe en 2012-2013\u00a0\u00bb, avait pr\u00e9cis\u00e9 le parquet de Versailles.<\/p>\n<p class=\"asset asset-text\">Aupr\u00e8s du magazine Elle, Jean Imbert avait ni\u00e9 toute violence physique ou psychologique envers d\u2019ex-compagnes et avait de nouveau clam\u00e9 son innocence apr\u00e8s l\u2019ouverture de l\u2019enqu\u00eate \u00e0 son encontre.<\/p>\n","protected":false},"excerpt":{"rendered":"Quotidien A l\u2019Assembl\u00e9e nationale, Alexandra Rosenfeld a t\u00e9moign\u00e9 mercredi 26\u00a0novembre contre son ex-conjoint\u00a0Jean Imbert (Ici dans l\u2019\u00e9mission \u00ab\u00a0Quotidien\u00a0\u00bb&hellip;\n","protected":false},"author":2,"featured_media":563747,"comment_status":"","ping_status":"","sticky":false,"template":"","format":"standard","meta":{"footnotes":""},"categories":[8],"tags":[416,58,59,1011,27,13518,5656,5686,13570],"class_list":{"0":"post-563746","1":"post","2":"type-post","3":"status-publish","4":"format-standard","5":"has-post-thumbnail","7":"category-divertissement","8":"tag-assemblee-nationale","9":"tag-divertissement","10":"tag-entertainment","11":"tag-fr","12":"tag-france","13":"tag-jean-imbert","14":"tag-life","15":"tag-metoo","16":"tag-violences-conjuguales"},"share_on_mastodon":{"url":"https:\/\/pubeurope.com\/@fr\/115625494517668157","error":""},"_links":{"self":[{"href":"https:\/\/www.europesays.com\/fr\/wp-json\/wp\/v2\/posts\/563746","targetHints":{"allow":["GET"]}}],"collection":[{"href":"https:\/\/www.europesays.com\/fr\/wp-json\/wp\/v2\/posts"}],"about":[{"href":"https:\/\/www.europesays.com\/fr\/wp-json\/wp\/v2\/types\/post"}],"author":[{"embeddable":true,"href":"https:\/\/www.europesays.com\/fr\/wp-json\/wp\/v2\/users\/2"}],"replies":[{"embeddable":true,"href":"https:\/\/www.europesays.com\/fr\/wp-json\/wp\/v2\/comments?post=563746"}],"version-history":[{"count":0,"href":"https:\/\/www.europesays.com\/fr\/wp-json\/wp\/v2\/posts\/563746\/revisions"}],"wp:featuredmedia":[{"embeddable":true,"href":"https:\/\/www.europesays.com\/fr\/wp-json\/wp\/v2\/media\/563747"}],"wp:attachment":[{"href":"https:\/\/www.europesays.com\/fr\/wp-json\/wp\/v2\/media?parent=563746"}],"wp:term":[{"taxonomy":"category","embeddable":true,"href":"https:\/\/www.europesays.com\/fr\/wp-json\/wp\/v2\/categories?post=563746"},{"taxonomy":"post_tag","embeddable":true,"href":"https:\/\/www.europesays.com\/fr\/wp-json\/wp\/v2\/tags?post=563746"}],"curies":[{"name":"wp","href":"https:\/\/api.w.org\/{rel}","templated":true}]}}