{"id":563750,"date":"2025-11-28T04:44:16","date_gmt":"2025-11-28T04:44:16","guid":{"rendered":"https:\/\/www.europesays.com\/fr\/563750\/"},"modified":"2025-11-28T04:44:16","modified_gmt":"2025-11-28T04:44:16","slug":"avis-aux-abonnes-freebox-pop-free-a-glisse-une-surprise-dans-vos-emails-pour-les-fetes","status":"publish","type":"post","link":"https:\/\/www.europesays.com\/fr\/563750\/","title":{"rendered":"Avis aux abonn\u00e9s Freebox Pop\u00a0: Free a gliss\u00e9 une surprise dans vos emails pour les f\u00eates"},"content":{"rendered":"<p>En bref<\/p>\n<ul class=\"ed__lists ed__bdy__l\">\n<li>Free offre une remise de six mois \u00e0 certains abonn\u00e9s Freebox Pop pour les fid\u00e9liser.<\/li>\n<li>La r\u00e9duction fait passer l\u2019abonnement de 39,99 \u20ac \u00e0 34,99 \u20ac, pendant une p\u00e9riode de six mois.<\/li>\n<li>Les crit\u00e8res d\u2019\u00e9ligibilit\u00e9 restent flous, \u00e9tant donn\u00e9 que tous les abonn\u00e9s ne sont pas concern\u00e9s.<\/li>\n<\/ul>\n<p class=\"ed__a-p ed__bdy__l\">Il est temps de jouer la carte de l\u2019op\u00e9ration s\u00e9duction pour Free. Non pas pour recruter de nouveaux abonn\u00e9s, <a href=\"https:\/\/www.lesnumeriques.com\/societe-numerique\/free-n-a-pas-tout-compris-les-nouveaux-abonnes-freebox-se-font-rares-en-2025-n245905.html\" title=\"Free n\u2019a pas tout compris\u00a0: les nouveaux abonn\u00e9s Freebox se font rares en 2025\" target=\"_blank\" rel=\"noopener\">ce que l\u2019entreprise n\u2019arrive pas \u00e0 faire en 2025<\/a>, mais plut\u00f4t pour garder ceux d\u00e9j\u00e0 enr\u00f4l\u00e9s dans un abonnement Internet. Plus pr\u00e9cis\u00e9ment, certains clients Freebox Pop ont re\u00e7u un mail annon\u00e7ant une remise exceptionnelle pour une dur\u00e9e de 6 mois !<\/p>\n<p>Op\u00e9ration fid\u00e9lit\u00e9 pour les f\u00eates chez Free, les abonn\u00e9s Freebox Pop en ligne de mire<\/p>\n<p class=\"ed__a-p ed__bdy__l\">Alors que la Freebox R\u00e9volution Light <a href=\"https:\/\/www.lesnumeriques.com\/forfait-mobile\/free-relance-deja-sa-serie-speciale-freebox-revolution-light-avec-un-petit-bonus-n246079.html\" title=\"Free relance d\u00e9j\u00e0 sa S\u00e9rie Sp\u00e9ciale Freebox R\u00e9volution Light avec un petit bonus\" target=\"_blank\" rel=\"noopener\">revient \u00e0 son prix le plus s\u00e9duisant<\/a>, Free s\u2019active en coulisses pour p\u00e9renniser ses abonn\u00e9s actuels. Apr\u00e8s avoir offert <a href=\"https:\/\/www.lesnumeriques.com\/cine-svod\/freebox-paramount-arrive-a-son-tour-sur-les-box-avec-un-mois-offert-n245867.html\" title=\"Freebox : Paramount+ arrive \u00e0 son tour sur les box avec un mois offert\" target=\"_blank\" rel=\"noopener\">un mois de Paramount+<\/a>, il est temps pour l\u2019op\u00e9rateur de Xavier Niel de jouer la carte des remises.<\/p>\n<p class=\"ed__a-p ed__bdy__l\"><a href=\"https:\/\/x.com\/KoshoNSA\/status\/1993656980356104236\" target=\"_blank\" rel=\"nofollow\">Certains abonn\u00e9s<\/a> ont en effet re\u00e7u un mail leur annon\u00e7ant une bonne nouvelle : \u201cParce que l\u2019on sait que vous adorez les bonnes surprises, nous avons le plaisir de vous informer qu\u2019\u00e0 compter du 01\/12\/2025, vous b\u00e9n\u00e9ficierez automatiquement d\u2019une remise sur votre abonnement\u201d.<\/p>\n<p class=\"ed__a-p ed__bdy__l\">C\u2019est ainsi que les abonn\u00e9s <a href=\"https:\/\/www.lesnumeriques.com\/disque-dur-multimedia\/freebox-pop-fibre-jusqu-a-5-gbit-s-avec-wi-fi-7-et-tv-4k-pour-29-99-mois-n245338.html\" title=\"Freebox Pop : fibre jusqu\u2019\u00e0 5 Gbit\/s avec Wi-Fi 7 et TV 4K pour 29,99 \u20ac\/mois\" target=\"_blank\" rel=\"noopener\">Freebox Pop<\/a> d\u00e9couvrent la r\u00e9duction temporaire appliqu\u00e9e \u00e0 leur abonnement, avec un prix mensuel tombant \u00e0 34,99 \u20ac au lieu de 39,99 \u20ac, et ce, pendant une p\u00e9riode de six mois \u2014 soit une \u00e9conomie totale de 30 \u20ac.<\/p>\n<p class=\"ed__a-p ed__bdy__l\">Un cadeau qui saura ravir les heureux concern\u00e9s, m\u00eame si on ne sait toujours pas vraiment quels crit\u00e8res Free prend en compte pour offrir la remise \u00e0 tel ou tel abonn\u00e9 Freebox Pop. Conseil donc : regardez vos mails dans les jours \u00e0 venir, si rien n\u2019arrive de la part de l\u2019op\u00e9rateur, c\u2019est que vous n\u2019\u00eates pas l\u2019\u00e9lu en ces f\u00eates de fin d\u2019ann\u00e9e.<\/p>\n","protected":false},"excerpt":{"rendered":"En bref Free offre une remise de six mois \u00e0 certains abonn\u00e9s Freebox Pop pour les fid\u00e9liser. La&hellip;\n","protected":false},"author":2,"featured_media":563751,"comment_status":"","ping_status":"","sticky":false,"template":"","format":"standard","meta":{"footnotes":""},"categories":[6],"tags":[35,33,34,1011,27],"class_list":{"0":"post-563750","1":"post","2":"type-post","3":"status-publish","4":"format-standard","5":"has-post-thumbnail","7":"category-economie","8":"tag-business","9":"tag-economie","10":"tag-economy","11":"tag-fr","12":"tag-france"},"share_on_mastodon":{"url":"https:\/\/pubeurope.com\/@fr\/115625503255395454","error":""},"_links":{"self":[{"href":"https:\/\/www.europesays.com\/fr\/wp-json\/wp\/v2\/posts\/563750","targetHints":{"allow":["GET"]}}],"collection":[{"href":"https:\/\/www.europesays.com\/fr\/wp-json\/wp\/v2\/posts"}],"about":[{"href":"https:\/\/www.europesays.com\/fr\/wp-json\/wp\/v2\/types\/post"}],"author":[{"embeddable":true,"href":"https:\/\/www.europesays.com\/fr\/wp-json\/wp\/v2\/users\/2"}],"replies":[{"embeddable":true,"href":"https:\/\/www.europesays.com\/fr\/wp-json\/wp\/v2\/comments?post=563750"}],"version-history":[{"count":0,"href":"https:\/\/www.europesays.com\/fr\/wp-json\/wp\/v2\/posts\/563750\/revisions"}],"wp:featuredmedia":[{"embeddable":true,"href":"https:\/\/www.europesays.com\/fr\/wp-json\/wp\/v2\/media\/563751"}],"wp:attachment":[{"href":"https:\/\/www.europesays.com\/fr\/wp-json\/wp\/v2\/media?parent=563750"}],"wp:term":[{"taxonomy":"category","embeddable":true,"href":"https:\/\/www.europesays.com\/fr\/wp-json\/wp\/v2\/categories?post=563750"},{"taxonomy":"post_tag","embeddable":true,"href":"https:\/\/www.europesays.com\/fr\/wp-json\/wp\/v2\/tags?post=563750"}],"curies":[{"name":"wp","href":"https:\/\/api.w.org\/{rel}","templated":true}]}}