{"id":563773,"date":"2025-11-28T05:05:19","date_gmt":"2025-11-28T05:05:19","guid":{"rendered":"https:\/\/www.europesays.com\/fr\/563773\/"},"modified":"2025-11-28T05:05:19","modified_gmt":"2025-11-28T05:05:19","slug":"tout-savoir-sur-ce-choc-a-annecy-en-coupe-de-france","status":"publish","type":"post","link":"https:\/\/www.europesays.com\/fr\/563773\/","title":{"rendered":"tout savoir sur ce choc \u00e0 Annecy en Coupe de France"},"content":{"rendered":"<p itemprop=\"description\"><strong>Grenoble doit composer avec plusieurs absences et un effectif l\u00e9g\u00e8rement remani\u00e9 pour ce nouveau rendez-vous de Coupe de France.<\/strong><\/p>\n<p>Pour ce 8e tour de Coupe de France, le Grenoble Foot 38 se d\u00e9place chez le FC Annecy ce vendredi soir (20h), pour un derby r\u00e9gional qui s\u2019annonce intense face \u00e0 une \u00e9quipe de Ligue 2, accol\u00e9es au classement.<\/p>\n<p>Le club is\u00e9rois devra pourtant faire sans deux joueurs importants. Baptiste Mouazan, toujours diminu\u00e9 par une blessure au pied, sera indisponible plusieurs semaines et ne reviendra pas avant l\u2019an prochain. Stone Mambo, touch\u00e9 \u00e0 la cheville lors du match \u00e0 Boulogne-sur-Mer, est, lui aussi, forfait pour ce d\u00e9placement.<\/p>\n<p>Malgr\u00e9 cette opposition relev\u00e9e, Franck Rizzetto pr\u00e9voit d\u2019ajuster son onze de d\u00e9part sans bouleverser totalement la structure de l\u2019\u00e9quipe, contrairement au tour pr\u00e9c\u00e9dent, o\u00f9 l\u2019adversaire \u00e9tait bien plus modeste.<\/p>\n<p>Bobby Allain gardera encore les cages grenobloises, d\u00e9j\u00e0 titulaire au tour pr\u00e9c\u00e8dent, tandis que plusieurs joueurs devraient \u00eatre int\u00e9gr\u00e9s d\u00e8s le coup d\u2019envoi, notamment Mathieu Mion, Mamady Bangr\u00e9, Moussa Ditt\u00e9 et Yadaly Diaby. Une mani\u00e8re de conserver de la fra\u00eecheur tout en restant comp\u00e9titif pour ce choc entre voisins.<\/p>\n<p>Sur leurs cinq derni\u00e8res confrontations, chaque \u00e9quipe a remport\u00e9 et donc perdu deux matchs, et fait un match nul. Les deux formations sont 10e et 12e en championnat, et le choc de Coupe de France s&rsquo;annonce donc tr\u00e8s serr\u00e9.<\/p>\n","protected":false},"excerpt":{"rendered":"Grenoble doit composer avec plusieurs absences et un effectif l\u00e9g\u00e8rement remani\u00e9 pour ce nouveau rendez-vous de Coupe de&hellip;\n","protected":false},"author":2,"featured_media":563774,"comment_status":"","ping_status":"","sticky":false,"template":"","format":"standard","meta":{"footnotes":""},"categories":[9566],"tags":[1111,11,2813,2430,1109,251,1112,2811,1777,674,118,1011,27,21780,2731,14004,1922,1110,1114,108,12,316,25,2812,517,800],"class_list":{"0":"post-563773","1":"post","2":"type-post","3":"status-publish","4":"format-standard","5":"has-post-thumbnail","7":"category-grenoble","8":"tag-actu","9":"tag-actualites","10":"tag-article","11":"tag-auvergne-rhone-alpes","12":"tag-breves","13":"tag-culture","14":"tag-depeches","15":"tag-economique","16":"tag-eu","17":"tag-europe","18":"tag-faits-divers","19":"tag-fr","20":"tag-france","21":"tag-gf38","22":"tag-grenoble","23":"tag-grenoblemag","24":"tag-info","25":"tag-informations","26":"tag-infos","27":"tag-isere","28":"tag-news","29":"tag-politique","30":"tag-republique-francaise","31":"tag-sociale","32":"tag-sport","33":"tag-transports"},"share_on_mastodon":{"url":"https:\/\/pubeurope.com\/@fr\/115625585831994597","error":""},"_links":{"self":[{"href":"https:\/\/www.europesays.com\/fr\/wp-json\/wp\/v2\/posts\/563773","targetHints":{"allow":["GET"]}}],"collection":[{"href":"https:\/\/www.europesays.com\/fr\/wp-json\/wp\/v2\/posts"}],"about":[{"href":"https:\/\/www.europesays.com\/fr\/wp-json\/wp\/v2\/types\/post"}],"author":[{"embeddable":true,"href":"https:\/\/www.europesays.com\/fr\/wp-json\/wp\/v2\/users\/2"}],"replies":[{"embeddable":true,"href":"https:\/\/www.europesays.com\/fr\/wp-json\/wp\/v2\/comments?post=563773"}],"version-history":[{"count":0,"href":"https:\/\/www.europesays.com\/fr\/wp-json\/wp\/v2\/posts\/563773\/revisions"}],"wp:featuredmedia":[{"embeddable":true,"href":"https:\/\/www.europesays.com\/fr\/wp-json\/wp\/v2\/media\/563774"}],"wp:attachment":[{"href":"https:\/\/www.europesays.com\/fr\/wp-json\/wp\/v2\/media?parent=563773"}],"wp:term":[{"taxonomy":"category","embeddable":true,"href":"https:\/\/www.europesays.com\/fr\/wp-json\/wp\/v2\/categories?post=563773"},{"taxonomy":"post_tag","embeddable":true,"href":"https:\/\/www.europesays.com\/fr\/wp-json\/wp\/v2\/tags?post=563773"}],"curies":[{"name":"wp","href":"https:\/\/api.w.org\/{rel}","templated":true}]}}