{"id":563775,"date":"2025-11-28T05:06:12","date_gmt":"2025-11-28T05:06:12","guid":{"rendered":"https:\/\/www.europesays.com\/fr\/563775\/"},"modified":"2025-11-28T05:06:12","modified_gmt":"2025-11-28T05:06:12","slug":"que-faire-a-rennes-ce-week-end-du-29-novembre-au-30-novembre-2025","status":"publish","type":"post","link":"https:\/\/www.europesays.com\/fr\/563775\/","title":{"rendered":"Que faire \u00e0 Rennes ce week-end du 29 novembre au 30 novembre 2025 ?"},"content":{"rendered":"<p>\n        Tout public. Dispositif propos\u00e9 par la Ville de Rennes. Dans le cadre du dispositif Nouveaux commissaires, sept habitants du quartier ont choisi de concevoir une exposition sur le matrimoine du Blosne, abord\u00e9 \u00e0 travers les t\u00e9moignages de femmes qui font ou ont fait l\u2019histoire et le matrimoine du quartier.\n        <\/p>\n<p><a href=\"https:\/\/www.letelegramme.fr\/api\/gotourl\/bevt\/2750405\/\" target=\"_blank\" rel=\"noopener\"><br \/>\n        Spectacle d\u2019humour \u00ab\u00a0On se foutrait pas un peu de notre gueule\u00a0?\u00a0\u00bb<br \/>\n        <\/a><\/p>\n<p>\n        Avec son style ac\u00e9r\u00e9 et son humour mordant, Thierry Marquet s\u2019amuse \u00e0 d\u00e9crypter les absurdit\u00e9s du quotidien. Rien ni personne n\u2019\u00e9chappe \u00e0 son regard aiguis\u00e9 : les relations amoureuses, les petites hypocrisies, les grandes arnaques, les phrases toutes faites\u2026 et m\u00eame le public, mais toujours avec bienveillance.\n        <\/p>\n<p><a href=\"https:\/\/www.letelegramme.fr\/api\/gotourl\/bevt\/3047980\/\" target=\"_blank\" rel=\"noopener\"><br \/>\n        Exposition\u00a0: Faire corps<br \/>\n        <\/a><\/p>\n<p>\n        Dans le cadre du festival Glaz, rencontres internationales de la photographie de Rennes, dont l\u2019\u00e9dition 2025 explore les liens entre actes d\u2019amour et de r\u00e9bellion, L\u2019Imagerie centre d\u2019art et de photographie \u00e0 Lannion, s\u2019associe au Frac Bretagne pour une exposition construite \u00e0 partir de leurs collections photographiques. Cette proposition r\u00e9unit des \u0153uvres de 17 artistes de diff\u00e9rentes nationalit\u00e9s qui interrogent les mani\u00e8res de se relier les uns aux autres.\n        <\/p>\n<p><a href=\"https:\/\/www.letelegramme.fr\/api\/gotourl\/bevt\/3042058\/\" target=\"_blank\" rel=\"noopener\"><br \/>\n        Exposition\u00a0: Elles &#8211; Leurs droits, notre histoire<br \/>\n        <\/a><\/p>\n<p>\n        Pour plonger dans le quotidien des Bretilliennes, du XIXe si\u00e8cle \u00e0 nos jours. \u00ab Elles. Leurs droits, notre histoire. Les Bretilliennes s\u2019\u00e9mancipent (XIX-XXe si\u00e8cles) \u00bb retrace l\u2019histoire de l\u2019\u00e9mancipation f\u00e9minine et l\u2019impact que la conqu\u00eate des droits a eu sur le quotidien des femmes d\u2019Ille-et-Vilaine. Fermeture le premier lundi de chaque mois et jours f\u00e9ri\u00e9s. Ouverture exceptionnelle : dimanche 26 octobre, dimanche 30 novembre, dimanches 1er f\u00e9vrier et 8 mars 2026 de 14 h 30 \u00e0 18 h.\n        <\/p>\n<p>L&rsquo;agenda des loisirs<\/p>\n<p class=\"moveInBrittany__text\" style=\"color:#fff\">\n            Festivals, expositions, visites, conf\u00e9rences, &#8230;\n          <\/p>\n<p>Sortir \u00e0 Rennes le dimanche 30 novembre<\/p>\n","protected":false},"excerpt":{"rendered":"Tout public. Dispositif propos\u00e9 par la Ville de Rennes. Dans le cadre du dispositif Nouveaux commissaires, sept habitants&hellip;\n","protected":false},"author":2,"featured_media":6963,"comment_status":"","ping_status":"","sticky":false,"template":"","format":"standard","meta":{"footnotes":""},"categories":[2821],"tags":[1111,11,829,1777,674,1011,27,12,3907,584,25],"class_list":{"0":"post-563775","1":"post","2":"type-post","3":"status-publish","4":"format-standard","5":"has-post-thumbnail","7":"category-rennes","8":"tag-actu","9":"tag-actualites","10":"tag-bretagne","11":"tag-eu","12":"tag-europe","13":"tag-fr","14":"tag-france","15":"tag-news","16":"tag-que-faire","17":"tag-rennes","18":"tag-republique-francaise"},"share_on_mastodon":{"url":"https:\/\/pubeurope.com\/@fr\/115625589843671681","error":""},"_links":{"self":[{"href":"https:\/\/www.europesays.com\/fr\/wp-json\/wp\/v2\/posts\/563775","targetHints":{"allow":["GET"]}}],"collection":[{"href":"https:\/\/www.europesays.com\/fr\/wp-json\/wp\/v2\/posts"}],"about":[{"href":"https:\/\/www.europesays.com\/fr\/wp-json\/wp\/v2\/types\/post"}],"author":[{"embeddable":true,"href":"https:\/\/www.europesays.com\/fr\/wp-json\/wp\/v2\/users\/2"}],"replies":[{"embeddable":true,"href":"https:\/\/www.europesays.com\/fr\/wp-json\/wp\/v2\/comments?post=563775"}],"version-history":[{"count":0,"href":"https:\/\/www.europesays.com\/fr\/wp-json\/wp\/v2\/posts\/563775\/revisions"}],"wp:featuredmedia":[{"embeddable":true,"href":"https:\/\/www.europesays.com\/fr\/wp-json\/wp\/v2\/media\/6963"}],"wp:attachment":[{"href":"https:\/\/www.europesays.com\/fr\/wp-json\/wp\/v2\/media?parent=563775"}],"wp:term":[{"taxonomy":"category","embeddable":true,"href":"https:\/\/www.europesays.com\/fr\/wp-json\/wp\/v2\/categories?post=563775"},{"taxonomy":"post_tag","embeddable":true,"href":"https:\/\/www.europesays.com\/fr\/wp-json\/wp\/v2\/tags?post=563775"}],"curies":[{"name":"wp","href":"https:\/\/api.w.org\/{rel}","templated":true}]}}