{"id":563782,"date":"2025-11-28T05:10:15","date_gmt":"2025-11-28T05:10:15","guid":{"rendered":"https:\/\/www.europesays.com\/fr\/563782\/"},"modified":"2025-11-28T05:10:15","modified_gmt":"2025-11-28T05:10:15","slug":"tout-ce-quil-faut-savoir-sur-les-illuminations-et-le-village-de-noel-de-nice","status":"publish","type":"post","link":"https:\/\/www.europesays.com\/fr\/563782\/","title":{"rendered":"tout ce qu\u2019il faut savoir sur les illuminations et le village de No\u00ebl de Nice"},"content":{"rendered":"<p class=\"fs-5 \">Oui, No\u00ebl arrive ! D\u00e8s ce vendredi soir, \u00e0 19 h, on inaugure le Village de No\u00ebl, entre place Mass\u00e9na et jardin Albert-Ier, ainsi que les illuminations, rayonnant d\u00e9j\u00e0 \u00e7\u00e0 et l\u00e0 en ville. Une ambiance festive qui va perdurer jusqu\u2019au 4 janvier (1).<\/p>\n<p class=\"fs-5 \">Cet esprit village renouera avec plus de 60 chalets de bois proposant, sous leurs auvents, une multitude de produits et sp\u00e9cialit\u00e9s, notamment gourmandes, de No\u00ebl.<\/p>\n<p class=\"fs-5 \">Un site \u00e9ph\u00e9m\u00e8re qui pla\u00eet au maire : \u00ab Les Ni\u00e7oises et les Ni\u00e7ois pourront y d\u00e9couvrir un univers o\u00f9 se m\u00ealent traditions, savoir-faire, saveurs locales et animations pour offrir \u00e0 chacun un moment suspendu\u2026 \u00bb<\/p>\n<p class=\"fs-5 \">Comme toujours, au c\u0153ur de cet univers hivernal, il y aura les incontournables \u00ab spots \u00bb.<\/p>\n<p class=\"fs-5 \">Notamment la grande roue pour prendre de la hauteur panoramique et \u00e0 bord de laquelle, le 5 d\u00e9cembre de 18 h \u00e0 20 h, aura lieu une soir\u00e9e caritative avec ap\u00e9ro d\u00eenatoire en partenariat avec le lyc\u00e9e Jeanne-et-Paul-Augier, au b\u00e9n\u00e9fice du T\u00e9l\u00e9thon.<\/p>\n<p>                                                                                Bonheur dor\u00e9 un peu partout<\/p>\n<p class=\"fs-5 \">De part et d\u2019autre de cette rotation g\u00e9ante et embl\u00e9matique, tenant lieu de phare, on retrouvera d\u2019autres attractions, dont le grand man\u00e8ge sapin, un espace restauration et buvette, des s\u00e9quences dansantes, seniors, familiales, des soir\u00e9es musicales, la pr\u00e9sence du P\u00e8re No\u00ebl, sans oublier sa pittoresque cabane, des ateliers, des jeux, plus \u00ab nos stations de ski Nice C\u00f4te d\u2019Azur mises en avant avec un espace d\u00e9di\u00e9 place Mass\u00e9na \u00bb.<\/p>\n<p class=\"fs-5 \">Cette atmosph\u00e8re heureuse sera \u00e9galement dupliqu\u00e9e durant toute cette p\u00e9riode dans diff\u00e9rents quartiers de Nice, communes de la M\u00e9tropole Nice-C\u00f4te d\u2019Azur, \u00e9tablissements culturels, de la petite enfance, les AnimaNice, les \u00e9tablissements g\u00e9r\u00e9s par le CCAS, etc.<\/p>\n<p>                                                                                Laser show et d\u00e9cors respectueux<\/p>\n<p class=\"fs-5 \">No\u00ebl et ses cadeaux, ses ornements, son vin chaud, sa raclette, ses gaufres\u2026 Mais No\u00ebl, c\u2019est aussi, originellement, le symbole du retour de la lumi\u00e8re.<\/p>\n<p class=\"fs-5 \">Donc, ce soir, concomitamment \u00e0 l\u2019ouverture des maisonnettes regorgeant de surprises, le maire appuiera sur l\u2019interrupteur donnant le top des illuminations place Mass\u00e9na, alors que celui des territoires a d\u00e9but\u00e9 le 24 novembre.<\/p>\n<p class=\"fs-5 \">Un geste qui actionnera le scintillement de d\u00e9cors 100 % LED et recyclables respectueux de l\u2019environnement, notamment place Mass\u00e9na, dont les fa\u00e7ades seront balay\u00e9es par un laser show.<\/p>\n<p class=\"fs-5 \">Au total, comme le souligne Christian Estrosi, \u00ab plus de 1.000 motifs lumineux habillent nos rues\u2026 \u00bb <\/p>\n<p class=\"fs-5 \">Des motifs install\u00e9s dans diff\u00e9rents quartiers, auxquels se rajoutent 200 km de guirlandes, 300 palmiers en fourreaux de strass le long de la promenade des Anglais, 54 sapins de 7 m de hauteur, un miroir d\u2019eau saupoudr\u00e9 d\u2019un givre diaphane.<\/p>\n<p class=\"fs-5 \">Plus \u00ab l\u2019embl\u00e9matique p\u00e8re No\u00ebl de 8 m\u00e8tres, qui retrouve sa position face \u00e0 l\u2019h\u00f4pital Lenval, apportant un sourire aux enfants, aux familles et aux soignants\u2026 \u00bb<\/p>\n<p class=\"fs-5 \">1. Lundi, mardi et mercredi de 12 \u00e0 21 h, jeudi et vendredi de 12 \u00e0 23 h, samedi de 11 \u00e0 23 h et dimanche de 11 \u00e0 21 h, jusqu\u2019au 4 janvier. Horaires sp\u00e9ciaux les 24 et 31 d\u00e9cembre (de 12 \u00e0 19 h), le 25 d\u00e9cembre (de 14 \u00e0 23 h) et le 1er janvier (de 12 \u00e0 23 h). Entr\u00e9e libre. Programme complet sur Nice.fr<\/p>\n","protected":false},"excerpt":{"rendered":"Oui, No\u00ebl arrive ! D\u00e8s ce vendredi soir, \u00e0 19 h, on inaugure le Village de No\u00ebl, entre&hellip;\n","protected":false},"author":2,"featured_media":563783,"comment_status":"","ping_status":"","sticky":false,"template":"","format":"standard","meta":{"footnotes":""},"categories":[2819],"tags":[1111,11,1777,674,1011,27,12,2401,882,25],"class_list":{"0":"post-563782","1":"post","2":"type-post","3":"status-publish","4":"format-standard","5":"has-post-thumbnail","7":"category-nice","8":"tag-actu","9":"tag-actualites","10":"tag-eu","11":"tag-europe","12":"tag-fr","13":"tag-france","14":"tag-news","15":"tag-nice","16":"tag-provence-alpes-cote-dazur","17":"tag-republique-francaise"},"share_on_mastodon":{"url":"https:\/\/pubeurope.com\/@fr\/115625605567509394","error":""},"_links":{"self":[{"href":"https:\/\/www.europesays.com\/fr\/wp-json\/wp\/v2\/posts\/563782","targetHints":{"allow":["GET"]}}],"collection":[{"href":"https:\/\/www.europesays.com\/fr\/wp-json\/wp\/v2\/posts"}],"about":[{"href":"https:\/\/www.europesays.com\/fr\/wp-json\/wp\/v2\/types\/post"}],"author":[{"embeddable":true,"href":"https:\/\/www.europesays.com\/fr\/wp-json\/wp\/v2\/users\/2"}],"replies":[{"embeddable":true,"href":"https:\/\/www.europesays.com\/fr\/wp-json\/wp\/v2\/comments?post=563782"}],"version-history":[{"count":0,"href":"https:\/\/www.europesays.com\/fr\/wp-json\/wp\/v2\/posts\/563782\/revisions"}],"wp:featuredmedia":[{"embeddable":true,"href":"https:\/\/www.europesays.com\/fr\/wp-json\/wp\/v2\/media\/563783"}],"wp:attachment":[{"href":"https:\/\/www.europesays.com\/fr\/wp-json\/wp\/v2\/media?parent=563782"}],"wp:term":[{"taxonomy":"category","embeddable":true,"href":"https:\/\/www.europesays.com\/fr\/wp-json\/wp\/v2\/categories?post=563782"},{"taxonomy":"post_tag","embeddable":true,"href":"https:\/\/www.europesays.com\/fr\/wp-json\/wp\/v2\/tags?post=563782"}],"curies":[{"name":"wp","href":"https:\/\/api.w.org\/{rel}","templated":true}]}}