{"id":563787,"date":"2025-11-28T05:13:12","date_gmt":"2025-11-28T05:13:12","guid":{"rendered":"https:\/\/www.europesays.com\/fr\/563787\/"},"modified":"2025-11-28T05:13:12","modified_gmt":"2025-11-28T05:13:12","slug":"black-friday-a-nantes-ces-magasins-font-de-la-resistance-a-la-journee-de-tres-grosses-promotions","status":"publish","type":"post","link":"https:\/\/www.europesays.com\/fr\/563787\/","title":{"rendered":"Black Friday\u00a0: \u00e0 Nantes, ces magasins font de la r\u00e9sistance \u00e0 la journ\u00e9e de tr\u00e8s grosses promotions"},"content":{"rendered":"<p>Chaque quatri\u00e8me vendredi de novembre, une f\u00eate commerciale venue des \u00c9tats-Unis s&rsquo;invite dans la vie des Fran\u00e7ais\u00a0: le Black Friday. L&rsquo;objectif est simple, proposer de tr\u00e8s grosses promotions aux clients dans les commerces. Mais certaines enseignes, comme \u00e0 Nantes, tentent de contrer ce ph\u00e9nom\u00e8ne. <\/p>\n<p>\u00c0\u00a0chaque mois sa promotion\u2026 Braderie d&rsquo;automne, soldes d&rsquo;hiver, mais surtout, le vendredi noir de novembre. <strong>Le Black Friday<\/strong>, traditionnelle journ\u00e9e aux\u00a0\u00c9tats-Unis o\u00f9 les prix sont brad\u00e9s dans les magasins, au lendemain de Thanksgiving, d\u00e9ferle d\u00e9sormais sur la France chaque ann\u00e9e. Nantes, comme tout le pays, n&rsquo;y \u00e9chappe pas. Mais certaines petites enseignes font de la r\u00e9sistance ce vendredi 28 novembre.<\/p>\n<p>D\u00e9fendre l&rsquo;environnement plut\u00f4t que la surconsommation<\/p>\n<p>En effet, de plus en plus de boutiques font le choix de <strong>ne pas promouvoir<\/strong> cette journ\u00e9e commerciale. C&rsquo;est le cas de l&rsquo;enseigne\u00a0Dille &amp; Kamille, en centre-ville de Nantes, qui a d\u00e9cid\u00e9 de fermer totalement son magasin le vendredi 28 novembre. \u00ab\u00a0L&rsquo;\u00e9quipe part alors faire des missions d&rsquo;ordre \u00e9co-responsables dans la ville\u00a0\u00bb,\u00a0explique la co-g\u00e9rante du magasin, Claire. Objectif,\u00a0<strong>sensibiliser \u00e0 la surconsommation<\/strong>, notamment aupr\u00e8s des clients du magasin, qui auront la \u00ab\u00a0possibilit\u00e9 de se voir offrir, devant le magasin ferm\u00e9, des graines ce vendredi qu&rsquo;ils pourront planter\u00a0\u00bb. La commer\u00e7ante nantaise s&rsquo;inspire en cela du mouvement du\u00a0<strong>Green Friday<\/strong>, le \u00ab\u00a0vendredi vert\u00a0\u00bb, qui veut donc prendre le contre-pied du Black Friday.<\/p>\n<p>A quelques centaine de m\u00e8tres, la boutique La Perle des Dieux, tr\u00e8s connue dans le passage Pommeraye, profite \u00e9galement de ce Black Friday pour faire une bonne action. Elle a mis en place <strong>le \u00ab\u00a0vendredi bleu\u00a0\u00bb<\/strong>, pour d\u00e9fendre les oc\u00e9ans.\u00a0Une partie des recettes du magasin ce vendredi sera remise aux associations\u00a0Plancton Plan\u00e8te et la SNSM (Soci\u00e9t\u00e9 Nationale de Sauvetage en Mer).<\/p>\n<p>Un Black Friday \u00e0 contrec\u0153ur<\/p>\n<p>Mais pour certaines boutiques, la mise en place de promotions ce jour-l\u00e0 est devenue <strong>une n\u00e9cessit\u00e9<\/strong>. C&rsquo;est le cas des Papiers Nantais, boutique d&rsquo;origami en papier du centre-ville de Nantes. \u00ab\u00a0Le contexte \u00e9conomique difficile\u00a0\u00bb\u00a0 oblige ces petits commer\u00e7ants \u00e0 s&rsquo;associer au Black Friday pour <strong>attirer des clients<\/strong>, nous explique la g\u00e9rante du magasin.<\/p>\n<p>\u00c0 lire aussi   <img decoding=\"async\" src=\"https:\/\/www.europesays.com\/fr\/wp-content\/uploads\/2025\/11\/1764306791_910_400x400\" alt=\"\" style=\"--_image-preview:url('data:image\/jpeg;base64,\/9j\/2wBDACgcHiMeGSgjISMtKygwPGRBPDc3PHtYXUlkkYCZlo+AjIqgtObDoKrarYqMyP\/L2u71\/\/\/\/m8H\/\/\/\/6\/+b9\/\/j\/2wBDASstLTw1PHZBQXb4pYyl+Pj4+Pj4+Pj4+Pj4+Pj4+Pj4+Pj4+Pj4+Pj4+Pj4+Pj4+Pj4+Pj4+Pj4+Pj4+Pj4+Pj\/wAARCAAXACoDASIAAhEBAxEB\/8QAGAAAAwEBAAAAAAAAAAAAAAAAAAIDAQT\/xAAXEAEBAQEAAAAAAAAAAAAAAAAAAQIR\/8QAFQEBAQAAAAAAAAAAAAAAAAAAAAH\/xAAUEQEAAAAAAAAAAAAAAAAAAAAA\/9oADAMBAAIRAxEAPwC1qWqa0mgT1SWm0SoDrAxR2UtABPUJQECVgCj\/2Q==');\" loading=\"lazy\" fetchpriority=\"low\" aria-hidden=\"true\" class=\"svelte-1cksh76 rounded\" onload=\"this.__e=event\" onerror=\"this.__e=event\"\/>\u00c0 lire aussi   <img decoding=\"async\" src=\"https:\/\/www.europesays.com\/fr\/wp-content\/uploads\/2025\/11\/1764306792_508_400x400\" alt=\"\" style=\"--_image-preview:url('data:image\/jpeg;base64,\/9j\/2wBDACgcHiMeGSgjISMtKygwPGRBPDc3PHtYXUlkkYCZlo+AjIqgtObDoKrarYqMyP\/L2u71\/\/\/\/m8H\/\/\/\/6\/+b9\/\/j\/2wBDASstLTw1PHZBQXb4pYyl+Pj4+Pj4+Pj4+Pj4+Pj4+Pj4+Pj4+Pj4+Pj4+Pj4+Pj4+Pj4+Pj4+Pj4+Pj4+Pj4+Pj\/wAARCAAXACoDASIAAhEBAxEB\/8QAGAABAQEBAQAAAAAAAAAAAAAAAAIBAwT\/xAAWEAEBAQAAAAAAAAAAAAAAAAAAARH\/xAAYAQADAQEAAAAAAAAAAAAAAAAAAQIDBP\/EABURAQEAAAAAAAAAAAAAAAAAAAAB\/9oADAMBAAIRAxEAPwDyxcrnFys3fXSVuolbpoXpqdNJTzxcAKqo0ARpoA3\/2Q==');\" loading=\"lazy\" fetchpriority=\"low\" aria-hidden=\"true\" class=\"svelte-1cksh76 rounded\" onload=\"this.__e=event\" onerror=\"this.__e=event\"\/><\/p>\n","protected":false},"excerpt":{"rendered":"Chaque quatri\u00e8me vendredi de novembre, une f\u00eate commerciale venue des \u00c9tats-Unis s&rsquo;invite dans la vie des Fran\u00e7ais\u00a0: le&hellip;\n","protected":false},"author":2,"featured_media":563788,"comment_status":"","ping_status":"","sticky":false,"template":"","format":"standard","meta":{"footnotes":""},"categories":[2818],"tags":[1111,11,1777,674,1011,27,766,12,2636,25],"class_list":{"0":"post-563787","1":"post","2":"type-post","3":"status-publish","4":"format-standard","5":"has-post-thumbnail","7":"category-nantes","8":"tag-actu","9":"tag-actualites","10":"tag-eu","11":"tag-europe","12":"tag-fr","13":"tag-france","14":"tag-nantes","15":"tag-news","16":"tag-pays-de-la-loire","17":"tag-republique-francaise"},"share_on_mastodon":{"url":"https:\/\/pubeurope.com\/@fr\/115625617870987200","error":""},"_links":{"self":[{"href":"https:\/\/www.europesays.com\/fr\/wp-json\/wp\/v2\/posts\/563787","targetHints":{"allow":["GET"]}}],"collection":[{"href":"https:\/\/www.europesays.com\/fr\/wp-json\/wp\/v2\/posts"}],"about":[{"href":"https:\/\/www.europesays.com\/fr\/wp-json\/wp\/v2\/types\/post"}],"author":[{"embeddable":true,"href":"https:\/\/www.europesays.com\/fr\/wp-json\/wp\/v2\/users\/2"}],"replies":[{"embeddable":true,"href":"https:\/\/www.europesays.com\/fr\/wp-json\/wp\/v2\/comments?post=563787"}],"version-history":[{"count":0,"href":"https:\/\/www.europesays.com\/fr\/wp-json\/wp\/v2\/posts\/563787\/revisions"}],"wp:featuredmedia":[{"embeddable":true,"href":"https:\/\/www.europesays.com\/fr\/wp-json\/wp\/v2\/media\/563788"}],"wp:attachment":[{"href":"https:\/\/www.europesays.com\/fr\/wp-json\/wp\/v2\/media?parent=563787"}],"wp:term":[{"taxonomy":"category","embeddable":true,"href":"https:\/\/www.europesays.com\/fr\/wp-json\/wp\/v2\/categories?post=563787"},{"taxonomy":"post_tag","embeddable":true,"href":"https:\/\/www.europesays.com\/fr\/wp-json\/wp\/v2\/tags?post=563787"}],"curies":[{"name":"wp","href":"https:\/\/api.w.org\/{rel}","templated":true}]}}