{"id":563789,"date":"2025-11-28T05:14:10","date_gmt":"2025-11-28T05:14:10","guid":{"rendered":"https:\/\/www.europesays.com\/fr\/563789\/"},"modified":"2025-11-28T05:14:10","modified_gmt":"2025-11-28T05:14:10","slug":"la-meteo-a-bordeaux-du-vendredi-28-novembre-2025","status":"publish","type":"post","link":"https:\/\/www.europesays.com\/fr\/563789\/","title":{"rendered":"La m\u00e9t\u00e9o \u00e0 Bordeaux du vendredi 28 novembre 2025"},"content":{"rendered":"<p><strong>Pr\u00e9visions M\u00e9t\u00e9o \u00e0 Bordeaux demain<\/strong><\/p>\n<p>Demain, des pr\u00e9cipitations \u00e9parses sont attendues. La temp\u00e9rature ext\u00e9rieure atteindra les 12\u00b0C. Une petite brise de 11 km\/h soufflera. Le matin, la temp\u00e9rature atteindra 11\u00b0C en moyenne. Demain apr\u00e8s-midi, les valeurs seront de 12\u00b0C environ, c&rsquo;est au-dessus des temp\u00e9ratures habituelles. Demain soir, le climat approchera les 11\u00b0C.<\/p>\n<p><strong>M\u00e9t\u00e9o \u00e0 Bordeaux pour les prochains jours<\/strong><\/p>\n","protected":false},"excerpt":{"rendered":"Pr\u00e9visions M\u00e9t\u00e9o \u00e0 Bordeaux demain Demain, des pr\u00e9cipitations \u00e9parses sont attendues. La temp\u00e9rature ext\u00e9rieure atteindra les 12\u00b0C. Une&hellip;\n","protected":false},"author":2,"featured_media":563790,"comment_status":"","ping_status":"","sticky":false,"template":"","format":"standard","meta":{"footnotes":""},"categories":[2817],"tags":[1111,11,1997,1777,674,1011,27,12,2219,25],"class_list":{"0":"post-563789","1":"post","2":"type-post","3":"status-publish","4":"format-standard","5":"has-post-thumbnail","7":"category-bordeaux","8":"tag-actu","9":"tag-actualites","10":"tag-bordeaux","11":"tag-eu","12":"tag-europe","13":"tag-fr","14":"tag-france","15":"tag-news","16":"tag-nouvelle-aquitaine","17":"tag-republique-francaise"},"share_on_mastodon":{"url":"https:\/\/pubeurope.com\/@fr\/115625621236795702","error":""},"_links":{"self":[{"href":"https:\/\/www.europesays.com\/fr\/wp-json\/wp\/v2\/posts\/563789","targetHints":{"allow":["GET"]}}],"collection":[{"href":"https:\/\/www.europesays.com\/fr\/wp-json\/wp\/v2\/posts"}],"about":[{"href":"https:\/\/www.europesays.com\/fr\/wp-json\/wp\/v2\/types\/post"}],"author":[{"embeddable":true,"href":"https:\/\/www.europesays.com\/fr\/wp-json\/wp\/v2\/users\/2"}],"replies":[{"embeddable":true,"href":"https:\/\/www.europesays.com\/fr\/wp-json\/wp\/v2\/comments?post=563789"}],"version-history":[{"count":0,"href":"https:\/\/www.europesays.com\/fr\/wp-json\/wp\/v2\/posts\/563789\/revisions"}],"wp:featuredmedia":[{"embeddable":true,"href":"https:\/\/www.europesays.com\/fr\/wp-json\/wp\/v2\/media\/563790"}],"wp:attachment":[{"href":"https:\/\/www.europesays.com\/fr\/wp-json\/wp\/v2\/media?parent=563789"}],"wp:term":[{"taxonomy":"category","embeddable":true,"href":"https:\/\/www.europesays.com\/fr\/wp-json\/wp\/v2\/categories?post=563789"},{"taxonomy":"post_tag","embeddable":true,"href":"https:\/\/www.europesays.com\/fr\/wp-json\/wp\/v2\/tags?post=563789"}],"curies":[{"name":"wp","href":"https:\/\/api.w.org\/{rel}","templated":true}]}}