{"id":563791,"date":"2025-11-28T05:15:19","date_gmt":"2025-11-28T05:15:19","guid":{"rendered":"https:\/\/www.europesays.com\/fr\/563791\/"},"modified":"2025-11-28T05:15:19","modified_gmt":"2025-11-28T05:15:19","slug":"les-previsions-meteo-du-vendredi-28-novembre-a-bordeaux","status":"publish","type":"post","link":"https:\/\/www.europesays.com\/fr\/563791\/","title":{"rendered":"Les pr\u00e9visions m\u00e9t\u00e9o du vendredi 28 novembre \u00e0 Bordeaux"},"content":{"rendered":"<p>Aujourd\u2019hui \u00e0 Bordeaux, le temps devient plus incertain au fil de la journ\u00e9e. <\/p>\n<p style=\"font-size:16px\"><strong>Le matin, <\/strong>le ciel reste tr\u00e8s nuageux avec quelques courtes \u00e9claircies. Les temp\u00e9ratures sont fra\u00eeches mais agr\u00e9ables pour la saison, <strong>autour de 7\u202f\u00b0C<\/strong>, avec un ressenti de <strong>5\u202f\u00b0C<\/strong>. Le vent souffle du sud \u00e0 <strong>10\u202fkm\/h<\/strong>, avec des rafales atteignant<strong> 20\u202fkm\/h.<\/strong> Il n\u2019y a aucune pr\u00e9cipitation ce matin et le risque de pluie reste nul. <\/p>\n<p><img fetchpriority=\"high\" decoding=\"async\" width=\"1024\" height=\"576\" src=\"https:\/\/www.europesays.com\/fr\/wp-content\/uploads\/2025\/11\/nuageux-1-1024x576.png\" alt=\"\" class=\"wp-image-86291\"  \/>Bordeaux aujourd\u2019hui : ciel tr\u00e8s nuageux, courtes \u00e9claircies et averses sporadiques avec un vent soutenu.\u00a0<\/p>\n<p style=\"font-size:16px\"><strong>Dans l\u2019apr\u00e8s-midi<\/strong>, le ciel reste <strong>tr\u00e8s nuageux<\/strong>, ponctu\u00e9 de courtes \u00e9claircies, tandis que les temp\u00e9ratures grimpent \u00e0 <strong>14\u202f\u00b0C<\/strong>, avec un ressenti de <strong>13\u202f\u00b0C.<\/strong> Le vent s\u2019intensifie, avec des rafales pouvant atteindre <strong>30\u202fkm\/h <\/strong>venant du sud-ouest. Quelques averses sont possibles, le risque de pluie atteint <strong>35\u202f%<\/strong>. <\/p>\n<p style=\"font-size:16px\"><strong>En soir\u00e9e,<\/strong> le temps se d\u00e9grade : le ciel reste tr\u00e8s nuageux \u00e0 couvert, accompagn\u00e9 de quelques averses. Les temp\u00e9ratures descendent \u00e0 <strong>12\u202f\u00b0C, ressenties \u00e0 10\u202f\u00b0C, <\/strong>et le vent souffle toujours autour de <strong>10\u202fkm\/h<\/strong> avec des rafales \u00e0<strong> 25\u202fkm\/h.<\/strong><\/p>\n<p style=\"font-size:16px\"><strong>Durant la nuit,<\/strong> le ciel devient couvert et brumeux, avec visibilit\u00e9 r\u00e9duite. Une bruine persistante touche Bordeaux, et le risque de pluie atteint <strong>70\u202f%<\/strong>. Les temp\u00e9ratures restent douces, autour de<strong> 11\u202f\u00b0C<\/strong>, avec un ressenti de <strong>9\u202f\u00b0C sous l\u2019effet du vent.<\/strong><\/p>\n<p style=\"font-size:16px\">Globalement, <strong>la journ\u00e9e reste incertaine et humide<\/strong>, avec un temps id\u00e9al pour rester au chaud ou profiter d\u2019activit\u00e9s rapides \u00e0 l\u2019abri des averses.<\/p>\n<p style=\"font-size:16px\">\u00c0 lire aussi : <a href=\"https:\/\/www.bougerabordeaux.com\/actu\/news\/un-noel-medieval-sempare-du-chateau-de-lavison\/\" target=\"_blank\" rel=\"noreferrer noopener\">Un No\u00ebl m\u00e9di\u00e9val s\u2019empare du ch\u00e2teau de Lavison\u00a0<\/a><\/p>\n","protected":false},"excerpt":{"rendered":"Aujourd\u2019hui \u00e0 Bordeaux, le temps devient plus incertain au fil de la journ\u00e9e. Le matin, le ciel reste&hellip;\n","protected":false},"author":2,"featured_media":535426,"comment_status":"","ping_status":"","sticky":false,"template":"","format":"standard","meta":{"footnotes":""},"categories":[2817],"tags":[1111,11,1997,1777,674,1011,27,12,2219,25],"class_list":{"0":"post-563791","1":"post","2":"type-post","3":"status-publish","4":"format-standard","5":"has-post-thumbnail","7":"category-bordeaux","8":"tag-actu","9":"tag-actualites","10":"tag-bordeaux","11":"tag-eu","12":"tag-europe","13":"tag-fr","14":"tag-france","15":"tag-news","16":"tag-nouvelle-aquitaine","17":"tag-republique-francaise"},"share_on_mastodon":{"url":"https:\/\/pubeurope.com\/@fr\/115625625781662642","error":""},"_links":{"self":[{"href":"https:\/\/www.europesays.com\/fr\/wp-json\/wp\/v2\/posts\/563791","targetHints":{"allow":["GET"]}}],"collection":[{"href":"https:\/\/www.europesays.com\/fr\/wp-json\/wp\/v2\/posts"}],"about":[{"href":"https:\/\/www.europesays.com\/fr\/wp-json\/wp\/v2\/types\/post"}],"author":[{"embeddable":true,"href":"https:\/\/www.europesays.com\/fr\/wp-json\/wp\/v2\/users\/2"}],"replies":[{"embeddable":true,"href":"https:\/\/www.europesays.com\/fr\/wp-json\/wp\/v2\/comments?post=563791"}],"version-history":[{"count":0,"href":"https:\/\/www.europesays.com\/fr\/wp-json\/wp\/v2\/posts\/563791\/revisions"}],"wp:featuredmedia":[{"embeddable":true,"href":"https:\/\/www.europesays.com\/fr\/wp-json\/wp\/v2\/media\/535426"}],"wp:attachment":[{"href":"https:\/\/www.europesays.com\/fr\/wp-json\/wp\/v2\/media?parent=563791"}],"wp:term":[{"taxonomy":"category","embeddable":true,"href":"https:\/\/www.europesays.com\/fr\/wp-json\/wp\/v2\/categories?post=563791"},{"taxonomy":"post_tag","embeddable":true,"href":"https:\/\/www.europesays.com\/fr\/wp-json\/wp\/v2\/tags?post=563791"}],"curies":[{"name":"wp","href":"https:\/\/api.w.org\/{rel}","templated":true}]}}