{"id":563796,"date":"2025-11-28T05:19:22","date_gmt":"2025-11-28T05:19:22","guid":{"rendered":"https:\/\/www.europesays.com\/fr\/563796\/"},"modified":"2025-11-28T05:19:22","modified_gmt":"2025-11-28T05:19:22","slug":"ligue-europa-le-classement-complet-apres-la-5e-journee-lol-et-lille-cartonnent-logc","status":"publish","type":"post","link":"https:\/\/www.europesays.com\/fr\/563796\/","title":{"rendered":"Ligue Europa. Le classement complet apr\u00e8s la 5e journ\u00e9e\u00a0: l\u2019OL et Lille cartonnent, l\u2019OGC"},"content":{"rendered":"<p>Bonne soir\u00e9e pour les clubs fran\u00e7ais en Ligue Europa\u00a0! L\u2019Olympique Lyonnais, brillant vainqueur du Maccabi Tel-Aviv (<a href=\"https:\/\/www.ouest-france.fr\/sport\/football\/ligue-europa\/direct-maccabi-tel-aviv-lyon-suivez-le-match-de-lol-en-ligue-europa-en-direct-099ccdc4-cdfd-45ad-8fb4-3564d3cc6660\" target=\"_blank\" rel=\"noopener\">6-0<\/a>), prend la premi\u00e8re place <a href=\"https:\/\/www.ouest-france.fr\/sport\/football\/ligue-europa\/classement\/\" target=\"_blank\" rel=\"noopener\">du classement<\/a> apr\u00e8s cinq journ\u00e9e disput\u00e9es. Les Lyonnais comptent 12\u00a0points sur 15\u00a0possibles et d\u00e9gagent une impression de solidit\u00e9.<\/p>\n<p>Nice, mauvaise \u00e9l\u00e8ve<\/p>\n<p>Vainqueur avec la mani\u00e8re de Zagreb (4-0), le Losc s\u2019est replac\u00e9 dans la course au Top 8. Les Dogues occupent la 11e place \u00e0 un petit point de la 8e place.<\/p>\n<p><strong>Lire aussi\u00a0:<\/strong> <a href=\"https:\/\/rennes.maville.com\/sport\/detail_-ligue-europa.-lille-fait-le-spectacle-et-s-impose-largement-face-au-dinamo-zagreb-_53511-7083591_actu.Htm\" target=\"_blank\" rel=\"noopener\">Lille fait le spectacle et s\u2019impose largement face au Dinamo Zagreb<\/a><\/p>\n<p>Seule ombre au tableau du bilan fran\u00e7ais, et c\u2019est devenu une mauvaise habitude\u00a0: l\u2019OGC Nice. Les Aiglons se sont inclin\u00e9s sur la pelouse de Porto et occupent la place de dernier avec 0\u00a0point. Il faudrait plus qu\u2019un exploit pour entrevoir un printemps europ\u00e9en\u2026 <a href=\"https:\/\/www.ouest-france.fr\/sport\/football\/ligue-europa\/classement\/\" target=\"_blank\" rel=\"noopener\">Retrouvez le classement complet.<\/a><\/p>\n<p>Le classement de Ligue Europa apr\u00e8s la 5e journ\u00e9e<\/p>\n<p>Qualifi\u00e9s pour les 8es<\/p>\n<p>1. Lyon\u00a0: 12\u00a0points (+\u00a09)<\/p>\n<p>2. Midtjylland\u00a0: 12\u00a0points (+\u00a07)<\/p>\n<p>3. Aston Villa\u00a0: 12\u00a0points (+\u00a05)<\/p>\n<p>4. Fribourg\u00a0: 11\u00a0points (+\u00a05)<\/p>\n<p>5. Betis S\u00e9ville\u00a0: 11\u00a0points (+\u00a05)<\/p>\n<p>6. Ferencvaros\u00a0: 11\u00a0points (+\u00a04)<\/p>\n<p>7. Braga\u00a0: 10\u00a0points (+\u00a04)<\/p>\n<p>8. FC Porto\u00a0: 10\u00a0points (+\u00a03)<\/p>\n<p>Playoffs<\/p>\n<p>9. Genk\u00a0: 10\u00a0points (+\u00a02)<\/p>\n<p>10.\u00a0Celta Vigo\u00a0: 9\u00a0points (+\u00a04)<\/p>\n<p>11. Lille\u00a0: 9\u00a0points (+\u00a04)<\/p>\n<p>12. Stuttgart\u00a0: 9\u00a0points (+\u00a04)<\/p>\n<p>13. Plzen\u00a0: 9\u00a0points (+\u00a04)<\/p>\n<p>14. Panathina\u00efkos\u00a0: 9\u00a0points (+\u00a02)<\/p>\n<p>15. AS Rome\u00a0: 9\u00a0points (+\u00a02)<\/p>\n<p>16. Nottingham\u00a0: 8\u00a0points (+\u00a04)<\/p>\n<p>17. PAOK\u00a0: 8\u00a0points (+\u00a03)<\/p>\n<p>18. Bologne\u00a0: 8\u00a0points (+\u00a03)<\/p>\n<p>19. Brann\u00a0: 8\u00a0points (+\u00a03)<\/p>\n<p>20. Fenerbah\u00e7e\u00a0: 8\u00a0points (0)<\/p>\n<p>21. Celtic\u00a0: 7\u00a0points (-1)<\/p>\n<p>22. Etoile Rouge\u00a0: 7points (-1)<\/p>\n<p>23. Dinamo Zagreb\u00a0: 7\u00a0points (-3)<\/p>\n<p>24. FC B\u00e2le\u00a0: 6\u00a0points (0)<\/p>\n<p>\u00a0<\/p>\n","protected":false},"excerpt":{"rendered":"Bonne soir\u00e9e pour les clubs fran\u00e7ais en Ligue Europa\u00a0! L\u2019Olympique Lyonnais, brillant vainqueur du Maccabi Tel-Aviv (6-0), prend&hellip;\n","protected":false},"author":2,"featured_media":563797,"comment_status":"","ping_status":"","sticky":false,"template":"","format":"standard","meta":{"footnotes":""},"categories":[2815],"tags":[1111,11,3809,1465,1777,674,63,1011,27,1792,811,1922,1307,766,12,25,479,517,1470],"class_list":{"0":"post-563796","1":"post","2":"type-post","3":"status-publish","4":"format-standard","5":"has-post-thumbnail","7":"category-lille","8":"tag-actu","9":"tag-actualites","10":"tag-ball","11":"tag-basket","12":"tag-eu","13":"tag-europe","14":"tag-football","15":"tag-fr","16":"tag-france","17":"tag-handball","18":"tag-hauts-de-france","19":"tag-info","20":"tag-lille","21":"tag-nantes","22":"tag-news","23":"tag-republique-francaise","24":"tag-rugby","25":"tag-sport","26":"tag-volley"},"share_on_mastodon":{"url":"https:\/\/pubeurope.com\/@fr\/115625640830867819","error":""},"_links":{"self":[{"href":"https:\/\/www.europesays.com\/fr\/wp-json\/wp\/v2\/posts\/563796","targetHints":{"allow":["GET"]}}],"collection":[{"href":"https:\/\/www.europesays.com\/fr\/wp-json\/wp\/v2\/posts"}],"about":[{"href":"https:\/\/www.europesays.com\/fr\/wp-json\/wp\/v2\/types\/post"}],"author":[{"embeddable":true,"href":"https:\/\/www.europesays.com\/fr\/wp-json\/wp\/v2\/users\/2"}],"replies":[{"embeddable":true,"href":"https:\/\/www.europesays.com\/fr\/wp-json\/wp\/v2\/comments?post=563796"}],"version-history":[{"count":0,"href":"https:\/\/www.europesays.com\/fr\/wp-json\/wp\/v2\/posts\/563796\/revisions"}],"wp:featuredmedia":[{"embeddable":true,"href":"https:\/\/www.europesays.com\/fr\/wp-json\/wp\/v2\/media\/563797"}],"wp:attachment":[{"href":"https:\/\/www.europesays.com\/fr\/wp-json\/wp\/v2\/media?parent=563796"}],"wp:term":[{"taxonomy":"category","embeddable":true,"href":"https:\/\/www.europesays.com\/fr\/wp-json\/wp\/v2\/categories?post=563796"},{"taxonomy":"post_tag","embeddable":true,"href":"https:\/\/www.europesays.com\/fr\/wp-json\/wp\/v2\/tags?post=563796"}],"curies":[{"name":"wp","href":"https:\/\/api.w.org\/{rel}","templated":true}]}}