{"id":56380,"date":"2025-04-27T08:22:08","date_gmt":"2025-04-27T08:22:08","guid":{"rendered":"https:\/\/www.europesays.com\/fr\/56380\/"},"modified":"2025-04-27T08:22:08","modified_gmt":"2025-04-27T08:22:08","slug":"the-voice-ne-fait-pas-le-poids-face-a-une-rediffusion-sur-france-3","status":"publish","type":"post","link":"https:\/\/www.europesays.com\/fr\/56380\/","title":{"rendered":"\u00abThe Voice\u00bb ne fait pas le poids face \u00e0 une rediffusion sur France 3"},"content":{"rendered":"<p>    \u00c9lodie Frenck et Bruno Todeschini dans Meurtres \u00e0 Chantilly sur France 3.<br \/>\n                Jean-Philippe BALTEL &#8211; FTV &#8211; SIECLE PRODUCTIONS.<\/p>\n<p>Les audiences du samedi 26 avril 2025 pour les programmes diffus\u00e9s en premi\u00e8re partie de soir\u00e9e.<\/p>\n<p class=\"fig-paragraph\">Samedi soir, France 3 est arriv\u00e9e en t\u00eate des audiences avec\u00a0<a href=\"https:\/\/tvmag.lefigaro.fr\/programme-tv\/programme\/meurtres-a-f499996703\" target=\"_blank\" rel=\"noopener\" data-gtm-custom-categorie=\"navigation\" data-gtm-custom-action=\"crossclick\" data-gtm-custom-label=\"Contextuel\" data-gtm-event=\"customEventSPE\">Meurtres \u00e0 Chantilly<\/a> . La rediffusion de la fiction polici\u00e8re port\u00e9e par \u00c9lodie Frenck et Hippolyte Girardot a attir\u00e9 3,1 millions de t\u00e9l\u00e9spectateurs, soit 18,1 % de part d\u2019audience. Non loin derri\u00e8re, TF1 diffusait\u00a0<a href=\"https:\/\/tvmag.lefigaro.fr\/programme-tv\/programme\/the-voice-d917928148\" target=\"_blank\" rel=\"noopener\" data-gtm-custom-categorie=\"navigation\" data-gtm-custom-action=\"crossclick\" data-gtm-custom-label=\"Contextuel\" data-gtm-event=\"customEventSPE\">\u00abThe Voice\u00bb<\/a>. La demi-finale de la saison 14 du t\u00e9l\u00e9crochet pr\u00e9sent\u00e9 par Nikos Aliagas a r\u00e9uni 2,9 millions de fid\u00e8les, soit 16,8 % de PDA.<\/p>\n<p class=\"fig-paragraph\">En face, France 2 suit avec\u00a0<a href=\"https:\/\/tvmag.lefigaro.fr\/programme-tv\/programme\/qui-restera-dans-la-lumiere-d1780044768\" target=\"_blank\" rel=\"noopener\" data-gtm-custom-categorie=\"navigation\" data-gtm-custom-action=\"crossclick\" data-gtm-custom-label=\"Contextuel\" data-gtm-event=\"customEventSPE\">\u00abQui restera dans la lumi\u00e8re\u00a0?\u00bb<\/a>. Le nouveau num\u00e9ro du jeu anim\u00e9 par\u00a0<a href=\"http:\/\/tvmag.lefigaro.fr\/programme-tv\/actu-tele\/le-succes-de-chacun-son-tour-le-retour-d-intervilles-le-lancement-de-sa-chaine-youtube-bruno-guillon-se-confie-20250414\" target=\"_blank\" data-fig-type=\"Article\" rel=\"noopener\" data-gtm-custom-categorie=\"navigation\" data-gtm-custom-action=\"crossclick\" data-gtm-custom-label=\"Contextuel\" data-gtm-event=\"customEventSPE\" data-fig-domain=\"TVMAG\">Bruno Guillon<\/a>\u00a0a rassembl\u00e9 2,2 millions de personnes, soit 14 % du public. Au pied du podium, M6 proposait un \u00e9pisode in\u00e9dit de\u00a0<a href=\"https:\/\/tvmag.lefigaro.fr\/programme-tv\/programme\/ncis-d696345258\" target=\"_blank\" rel=\"noopener\" data-gtm-custom-categorie=\"navigation\" data-gtm-custom-action=\"crossclick\" data-gtm-custom-label=\"Contextuel\" data-gtm-event=\"customEventSPE\">NCIS<\/a> . La suite de la saison 22 de la s\u00e9rie polici\u00e8re am\u00e9ricaine a r\u00e9uni 1 million de t\u00e9l\u00e9spectateurs, soit 6 % de part d\u2019audience.<\/p>\n<p class=\"fig-paragraph\">Du c\u00f4t\u00e9 des autres cha\u00eenes, France 5 a f\u00e9d\u00e9r\u00e9 948.000 curieux, soit 5,6 % de PDA, avec un num\u00e9ro in\u00e9dit d\u2019<a href=\"https:\/\/tvmag.lefigaro.fr\/programme-tv\/programme\/echappees-belles-f1412410504\" target=\"_blank\" rel=\"noopener\" data-gtm-custom-categorie=\"navigation\" data-gtm-custom-action=\"crossclick\" data-gtm-custom-label=\"Contextuel\" data-gtm-event=\"customEventSPE\">\u00ab\u00c9chapp\u00e9es belles\u00bb<\/a>, pr\u00e9sent\u00e9 par Isma\u00ebl Khelifa et consacr\u00e9 \u00e0 Bruxelles.<\/p>\n<p class=\"fig-tv-audience__title\">Audiences de 1\u00e8re partie de soir\u00e9e du samedi 26 avril<\/p>\n<tr>\n<td class=\"fig-tv-audience__position\">1<\/td>\n<td class=\"fig-tv-audience__channel-container\">\n                        <a class=\"fig-channel-media fig-channel-media--no-margin\" href=\"https:\/\/tvmag.lefigaro.fr\/programme-tv\/chaine\/80\/tous-les-programmes-de-france-3\" title=\"Programme TV France 3\" target=\"_blank\" rel=\"noopener\"><br \/>\n        <img   alt=\"Programme TV France 3\" class=\"fig-img\"\/><\/p>\n<p>    <\/a><\/p>\n<\/td>\n<td class=\"fig-tv-audience__data\">\n                    <a href=\"https:\/\/tvmag.lefigaro.fr\/programme-tv\/programme\/meurtres-a-f499996703\" class=\"fig-tv-audience__program-title\" target=\"_blank\" rel=\"noopener\"><br \/>\n                        Meurtres \u00e0&#8230;<br \/>\n                    <\/a><\/p>\n<p>                        3\u202f083\u202f000 t\u00e9l\u00e9spectateurs<\/p>\n<p>                    18,1\u00a0%<\/p>\n<\/td>\n<\/tr>\n<tr>\n<td class=\"fig-tv-audience__position\">2<\/td>\n<td class=\"fig-tv-audience__channel-container\">\n                        <a class=\"fig-channel-media fig-channel-media--no-margin\" href=\"https:\/\/tvmag.lefigaro.fr\/programme-tv\/chaine\/192\/tous-les-programmes-de-tf1\" title=\"Programme TV TF1\" target=\"_blank\" rel=\"noopener\"><br \/>\n        <img   alt=\"Programme TV TF1\" class=\"fig-img\"\/><\/p>\n<p>    <\/a><\/p>\n<\/td>\n<td class=\"fig-tv-audience__data\">\n                    <a href=\"https:\/\/tvmag.lefigaro.fr\/programme-tv\/programme\/the-voice-la-plus-belle-voix-f548890812\" class=\"fig-tv-audience__program-title\" target=\"_blank\" rel=\"noopener\"><br \/>\n                        The Voice, la plus belle voix<br \/>\n                    <\/a><\/p>\n<p>                        2\u202f871\u202f000 t\u00e9l\u00e9spectateurs<\/p>\n<p>                    16,8\u00a0%<\/p>\n<\/td>\n<\/tr>\n<tr>\n<td class=\"fig-tv-audience__position\">3<\/td>\n<td class=\"fig-tv-audience__channel-container\">\n                        <a class=\"fig-channel-media fig-channel-media--no-margin\" href=\"https:\/\/tvmag.lefigaro.fr\/programme-tv\/chaine\/4\/tous-les-programmes-de-france-2\" title=\"Programme TV France 2\" target=\"_blank\" rel=\"noopener\"><br \/>\n        <img   alt=\"Programme TV France 2\" class=\"fig-img\"\/><\/p>\n<p>    <\/a><\/p>\n<\/td>\n<td class=\"fig-tv-audience__data\">\n                    <a href=\"https:\/\/tvmag.lefigaro.fr\/programme-tv\/programme\/qui-restera-dans-la-lumiere-f1469356691\" class=\"fig-tv-audience__program-title\" target=\"_blank\" rel=\"noopener\"><br \/>\n                        Qui restera dans la lumi\u00e8re\u00a0?<br \/>\n                    <\/a><\/p>\n<p>                        2\u202f196\u202f000 t\u00e9l\u00e9spectateurs<\/p>\n<p>                    14\u00a0%<\/p>\n<\/td>\n<\/tr>\n<tr>\n<td class=\"fig-tv-audience__position\">4<\/td>\n<td class=\"fig-tv-audience__channel-container\">\n                        <a class=\"fig-channel-media fig-channel-media--no-margin\" href=\"https:\/\/tvmag.lefigaro.fr\/programme-tv\/chaine\/118\/tous-les-programmes-de-m6\" title=\"Programme TV M6\" target=\"_blank\" rel=\"noopener\"><br \/>\n        <img   alt=\"Programme TV M6\" class=\"fig-img\"\/><\/p>\n<p>    <\/a><\/p>\n<\/td>\n<td class=\"fig-tv-audience__data\">\n                    <a href=\"https:\/\/tvmag.lefigaro.fr\/programme-tv\/programme\/ncis-f1741194505\" class=\"fig-tv-audience__program-title\" target=\"_blank\" rel=\"noopener\"><br \/>\n                        NCIS<br \/>\n                    <\/a><\/p>\n<p>                        1\u202f047\u202f000 t\u00e9l\u00e9spectateurs<\/p>\n<p>                    6\u00a0%<\/p>\n<\/td>\n<\/tr>\n<tr>\n<td class=\"fig-tv-audience__position\">5<\/td>\n<td class=\"fig-tv-audience__channel-container\">\n                        <a class=\"fig-channel-media fig-channel-media--no-margin\" href=\"https:\/\/tvmag.lefigaro.fr\/programme-tv\/chaine\/47\/tous-les-programmes-de-france-5\" title=\"Programme TV France 5\" target=\"_blank\" rel=\"noopener\"><br \/>\n        <img   alt=\"Programme TV France 5\" class=\"fig-img\"\/><\/p>\n<p>    <\/a><\/p>\n<\/td>\n<td class=\"fig-tv-audience__data\">\n                    <a href=\"https:\/\/tvmag.lefigaro.fr\/programme-tv\/programme\/echappees-belles-f1412410504\" class=\"fig-tv-audience__program-title\" target=\"_blank\" rel=\"noopener\"><br \/>\n                        Echapp\u00e9es belles<br \/>\n                    <\/a><\/p>\n<p>                        948\u202f000 t\u00e9l\u00e9spectateurs<\/p>\n<p>                    5,6\u00a0%<\/p>\n<\/td>\n<\/tr>\n<tr aria-hidden=\"true\">\n<td class=\"fig-tv-audience__position\">6<\/td>\n<td class=\"fig-tv-audience__channel-container\">\n                        <a class=\"fig-channel-media fig-channel-media--no-margin\" href=\"https:\/\/tvmag.lefigaro.fr\/programme-tv\/chaine\/111\/tous-les-programmes-de-arte\" title=\"Programme TV Arte\" target=\"_blank\" rel=\"noopener\"><br \/>\n        <img   alt=\"Programme TV Arte\" class=\"fig-img\"\/><\/p>\n<p>    <\/a><\/p>\n<\/td>\n<td class=\"fig-tv-audience__data\">\n                    <a href=\"https:\/\/tvmag.lefigaro.fr\/programme-tv\/programme\/l-odyssee-des-chiffres-f1182185483\" class=\"fig-tv-audience__program-title\" target=\"_blank\" rel=\"noopener\"><br \/>\n                        L&rsquo;odyss\u00e9e des chiffres<br \/>\n                    <\/a><\/p>\n<p>                        825\u202f000 t\u00e9l\u00e9spectateurs<\/p>\n<p>                    4,8\u00a0%<\/p>\n<\/td>\n<\/tr>\n<tr aria-hidden=\"true\">\n<td class=\"fig-tv-audience__position\">7<\/td>\n<td class=\"fig-tv-audience__channel-container\">\n                        <a class=\"fig-channel-media fig-channel-media--no-margin\" href=\"https:\/\/tvmag.lefigaro.fr\/programme-tv\/chaine\/119\/tous-les-programmes-de-w9\" title=\"Programme TV W9\" target=\"_blank\" rel=\"noopener\"><br \/>\n        <img   alt=\"Programme TV W9\" class=\"fig-img\"\/><\/p>\n<p>    <\/a><\/p>\n<\/td>\n<td class=\"fig-tv-audience__data\">\n                    <a href=\"https:\/\/tvmag.lefigaro.fr\/programme-tv\/programme\/la-petite-histoire-de-france-f985787579\" class=\"fig-tv-audience__program-title\" target=\"_blank\" rel=\"noopener\"><br \/>\n                        La petite histoire de France<br \/>\n                    <\/a><\/p>\n<p>                        509\u202f000 t\u00e9l\u00e9spectateurs<\/p>\n<p>                    3\u00a0%<\/p>\n<\/td>\n<\/tr>\n<tr aria-hidden=\"true\">\n<td class=\"fig-tv-audience__position\">8<\/td>\n<td class=\"fig-tv-audience__channel-container\">\n                        <a class=\"fig-channel-media fig-channel-media--no-margin\" href=\"https:\/\/tvmag.lefigaro.fr\/programme-tv\/chaine\/195\/tous-les-programmes-de-tmc\" title=\"Programme TV TMC\" target=\"_blank\" rel=\"noopener\"><br \/>\n        <img   alt=\"Programme TV TMC\" class=\"fig-img\"\/><\/p>\n<p>    <\/a><\/p>\n<\/td>\n<td class=\"fig-tv-audience__data\">\n                    <a href=\"https:\/\/tvmag.lefigaro.fr\/programme-tv\/programme\/columbo-f379257922\" class=\"fig-tv-audience__program-title\" target=\"_blank\" rel=\"noopener\"><br \/>\n                        Columbo<br \/>\n                    <\/a><\/p>\n<p>                        445\u202f000 t\u00e9l\u00e9spectateurs<\/p>\n<p>                    2,7\u00a0%<\/p>\n<\/td>\n<\/tr>\n<tr aria-hidden=\"true\">\n<td class=\"fig-tv-audience__position\">9<\/td>\n<td class=\"fig-tv-audience__channel-container\">\n                        <a class=\"fig-channel-media fig-channel-media--no-margin\" href=\"https:\/\/tvmag.lefigaro.fr\/programme-tv\/chaine\/482\/tous-les-programmes-de-gulli\" title=\"Programme TV Gulli\" target=\"_blank\" rel=\"noopener\"><br \/>\n        <img   alt=\"Programme TV Gulli\" class=\"fig-img\"\/><\/p>\n<p>    <\/a><\/p>\n<\/td>\n<td class=\"fig-tv-audience__data\">\n                    <a href=\"https:\/\/tvmag.lefigaro.fr\/programme-tv\/programme\/lego-masters-2017-f434852286\" class=\"fig-tv-audience__program-title\" target=\"_blank\" rel=\"noopener\"><br \/>\n                        Lego Masters<br \/>\n                    <\/a><\/p>\n<p>                        327\u202f000 t\u00e9l\u00e9spectateurs<\/p>\n<p>                    1,9\u00a0%<\/p>\n<\/td>\n<\/tr>\n<tr aria-hidden=\"true\">\n<td class=\"fig-tv-audience__position\">10<\/td>\n<td class=\"fig-tv-audience__channel-container\">\n                        <a class=\"fig-channel-media fig-channel-media--no-margin\" href=\"https:\/\/tvmag.lefigaro.fr\/programme-tv\/chaine\/446\/tous-les-programmes-de-tfx\" title=\"Programme TV TFX\" target=\"_blank\" rel=\"noopener\"><br \/>\n        <img   alt=\"Programme TV TFX\" class=\"fig-img\"\/><\/p>\n<p>    <\/a><\/p>\n<\/td>\n<td class=\"fig-tv-audience__data\">\n                    <a href=\"https:\/\/tvmag.lefigaro.fr\/programme-tv\/programme\/chroniques-criminelles-f238738798\" class=\"fig-tv-audience__program-title\" target=\"_blank\" rel=\"noopener\"><br \/>\n                        Chroniques criminelles<br \/>\n                    <\/a><\/p>\n<p>                        270\u202f000 t\u00e9l\u00e9spectateurs<\/p>\n<p>                    1,6\u00a0%<\/p>\n<\/td>\n<\/tr>\n<tr aria-hidden=\"true\">\n<td class=\"fig-tv-audience__position\">11<\/td>\n<td class=\"fig-tv-audience__channel-container\">\n                        <a class=\"fig-channel-media fig-channel-media--no-margin\" href=\"https:\/\/tvmag.lefigaro.fr\/programme-tv\/chaine\/458\/tous-les-programmes-de-cstar\" title=\"Programme TV CSTAR\" target=\"_blank\" rel=\"noopener\"><br \/>\n        <img   alt=\"Programme TV CSTAR\" class=\"fig-img\"\/><\/p>\n<p>    <\/a><\/p>\n<\/td>\n<td class=\"fig-tv-audience__data\">\n                    <a href=\"https:\/\/tvmag.lefigaro.fr\/programme-tv\/programme\/enquete-sous-haute-tension-f1520501620\" class=\"fig-tv-audience__program-title\" target=\"_blank\" rel=\"noopener\"><br \/>\n                        Enqu\u00eate sous haute tension<br \/>\n                    <\/a><\/p>\n<p>                        231\u202f000 t\u00e9l\u00e9spectateurs<\/p>\n<p>                    1,4\u00a0%<\/p>\n<\/td>\n<\/tr>\n<tr aria-hidden=\"true\">\n<td class=\"fig-tv-audience__position\">12<\/td>\n<td class=\"fig-tv-audience__channel-container\">\n                        <a class=\"fig-channel-media fig-channel-media--no-margin\" href=\"https:\/\/tvmag.lefigaro.fr\/programme-tv\/chaine\/1404\/tous-les-programmes-de-tf1-series-films\" title=\"Programme TV TF1 S\u00e9ries Films\" target=\"_blank\" rel=\"noopener\"><br \/>\n        <img   alt=\"Programme TV TF1 S\u00e9ries Films\" class=\"fig-img\"\/><\/p>\n<p>    <\/a><\/p>\n<\/td>\n<td class=\"fig-tv-audience__data\">\n                    <a href=\"https:\/\/tvmag.lefigaro.fr\/programme-tv\/programme\/josephine-ange-gardien-f256197134\" class=\"fig-tv-audience__program-title\" target=\"_blank\" rel=\"noopener\"><br \/>\n                        Jos\u00e9phine, ange gardien<br \/>\n                    <\/a><\/p>\n<p>                        180\u202f000 t\u00e9l\u00e9spectateurs<\/p>\n<p>                    1,1\u00a0%<\/p>\n<\/td>\n<\/tr>\n<tr aria-hidden=\"true\">\n<td class=\"fig-tv-audience__position\">13<\/td>\n<td class=\"fig-tv-audience__channel-container\">\n                        <a class=\"fig-channel-media fig-channel-media--no-margin\" href=\"https:\/\/tvmag.lefigaro.fr\/programme-tv\/chaine\/1402\/tous-les-programmes-de-rmc-story\" title=\"Programme TV RMC Story\" target=\"_blank\" rel=\"noopener\"><br \/>\n        <img   alt=\"Programme TV RMC Story\" class=\"fig-img\"\/><\/p>\n<p>    <\/a><\/p>\n<\/td>\n<td class=\"fig-tv-audience__data\">\n                    <a href=\"https:\/\/tvmag.lefigaro.fr\/programme-tv\/programme\/retour-a-l-instinct-primaire-restons-groupes-f290537988\" class=\"fig-tv-audience__program-title\" target=\"_blank\" rel=\"noopener\"><br \/>\n                        Retour \u00e0 l&rsquo;instinct primaire\u00a0: Restons group\u00e9s<br \/>\n                    <\/a><\/p>\n<p>                        183\u202f000 t\u00e9l\u00e9spectateurs<\/p>\n<p>                    1,1\u00a0%<\/p>\n<\/td>\n<\/tr>\n<tr aria-hidden=\"true\">\n<td class=\"fig-tv-audience__position\">14<\/td>\n<td class=\"fig-tv-audience__channel-container\">\n                        <a class=\"fig-channel-media fig-channel-media--no-margin\" href=\"https:\/\/tvmag.lefigaro.fr\/programme-tv\/chaine\/1400\/tous-les-programmes-de-rmc-decouverte\" title=\"Programme TV RMC D\u00e9couverte\" target=\"_blank\" rel=\"noopener\"><br \/>\n        <img   alt=\"Programme TV RMC D\u00e9couverte\" class=\"fig-img\"\/><\/p>\n<p>    <\/a><\/p>\n<\/td>\n<td class=\"fig-tv-audience__data\">\n                    <a href=\"https:\/\/tvmag.lefigaro.fr\/programme-tv\/programme\/alaska-seuls-au-monde-f1163948850\" class=\"fig-tv-audience__program-title\" target=\"_blank\" rel=\"noopener\"><br \/>\n                        Alaska\u00a0: seuls au monde<br \/>\n                    <\/a><\/p>\n<p>                        187\u202f000 t\u00e9l\u00e9spectateurs<\/p>\n<p>                    1,1\u00a0%<\/p>\n<\/td>\n<\/tr>\n<tr aria-hidden=\"true\">\n<td class=\"fig-tv-audience__position\">15<\/td>\n<td class=\"fig-tv-audience__channel-container\">\n                        <a class=\"fig-channel-media fig-channel-media--no-margin\" href=\"https:\/\/tvmag.lefigaro.fr\/programme-tv\/chaine\/1403\/tous-les-programmes-de-6ter\" title=\"Programme TV 6ter\" target=\"_blank\" rel=\"noopener\"><br \/>\n        <img   alt=\"Programme TV 6ter\" class=\"fig-img\"\/><\/p>\n<p>    <\/a><\/p>\n<\/td>\n<td class=\"fig-tv-audience__data\">\n                    <a href=\"https:\/\/tvmag.lefigaro.fr\/programme-tv\/programme\/les-vacances-preferees-des-francais-f1607104784\" class=\"fig-tv-audience__program-title\" target=\"_blank\" rel=\"noopener\"><br \/>\n                        Les vacances pr\u00e9f\u00e9r\u00e9es des Fran\u00e7ais<br \/>\n                    <\/a><\/p>\n<p>                        147\u202f000 t\u00e9l\u00e9spectateurs<\/p>\n<p>                    0,9\u00a0%<\/p>\n<\/td>\n<\/tr>\n<tr aria-hidden=\"true\">\n<td class=\"fig-tv-audience__position\">16<\/td>\n<td class=\"fig-tv-audience__channel-container\">\n                        <a class=\"fig-channel-media fig-channel-media--no-margin\" href=\"https:\/\/tvmag.lefigaro.fr\/programme-tv\/chaine\/1399\/tous-les-programmes-de-cherie-25\" title=\"Programme TV Ch\u00e9rie 25\" target=\"_blank\" rel=\"noopener\"><br \/>\n        <img   alt=\"Programme TV Ch\u00e9rie 25\" class=\"fig-img\"\/><\/p>\n<p>    <\/a><\/p>\n<\/td>\n<td class=\"fig-tv-audience__data\">\n                    <a href=\"https:\/\/tvmag.lefigaro.fr\/programme-tv\/programme\/dix-pour-cent-f932144326\" class=\"fig-tv-audience__program-title\" target=\"_blank\" rel=\"noopener\"><br \/>\n                        Dix pour cent<br \/>\n                    <\/a><\/p>\n<p>                        102\u202f000 t\u00e9l\u00e9spectateurs<\/p>\n<p>                    0,6\u00a0%<\/p>\n<\/td>\n<\/tr>\n<p>            Voir plus<\/p>\n","protected":false},"excerpt":{"rendered":"\u00c9lodie Frenck et Bruno Todeschini dans Meurtres \u00e0 Chantilly sur France 3. Jean-Philippe BALTEL &#8211; FTV &#8211; SIECLE&hellip;\n","protected":false},"author":2,"featured_media":56381,"comment_status":"","ping_status":"","sticky":false,"template":"","format":"standard","meta":{"footnotes":""},"categories":[1356],"tags":[2376,2374,2369,2370,2371,2372,2367,2378,2377,2373,58,59,1011,27,876,2375,503,502,252,199,3074,1364,2368],"class_list":{"0":"post-56380","1":"post","2":"type-post","3":"status-publish","4":"format-standard","5":"has-post-thumbnail","7":"category-television","8":"tag-analyse-audience-tv","9":"tag-audience-programme-tv","10":"tag-audience-tv","11":"tag-audience-tv-hier","12":"tag-audience-tv-hier-soir","13":"tag-audience-tv-jour-par-jour","14":"tag-audiences","15":"tag-audiences-television","16":"tag-audiences-tv","17":"tag-audimat","18":"tag-divertissement","19":"tag-entertainment","20":"tag-fr","21":"tag-france","22":"tag-france-3","23":"tag-meilleure-audience-tv","24":"tag-programme-tele","25":"tag-programme-tv","26":"tag-television","27":"tag-tf1","28":"tag-the-voice","29":"tag-tv","30":"tag-tv-ce-soir"},"share_on_mastodon":{"url":"https:\/\/pubeurope.com\/@fr\/114408963769578574","error":""},"_links":{"self":[{"href":"https:\/\/www.europesays.com\/fr\/wp-json\/wp\/v2\/posts\/56380","targetHints":{"allow":["GET"]}}],"collection":[{"href":"https:\/\/www.europesays.com\/fr\/wp-json\/wp\/v2\/posts"}],"about":[{"href":"https:\/\/www.europesays.com\/fr\/wp-json\/wp\/v2\/types\/post"}],"author":[{"embeddable":true,"href":"https:\/\/www.europesays.com\/fr\/wp-json\/wp\/v2\/users\/2"}],"replies":[{"embeddable":true,"href":"https:\/\/www.europesays.com\/fr\/wp-json\/wp\/v2\/comments?post=56380"}],"version-history":[{"count":0,"href":"https:\/\/www.europesays.com\/fr\/wp-json\/wp\/v2\/posts\/56380\/revisions"}],"wp:featuredmedia":[{"embeddable":true,"href":"https:\/\/www.europesays.com\/fr\/wp-json\/wp\/v2\/media\/56381"}],"wp:attachment":[{"href":"https:\/\/www.europesays.com\/fr\/wp-json\/wp\/v2\/media?parent=56380"}],"wp:term":[{"taxonomy":"category","embeddable":true,"href":"https:\/\/www.europesays.com\/fr\/wp-json\/wp\/v2\/categories?post=56380"},{"taxonomy":"post_tag","embeddable":true,"href":"https:\/\/www.europesays.com\/fr\/wp-json\/wp\/v2\/tags?post=56380"}],"curies":[{"name":"wp","href":"https:\/\/api.w.org\/{rel}","templated":true}]}}