{"id":563804,"date":"2025-11-28T05:25:17","date_gmt":"2025-11-28T05:25:17","guid":{"rendered":"https:\/\/www.europesays.com\/fr\/563804\/"},"modified":"2025-11-28T05:25:17","modified_gmt":"2025-11-28T05:25:17","slug":"rhone-en-regardant-cette-serie-vous-verrez-lyon-et-une-scene-qui-ne-laisse-pas-indifferent","status":"publish","type":"post","link":"https:\/\/www.europesays.com\/fr\/563804\/","title":{"rendered":"Rh\u00f4ne. En regardant cette s\u00e9rie, vous verrez Lyon\u2026 et une sc\u00e8ne qui ne laisse pas indiff\u00e9rent"},"content":{"rendered":"<p>Les pentes de la Croix-Rousse et leurs murs tagu\u00e9s, le Rh\u00f4ne pr\u00eat \u00e0 d\u00e9border, sous un pont Bonaparte gris et un ciel blanc comme un suaire\u2026 Ces images de Lyon sont tr\u00e8s crues, presque naturalistes. Mais issues d\u2019une fiction, et pas n\u2019importe laquelle.<\/p>\n<p>L&rsquo;histoire d&rsquo;Ana et Oscar<\/p>\n<p>Voici trois choses \u00e0 savoir sur Los a\u00f1os nuevos , de Rodrigo Sorogoyen. Premi\u00e8rement\u00a0: la <a href=\"https:\/\/www.leprogres.fr\/culture-loisirs\/2025\/09\/16\/tournage-en-cours-sur-la-place-carnot-de-la-serie-grandiose-le-16-septembre-2025\" target=\"_blank\" rel=\"noopener\">s\u00e9rie <\/a>espagnole diffus\u00e9e sur Arte peut vite vous faire succomber, si vous \u00eates amateur de cin\u00e9ma r\u00e9aliste, finesse psychologique et plans-s\u00e9quences captivants. Son r\u00e9alisateur, champion des ambiances thrillers, y raconte l\u2019histoire d\u2019un couple, Ana et Oscar, \u00e0 travers dix Saint-Sylvestre cons\u00e9cutives. Et la narration, elliptique et subtile, a enthousiasm\u00e9 les critiques comme rarement.<\/p>\n<p>Ce contenu est bloqu\u00e9 car vous n&rsquo;avez pas accept\u00e9 les cookies et autres traceurs.<\/p>\n<p>En cliquant sur \u00ab J\u2019accepte \u00bb, les cookies et autres traceurs seront d\u00e9pos\u00e9s et vous pourrez visualiser les contenus  (<a href=\"\" class=\"consentModule_policy\" target=\"_blank\" title=\"Consulter la politique de protection des donn\u00e9es du fournisseur\">plus d&rsquo;informations<\/a>).<\/p>\n<p>En cliquant sur \u00ab J\u2019accepte tous les cookies \u00bb, vous autorisez des d\u00e9p\u00f4ts de cookies et autres traceurs pour le stockage de vos donn\u00e9es sur nos sites et applications \u00e0 des fins de personnalisation et de ciblage publicitaire.<\/p>\n<p class=\"consentModule_secondaryText\">Vous gardez la possibilit\u00e9 de retirer votre consentement \u00e0 tout moment en consultant notre <a href=\"https:\/\/www.leprogres.fr\/protection-des-donnees\" target=\"_blank\" title=\"Consulter notre politique de protection des donn\u00e9es\" rel=\"noopener\">politique de protection des donn\u00e9es<\/a>. <br \/>&#13;<br \/>\n            <a href=\"https:\/\/www.leprogres.fr\/societe\/2025\/11\/28\/javascript:Didomi.notice.show()\" class=\"consentModule_cmp\" target=\"_blank\" rel=\"noopener\">G\u00e9rer mes choix<\/a>&#13;\n        <\/p>\n<p>&#13;<br \/>\n                        J&rsquo;accepte&#13;<br \/>\n            J&rsquo;accepte tous les cookies&#13;\n        <\/p>\n<p>Deuxi\u00e8mement\u00a0: il y a ce moment o\u00f9 les cam\u00e9ras quittent Madrid, ville centrale de l\u2019intrigue, et Berlin, c\u0153ur d\u2019un passage bluffant, pour Lyon\u00a0: l\u2019\u00e9pisode 7 s\u2019y d\u00e9roule, en plein Covid. Ana a ouvert un commerce de traiteur espagnol dans le 4e, elle parcourt la Presqu\u2019\u00cele \u00e0 v\u00e9lo, conseille ses s\u0153urs et sa m\u00e8re en visites touristiques, se fait pourrir par une cliente bourgeoise infecte\u2026 et Sorogoyen filme un Lyon froid et blanc comme l\u2019all\u00e9gorie d\u2019un c\u0153ur en hiver.<\/p>\n<p>Troisi\u00e8mement\u00a0: la sc\u00e8ne cl\u00e9 de cet \u00e9pisode 7, celle de la photo de cet article, celle d\u2019une r\u00e9union fantasm\u00e9e entre deux personnages au bord du gouffre, est fascinante car insaisissable. Elle survient sans pr\u00e9venir, inattendue. Et nous laisse perturb\u00e9, envo\u00fbt\u00e9, plein de questions.\u00a0Bref, Lyon, d\u00e9cor d\u2019une multitude de s\u00e9ries, est ici le th\u00e9\u00e2tre d\u2019un tournant.<\/p>\n<p class=\"note\">Los A\u00f1os nuevos, diffus\u00e9e le 27\u00a0novembre sur Arte, disponible sur Arte TV.<\/p>\n","protected":false},"excerpt":{"rendered":"Les pentes de la Croix-Rousse et leurs murs tagu\u00e9s, le Rh\u00f4ne pr\u00eat \u00e0 d\u00e9border, sous un pont Bonaparte&hellip;\n","protected":false},"author":2,"featured_media":563805,"comment_status":"","ping_status":"","sticky":false,"template":"","format":"standard","meta":{"footnotes":""},"categories":[1889],"tags":[1111,11,2430,650,1687,2757,1777,674,1011,27,2428,2756,12,25,2429,104,2205],"class_list":{"0":"post-563804","1":"post","2":"type-post","3":"status-publish","4":"format-standard","5":"has-post-thumbnail","7":"category-lyon","8":"tag-actu","9":"tag-actualites","10":"tag-auvergne-rhone-alpes","11":"tag-cinema","12":"tag-culture-loisirs","13":"tag-edition-lyon-villeurbanne","14":"tag-eu","15":"tag-europe","16":"tag-fr","17":"tag-france","18":"tag-lyon","19":"tag-lyon-bassin","20":"tag-news","21":"tag-republique-francaise","22":"tag-rhone","23":"tag-societe","24":"tag-television-medias"},"share_on_mastodon":{"url":"https:\/\/pubeurope.com\/@fr\/115625664357265650","error":""},"_links":{"self":[{"href":"https:\/\/www.europesays.com\/fr\/wp-json\/wp\/v2\/posts\/563804","targetHints":{"allow":["GET"]}}],"collection":[{"href":"https:\/\/www.europesays.com\/fr\/wp-json\/wp\/v2\/posts"}],"about":[{"href":"https:\/\/www.europesays.com\/fr\/wp-json\/wp\/v2\/types\/post"}],"author":[{"embeddable":true,"href":"https:\/\/www.europesays.com\/fr\/wp-json\/wp\/v2\/users\/2"}],"replies":[{"embeddable":true,"href":"https:\/\/www.europesays.com\/fr\/wp-json\/wp\/v2\/comments?post=563804"}],"version-history":[{"count":0,"href":"https:\/\/www.europesays.com\/fr\/wp-json\/wp\/v2\/posts\/563804\/revisions"}],"wp:featuredmedia":[{"embeddable":true,"href":"https:\/\/www.europesays.com\/fr\/wp-json\/wp\/v2\/media\/563805"}],"wp:attachment":[{"href":"https:\/\/www.europesays.com\/fr\/wp-json\/wp\/v2\/media?parent=563804"}],"wp:term":[{"taxonomy":"category","embeddable":true,"href":"https:\/\/www.europesays.com\/fr\/wp-json\/wp\/v2\/categories?post=563804"},{"taxonomy":"post_tag","embeddable":true,"href":"https:\/\/www.europesays.com\/fr\/wp-json\/wp\/v2\/tags?post=563804"}],"curies":[{"name":"wp","href":"https:\/\/api.w.org\/{rel}","templated":true}]}}