{"id":563808,"date":"2025-11-28T05:29:17","date_gmt":"2025-11-28T05:29:17","guid":{"rendered":"https:\/\/www.europesays.com\/fr\/563808\/"},"modified":"2025-11-28T05:29:17","modified_gmt":"2025-11-28T05:29:17","slug":"paris-paraplegique-apres-une-cesarienne-une-mere-de-famille-doit-encore-se-battre-pour-etre-indemnisee","status":"publish","type":"post","link":"https:\/\/www.europesays.com\/fr\/563808\/","title":{"rendered":"Paris. Parapl\u00e9gique apr\u00e8s une c\u00e9sarienne, une m\u00e8re de famille doit encore se battre pour \u00eatre indemnis\u00e9e"},"content":{"rendered":"<p>                    Par<br \/>\n        <strong><br \/>\n            <a href=\"https:\/\/actu.fr\/auteur\/redaction-paris\" title=\"Consulter tous les articles de R\u00e9daction Paris\" target=\"_blank\" rel=\"noopener\">R\u00e9daction Paris<\/a><br \/>\n                    <\/strong><\/p>\n<p>        Publi\u00e9 le<\/p>\n<p>            28 nov. 2025 \u00e0 6h06        <\/p>\n<p>La cour administrative d\u2019appel de <a href=\"https:\/\/actu.fr\/tag\/mairie-de-paris\" target=\"_blank\" rel=\"noopener\">Paris<\/a> a condamn\u00e9 l\u2019Office national d\u2019indemnisation des accidents m\u00e9dicaux (<a href=\"https:\/\/www.oniam.fr\/\" target=\"_blank\" rel=\"noopener\">Oniam<\/a>) \u00e0 verser une premi\u00e8re \u00ab\u2009provision\u2009\u00bb de pr\u00e8s de 50\u2009000\u00a0euros \u00e0 une m\u00e8re de famille devenue parapl\u00e9gique apr\u00e8s son troisi\u00e8me accouchement.<br \/>Le 27\u00a0juillet 2022, cette femme alors \u00e2g\u00e9e de 36\u00a0ans avait en effet d\u00fb subir une \u00ab\u2009c\u00e9sarienne en urgence absolue\u2009\u00bb \u00e0 l<a href=\"https:\/\/actu.fr\/ile-de-france\/paris_75056\/ces-six-hopitaux-de-paris-sont-parmi-les-meilleurs-du-monde-selon-un-classement-americain_62352097.html\" target=\"_blank\" rel=\"noopener\">\u2019h\u00f4pital Bichat<\/a> (8e) en raison de \u00ab\u2009la survenue d\u2019anomalies s\u00e9v\u00e8res du rythme cardiaque du f\u0153tus\u2009\u00bb de son enfant. Mais, au cours de l\u2019op\u00e9ration, elle avait \u00e9t\u00e9 touch\u00e9e au niveau de la moelle \u00e9pini\u00e8re et est rest\u00e9e paralys\u00e9e des deux jambes.<\/p>\n<p>\u00ab\u2009Une complication exceptionnelle de la p\u00e9ridurale \u00bb<\/p>\n<p class=\" wall-content\">La m\u00e8re de famille avait alors saisi le <a href=\"https:\/\/actu.fr\/tag\/tribunal-administratif-de-paris\" target=\"_blank\" rel=\"noopener\">tribunal administratif de Paris<\/a>\u2009: elle r\u00e9clamait une \u00ab\u2009provision\u2009\u00bb de 150\u2009000\u00a0euros \u00e0 valoir sur l\u2019indemnisation ult\u00e9rieure de ses divers \u00ab\u2009pr\u00e9judices\u2009\u00bb. En septembre\u00a02024, la juge des r\u00e9f\u00e9r\u00e9s avait condamn\u00e9 l\u2019Oniam \u2013 qui indemnise les victimes d\u2019accidents m\u00e9dicaux quand la responsabilit\u00e9 des \u00e9tablissements de sant\u00e9 ou de leurs m\u00e9decins ne peut \u00eatre engag\u00e9e \u2013 \u00e0 lui verser seulement \u00ab\u200945\u2009056\u00a0euros\u2009\u00bb. Les deux parties avaient alors fait appel\u2009: l\u2019Oniam \u00e9tait pr\u00eat, tout au plus, \u00e0 lui verser quelque 32\u2009000\u00a0euros.<\/p>\n<p class=\" wall-content\">La requ\u00e9rante a \u00e9t\u00e9 victime d\u2019une \u00ab\u2009complication exceptionnelle de l\u2019anesth\u00e9sie p\u00e9rim\u00e9dullaire mise en place au cours de son accouchement\u2009\u00bb, commence par convenir la cour administrative d\u2019appel de Paris dans <a href=\"https:\/\/justice.pappers.fr\/decision\/db9ba4f06230ee38a1fd87890603331adf21c2fd\" target=\"_blank\" rel=\"noopener\">un arr\u00eat<\/a> en date du 23 septembre 2025, qui vient d\u2019\u00eatre rendu public. Elle \u00e9tait \u00ab\u2009rest\u00e9e hospitalis\u00e9e plus d\u2019un an et souffrira d\u2019un d\u00e9ficit fonctionnel permanent qui ne sera pas inf\u00e9rieur \u00e0 60\u2009%\u2009\u00bb. Les \u00ab\u2009conditions d\u2019anormalit\u00e9 et de gravit\u00e9\u2009\u00bb des dommages sont donc \u00ab\u2009remplies\u2009\u00bb pour pouvoir engager la responsabilit\u00e9 de l\u2019Oniam.\u00a0Les juges d\u2019appel ont au final l\u00e9g\u00e8rement revaloris\u00e9 la \u00ab\u2009provision\u2009\u00bb, \u00e0 hauteur de \u00ab\u200949\u2009118,56\u00a0euros\u2009\u00bb.<\/p>\n<p>Un lourd appareillage et un appartement au 18e \u00e9tage sans ascenseur\u00a0<\/p>\n<p class=\" wall-content\">\u00ab\u2009L\u2019\u00e9tat de sant\u00e9 de Mme X. n\u00e9cessite un appareillage important, rappellent-ils. Elle doit se d\u00e9placer en fauteuil roulant. Elle a acquis un fauteuil verticalisateur pour ses d\u00e9placements ext\u00e9rieurs et un second fauteuil pour se d\u00e9placer chez elle.\u2009\u00bb Cette femme a en outre\u00a0\u00ab\u2009\u00e9quip\u00e9 son logement d\u2019un si\u00e8ge \u00e9l\u00e9vateur de bain et d\u2019une rampe d\u2019acc\u00e8s pour sortir de sa terrasse, souligne encore la cour. L\u2019achat de ces \u00e9quipements [\u2026] est corrobor\u00e9 par les photos de son logement, contenues dans le rapport de l\u2019ergoth\u00e9rapeute.\u2009\u00bb<\/p>\n<p class=\" wall-content\">Elle ne sera en revanche pas indemnis\u00e9e pour les \u00ab\u2009achats de protections et de lingettes\u2009\u00bb en d\u00e9pit des \u00ab\u2009troubles v\u00e9sico-sphinct\u00e9riens\u2009\u00bb qu\u2019elle a gard\u00e9s de cet accident m\u00e9dical puisqu\u2019elle a produit devant les juges \u00ab\u2009un unique ticket de caisse\u2009\u00bb qui \u00ab\u2009ne permet pas d\u2019\u00e9tablir la r\u00e9alit\u00e9 et l\u2019ampleur de son besoin\u2009\u00bb.<\/p>\n<p class=\" wall-content\">\u00ab\u2009Apr\u00e8s son accouchement, Mme X. est rest\u00e9e hospitalis\u00e9e sans autorisation de sortie jusqu\u2019au 10\u00a0d\u00e9cembre 2022, rappelle la cour administrative d\u2019appel de Paris. \u00c0 cette date, elle a pu rentrer \u00e0 son domicile un week-end sur deux, puis tous les week-ends \u00e0 partir du 1er\u00a0f\u00e9vrier 2023. Le domicile familial se trouvait au 18e \u00e9tage d\u2019un immeuble, non desservi par un ascenseur et non adapt\u00e9 \u00e0 une personne en situation de handicap, Mme X. a pu d\u00e9finitivement regagner le nouveau domicile familial, situ\u00e9 en rez-de-chauss\u00e9e mais non adapt\u00e9 \u00e0 son handicap, le 21\u00a0d\u00e9cembre 2023.\u2009\u00bb Son \u00ab\u2009besoin d\u2019assistance par tierce personne\u2009\u00bb est donc av\u00e9r\u00e9.<\/p>\n<p class=\" wall-content\"><strong>\/MJ et GF (PressPepper)<\/strong><\/p>\n<p class=\" wall-content\">Personnalisez votre actualit\u00e9 en ajoutant vos villes et m\u00e9dias en favori avec <a href=\"https:\/\/moncompte.actu.fr\" title=\"D\u00e9couvez Mon Actu\" rel=\"nofollow noopener\" data-trk=\"{&quot;cta&quot;:{&quot;action&quot;:&quot;https:\\\/\\\/moncompte.actu.fr&quot;,&quot;category&quot;:&quot;mon compte&quot;,&quot;from&quot;:&quot;article footer&quot;,&quot;name&quot;:&quot;Mon actu&quot;,&quot;type&quot;:&quot;cta&quot;}}\" target=\"_blank\">Mon Actu<\/a>.<\/p>\n","protected":false},"excerpt":{"rendered":"Par R\u00e9daction Paris Publi\u00e9 le 28 nov. 2025 \u00e0 6h06 La cour administrative d\u2019appel de Paris a condamn\u00e9&hellip;\n","protected":false},"author":2,"featured_media":563809,"comment_status":"","ping_status":"","sticky":false,"template":"","format":"standard","meta":{"footnotes":""},"categories":[1888],"tags":[1111,1928,11,1927,15182,1777,674,118,1011,27,303,15761,12,1926,626,1925,25],"class_list":{"0":"post-563808","1":"post","2":"type-post","3":"status-publish","4":"format-standard","5":"has-post-thumbnail","7":"category-paris","8":"tag-actu","9":"tag-actu-paris","10":"tag-actualites","11":"tag-actualites-paris","12":"tag-aphp","13":"tag-eu","14":"tag-europe","15":"tag-faits-divers","16":"tag-fr","17":"tag-france","18":"tag-justice","19":"tag-maternite","20":"tag-news","21":"tag-news-paris","22":"tag-paris","23":"tag-paris-news","24":"tag-republique-francaise"},"share_on_mastodon":{"url":"https:\/\/pubeurope.com\/@fr\/115625680122339403","error":""},"_links":{"self":[{"href":"https:\/\/www.europesays.com\/fr\/wp-json\/wp\/v2\/posts\/563808","targetHints":{"allow":["GET"]}}],"collection":[{"href":"https:\/\/www.europesays.com\/fr\/wp-json\/wp\/v2\/posts"}],"about":[{"href":"https:\/\/www.europesays.com\/fr\/wp-json\/wp\/v2\/types\/post"}],"author":[{"embeddable":true,"href":"https:\/\/www.europesays.com\/fr\/wp-json\/wp\/v2\/users\/2"}],"replies":[{"embeddable":true,"href":"https:\/\/www.europesays.com\/fr\/wp-json\/wp\/v2\/comments?post=563808"}],"version-history":[{"count":0,"href":"https:\/\/www.europesays.com\/fr\/wp-json\/wp\/v2\/posts\/563808\/revisions"}],"wp:featuredmedia":[{"embeddable":true,"href":"https:\/\/www.europesays.com\/fr\/wp-json\/wp\/v2\/media\/563809"}],"wp:attachment":[{"href":"https:\/\/www.europesays.com\/fr\/wp-json\/wp\/v2\/media?parent=563808"}],"wp:term":[{"taxonomy":"category","embeddable":true,"href":"https:\/\/www.europesays.com\/fr\/wp-json\/wp\/v2\/categories?post=563808"},{"taxonomy":"post_tag","embeddable":true,"href":"https:\/\/www.europesays.com\/fr\/wp-json\/wp\/v2\/tags?post=563808"}],"curies":[{"name":"wp","href":"https:\/\/api.w.org\/{rel}","templated":true}]}}