{"id":563810,"date":"2025-11-28T05:31:44","date_gmt":"2025-11-28T05:31:44","guid":{"rendered":"https:\/\/www.europesays.com\/fr\/563810\/"},"modified":"2025-11-28T05:31:44","modified_gmt":"2025-11-28T05:31:44","slug":"dans-la-bande-de-gaza-le-genocide-se-poursuit-sans-relache-malgre-la-treve-denonce-amnesty-international","status":"publish","type":"post","link":"https:\/\/www.europesays.com\/fr\/563810\/","title":{"rendered":"Dans la bande de Gaza, \u00ab\u00a0le g\u00e9nocide se poursuit sans rel\u00e2che\u00a0\u00bb malgr\u00e9 la tr\u00eave, d\u00e9nonce Amnesty International"},"content":{"rendered":"<p>                      <img loading=\"lazy\" decoding=\"async\" src=\"https:\/\/www.europesays.com\/fr\/wp-content\/uploads\/2025\/11\/8fd9c69_ftp-import-images-1-zyoquwrbl0lz-8bcfe183a52745988e27e93ee02f7ef3-1-14d3abd749ec464b884cf01c.jpeg\" alt=\"Une tente de fortune se dresse au milieu des d\u00e9combres dans la ville de Gaza, le 27\u00a0novembre\u00a02025.\"   width=\"664\" height=\"443\"\/>    Une tente de fortune se dresse au milieu des d\u00e9combres dans la ville de Gaza, le 27\u00a0novembre\u00a02025.  JEHAD ALSHRAFI \/ AP                          <\/p>\n<p class=\"article__paragraph  \">\u00ab\u00a0Le g\u00e9nocide des Palestiniens commis par Isra\u00ebl \u00e0 Gaza se poursuit sans rel\u00e2che malgr\u00e9 le cessez-le-feu\u00a0\u00bb fragile entre Isra\u00ebl et le mouvement islamiste palestinien Hamas entr\u00e9 en vigueur le 10\u00a0octobre, affirme Amnesty International, dans un<a href=\"https:\/\/www.amnesty.fr\/conflits-armes-et-populations\/actualites\/genocide-a-gaza-continue-malgre-le-cessez-le-feu\" target=\"_blank\" rel=\"noopener\" title=\"Nouvelle fen\u00eatre\"> rapport<\/a> publi\u00e9 jeudi 27\u00a0novembre.<\/p>\n<p class=\"article__paragraph  \">Ainsi, malgr\u00e9 la tr\u00eave, mise en \u0153uvre sous la pression des Etats-Unis, \u00ab\u00a0Isra\u00ebl restreint s\u00e9v\u00e8rement l\u2019entr\u00e9e des denr\u00e9es et le r\u00e9tablissement des services essentiels \u00e0 la survie de la population civile\u00a0\u00bb, \u00e9crit Amnesty International dans ledit rapport, citant de nombreux t\u00e9moignages d\u2019habitants de Gaza et plusieurs \u00e9tudes internationales, notamment de l\u2019ONU.<\/p>\n<p>                                       Lire aussi |  Article r\u00e9serv\u00e9 \u00e0 nos abonn\u00e9s  <a href=\"https:\/\/www.lemonde.fr\/international\/article\/2025\/09\/16\/selon-une-commission-d-enquete-du-conseil-des-droits-de-l-homme-de-l-onu-israel-commet-un-genocide-dans-la-bande-de-gaza_6641360_3210.html\" class=\"js-article-read-also catcher--favoris__link\" data-premium=\"1\" id=\"article-title-3438087\" target=\"_blank\" rel=\"noopener\">Isra\u00ebl commet un g\u00e9nocide dans la bande de Gaza, selon une commission d\u2019enqu\u00eate du Conseil des droits de l\u2019homme de l\u2019ONU<\/a>    <\/p>\n<p>   Lire plus tard  <\/p>\n<p class=\"article__paragraph  \">\u00ab\u00a0Le fait de fournir une aide limit\u00e9e \u00e0 quelques-uns ne signifie pas que le g\u00e9nocide a pris fin ni que l\u2019intention d\u2019Isra\u00ebl a chang\u00e9\u00a0\u00bb, ajoute le texte, en r\u00e9f\u00e9rence \u00e0 l\u2019aide humanitaire ayant pu entrer dans la bande de Gaza ces derni\u00e8res semaines. Le document cite \u00e9galement le d\u00e9placement forc\u00e9 de population ou encore des insuffisances dans l\u2019autorisation des \u00e9vacuations m\u00e9dicales comme autres preuves, selon l\u2019ONG, qu\u2019un g\u00e9nocide est en cours \u00e0 Gaza.<\/p>\n<p class=\"article__paragraph  \">Sollicit\u00e9 par l\u2019Agence France-Presse (AFP), le minist\u00e8re des affaires \u00e9trang\u00e8res isra\u00e9lien n\u2019avait pas fourni de r\u00e9ponse \u00e0 ces all\u00e9gations en d\u00e9but de soir\u00e9e. Par le pass\u00e9, Isra\u00ebl a rejet\u00e9 r\u00e9guli\u00e8rement et vigoureusement comme \u00ab\u00a0mensong\u00e8res\u00a0\u00bb, \u00ab\u00a0antis\u00e9mites\u00a0\u00bb, ou \u00ab\u00a0fabriqu\u00e9es de toutes pi\u00e8ces\u00a0\u00bb les accusations de g\u00e9nocide \u00e0 Gaza port\u00e9es \u00e0 son encontre par Amnesty International, d\u2019autres ONG de d\u00e9fense des droits humains, des experts de l\u2019ONU ou encore certains pays comme l\u2019Afrique du Sud qui le poursuivent devant la Cour internationale de justice (CIJ).<\/p>\n<p>                                       Lire l\u2019analyse |  Article r\u00e9serv\u00e9 \u00e0 nos abonn\u00e9s  <a href=\"https:\/\/www.lemonde.fr\/international\/article\/2025\/08\/23\/l-etat-de-famine-reconnu-a-gaza-un-revers-diplomatique-et-judiciaire-pour-les-autorites-israeliennes_6633976_3210.html\" class=\"js-article-read-also catcher--favoris__link\" data-premium=\"1\" id=\"article-title-3435188\" target=\"_blank\" rel=\"noopener\">L\u2019\u00e9tat de famine reconnu \u00e0 Gaza\u00a0: un revers diplomatique et judiciaire pour les autorit\u00e9s isra\u00e9liennes<\/a>    <\/p>\n<p>   Lire plus tard  <\/p>\n<p>                          Au moins 345\u00a0Palestiniens tu\u00e9s depuis le cessez-le-feu                    <\/p>\n<p class=\"article__paragraph  \">Le petit territoire palestinien a \u00e9t\u00e9 ravag\u00e9 par la guerre d\u00e9clench\u00e9e par l\u2019attaque du mouvement islamiste sur Isra\u00ebl, le 7\u00a0octobre\u00a02023. L\u2019ONG a accus\u00e9 pour la premi\u00e8re fois Isra\u00ebl de commettre un g\u00e9nocide \u00e0 Gaza en d\u00e9cembre\u00a02024.<\/p>\n<p>                                       Lire aussi |  Article r\u00e9serv\u00e9 \u00e0 nos abonn\u00e9s  <a href=\"https:\/\/www.lemonde.fr\/international\/article\/2024\/12\/05\/un-rapport-d-amnesty-international-qualifie-la-guerre-en-cours-a-gaza-de-genocide_6431214_3210.html\" class=\"js-article-read-also catcher--favoris__link\" data-premium=\"1\" id=\"article-title-3400897\" target=\"_blank\" rel=\"noopener\">Un rapport d\u2019Amnesty International qualifie la guerre en cours \u00e0 Gaza de \u00ab\u00a0g\u00e9nocide\u00a0\u00bb<\/a>    <\/p>\n<p>   Lire plus tard  <\/p>\n<p class=\"article__paragraph  \">L\u2019attaque du 7-Octobre a entra\u00een\u00e9 la mort de 1\u00a0221\u00a0personnes du c\u00f4t\u00e9 isra\u00e9lien, en majorit\u00e9 des civils, selon un d\u00e9compte de l\u2019AFP bas\u00e9 sur des donn\u00e9es officielles. Plus de 69\u00a0800\u00a0Palestiniens ont \u00e9t\u00e9 tu\u00e9s \u2013 et plus de 170\u00a0000\u00a0bless\u00e9s \u2013 par la campagne militaire isra\u00e9lienne de repr\u00e9sailles dans l\u2019enclave palestinienne, selon le minist\u00e8re de la sant\u00e9 de Gaza. Parmi eux, au moins 345 ont \u00e9t\u00e9 tu\u00e9es par des tirs isra\u00e9liens depuis la mise en \u0153uvre du cessez-le-feu.<\/p>\n<p class=\"article__paragraph  \">Le minist\u00e8re, dont les chiffres sont jug\u00e9s fiables par l\u2019ONU, ne pr\u00e9cise pas le nombre de combattants tu\u00e9s, mais ses donn\u00e9es indiquent que plus de la moiti\u00e9 des morts sont des mineurs et des femmes.<\/p>\n<p class=\"article__paragraph  \">\u00ab\u00a0Le cessez-le-feu risque de cr\u00e9er l\u2019illusion dangereuse d\u2019un retour \u00e0 la normale pour les gens qui vivent \u00e0 Gaza\u00a0\u00bb, note Agn\u00e8s Callamard, secr\u00e9taire g\u00e9n\u00e9rale d\u2019Amnesty International, dans le communiqu\u00e9 accompagnant le rapport. \u00ab\u00a0Le monde ne doit toutefois pas se laisser berner\u00a0\u00bb, ajoute-t-elle, affirmant que \u00ab\u00a0le g\u00e9nocide perp\u00e9tr\u00e9 par Isra\u00ebl n\u2019a pas pris fin\u00a0\u00bb.<\/p>\n<p>                                       Lire aussi |  Article r\u00e9serv\u00e9 \u00e0 nos abonn\u00e9s  <a href=\"https:\/\/www.lemonde.fr\/idees\/article\/2024\/10\/29\/guerre-israel-hamas-l-accusation-de-genocide-a-gaza-une-epreuve-sans-precedent-pour-la-justice-internationale_6364703_3232.html\" class=\"js-article-read-also catcher--favoris__link\" data-premium=\"1\" id=\"article-title-3392606\" target=\"_blank\" rel=\"noopener\">L\u2019accusation de g\u00e9nocide \u00e0 Gaza, une \u00e9preuve sans pr\u00e9c\u00e9dent pour la justice internationale<\/a>    <\/p>\n<p>   Lire plus tard  <\/p>\n<p class=\"author__detail\">  Le Monde avec AFP  <\/p>\n<p>                <a href=\"https:\/\/www.lemonde.fr\/syndication\/\" class=\"reuse__content\" title=\"R\u00e9utiliser ce contenu\" target=\"_blank\" rel=\"noopener\">R\u00e9utiliser ce contenu<\/a>      <\/p>\n","protected":false},"excerpt":{"rendered":"Une tente de fortune se dresse au milieu des d\u00e9combres dans la ville de Gaza, le 27\u00a0novembre\u00a02025. JEHAD&hellip;\n","protected":false},"author":2,"featured_media":563811,"comment_status":"","ping_status":"","sticky":false,"template":"","format":"standard","meta":{"footnotes":""},"categories":[1888],"tags":[1111,1928,11,1927,1777,674,1011,27,12,1926,626,1925,25],"class_list":{"0":"post-563810","1":"post","2":"type-post","3":"status-publish","4":"format-standard","5":"has-post-thumbnail","7":"category-paris","8":"tag-actu","9":"tag-actu-paris","10":"tag-actualites","11":"tag-actualites-paris","12":"tag-eu","13":"tag-europe","14":"tag-fr","15":"tag-france","16":"tag-news","17":"tag-news-paris","18":"tag-paris","19":"tag-paris-news","20":"tag-republique-francaise"},"share_on_mastodon":{"url":"https:\/\/pubeurope.com\/@fr\/115625688547208526","error":""},"_links":{"self":[{"href":"https:\/\/www.europesays.com\/fr\/wp-json\/wp\/v2\/posts\/563810","targetHints":{"allow":["GET"]}}],"collection":[{"href":"https:\/\/www.europesays.com\/fr\/wp-json\/wp\/v2\/posts"}],"about":[{"href":"https:\/\/www.europesays.com\/fr\/wp-json\/wp\/v2\/types\/post"}],"author":[{"embeddable":true,"href":"https:\/\/www.europesays.com\/fr\/wp-json\/wp\/v2\/users\/2"}],"replies":[{"embeddable":true,"href":"https:\/\/www.europesays.com\/fr\/wp-json\/wp\/v2\/comments?post=563810"}],"version-history":[{"count":0,"href":"https:\/\/www.europesays.com\/fr\/wp-json\/wp\/v2\/posts\/563810\/revisions"}],"wp:featuredmedia":[{"embeddable":true,"href":"https:\/\/www.europesays.com\/fr\/wp-json\/wp\/v2\/media\/563811"}],"wp:attachment":[{"href":"https:\/\/www.europesays.com\/fr\/wp-json\/wp\/v2\/media?parent=563810"}],"wp:term":[{"taxonomy":"category","embeddable":true,"href":"https:\/\/www.europesays.com\/fr\/wp-json\/wp\/v2\/categories?post=563810"},{"taxonomy":"post_tag","embeddable":true,"href":"https:\/\/www.europesays.com\/fr\/wp-json\/wp\/v2\/tags?post=563810"}],"curies":[{"name":"wp","href":"https:\/\/api.w.org\/{rel}","templated":true}]}}