{"id":563820,"date":"2025-11-28T05:38:34","date_gmt":"2025-11-28T05:38:34","guid":{"rendered":"https:\/\/www.europesays.com\/fr\/563820\/"},"modified":"2025-11-28T05:38:34","modified_gmt":"2025-11-28T05:38:34","slug":"fiscalite-france-usa-toutes-les-cles-a-connaitre-et-les-pieges-a-eviter-2","status":"publish","type":"post","link":"https:\/\/www.europesays.com\/fr\/563820\/","title":{"rendered":"Fiscalit\u00e9 France-USA : toutes les cl\u00e9s \u00e0 conna\u00eetre et les pi\u00e8ges \u00e0 \u00e9viter"},"content":{"rendered":"<p>Pour y voir plus clair, ne manquez pas le replay de notre webinar du mardi 25 novembre, avec deux sp\u00e9cialistes de la fiscalit\u00e9 cross border :\u00a0\u00a0<\/p>\n<p><img alt=\"Jean-Philippe SAURAT, Associ\u00e9 chez MSGL\" loading=\"lazy\" decoding=\"async\" data-nimg=\"fill\" class=\"drupal__img undefined\" style=\"position:absolute;height:100%;width:100%;left:0;top:0;right:0;bottom:0;object-fit:cover;color:transparent\"   src=\"https:\/\/www.europesays.com\/fr\/wp-content\/uploads\/2025\/11\/1764308314_230_image\"\/>Jean-Philippe SAURAT, Associ\u00e9 chez MSGL<\/p>\n<p class=\"p-empty\">\u00a0<\/p>\n<p><img alt=\"Briac DUHOT, Avocat \u00e0 la Cour - Kl\u00e9ber Avocats\" loading=\"lazy\" decoding=\"async\" data-nimg=\"fill\" class=\"drupal__img undefined\" style=\"position:absolute;height:100%;width:100%;left:0;top:0;right:0;bottom:0;object-fit:cover;color:transparent\"   src=\"https:\/\/www.europesays.com\/fr\/wp-content\/uploads\/2025\/11\/1764308314_15_image\"\/>Briac DUHOT,<br \/>Avocat \u00e0 la Cour\u00a0\u00a0<\/p>\n<p>Voici les principaux points abord\u00e9s lors de ce webinar d\u2019une heure :<\/p>\n<p><b>&#8211; R\u00e9sidence fiscale<\/b> : comment d\u00e9terminer votre statut selon les r\u00e8gles fran\u00e7aises et am\u00e9ricaines ?<\/p>\n<p><b>&#8211; Imposition des revenus<\/b> : salaires, dividendes, plus-values, pensions\u2026 comment sont-ils impos\u00e9s de part et d\u2019autre de l\u2019Atlantique ?<\/p>\n<p><b>&#8211; Obligations d\u00e9claratives et conformit\u00e9 (<\/b><b>compliance<\/b><b>)<\/b> : quelles sont vos obligations vis-\u00e0-vis de l\u2019administration fiscale fran\u00e7aise et am\u00e9ricaine ?<\/p>\n<p><b>&#8211; Fiscalit\u00e9 patrimoniale<\/b> : comment g\u00e9rer ses successions et donations dans un contexte international ?<\/p>\n<p><b>&#8211; Conseils cl\u00e9s et pi\u00e8ges \u00e0 \u00e9viter<\/b> pour rester en r\u00e8gle et optimiser votre situation.<\/p>\n<p class=\"p-empty\">\u00a0<\/p>\n<p><a href=\"https:\/\/youtu.be\/EYOf3HWRViY\" target=\"_blank\" rel=\"noopener\"><b>Pour regarder le replay de ce webinar, cliquez sur ce lien.\u00a0<\/b><\/a><\/p>\n<p class=\"p-empty\">\u00a0<\/p>\n<p><b>\u00c0 propos de MSGL <\/b><\/p>\n<p>Cabinet de services-conseils, d\u2019expertise-comptable et fiscale canadien, MSGL accompagne les particuliers, les entreprises et les investisseurs \u00e9trangers souhaitant se d\u00e9velopper au Canada et plus largement en Am\u00e9rique du Nord.\u200b Le cabinet offre un service personnalis\u00e9 \u00e0 l&rsquo;international en supprimant les barri\u00e8res culturelles et techniques dans les domaines comptables, fiscaux et financiers.<\/p>\n<p><b>Pour en savoir plus, rendez-vous sur : <\/b><a href=\"https:\/\/www.ms-gl.com\/\" target=\"_blank\" rel=\"noopener\"><b>www.ms-gl.com<\/b><\/a><\/p>\n","protected":false},"excerpt":{"rendered":"Pour y voir plus clair, ne manquez pas le replay de notre webinar du mardi 25 novembre, avec&hellip;\n","protected":false},"author":2,"featured_media":529084,"comment_status":"","ping_status":"","sticky":false,"template":"","format":"standard","meta":{"footnotes":""},"categories":[1589],"tags":[11,73,1866,12,1864,1865,1863,308],"class_list":{"0":"post-563820","1":"post","2":"type-post","3":"status-publish","4":"format-standard","5":"has-post-thumbnail","7":"category-etats-unis","8":"tag-actualites","9":"tag-etats-unis","10":"tag-etats-unis-damerique","11":"tag-news","12":"tag-united-states","13":"tag-united-states-of-america","14":"tag-us","15":"tag-usa"},"share_on_mastodon":{"url":"https:\/\/pubeurope.com\/@fr\/115625717025565277","error":""},"_links":{"self":[{"href":"https:\/\/www.europesays.com\/fr\/wp-json\/wp\/v2\/posts\/563820","targetHints":{"allow":["GET"]}}],"collection":[{"href":"https:\/\/www.europesays.com\/fr\/wp-json\/wp\/v2\/posts"}],"about":[{"href":"https:\/\/www.europesays.com\/fr\/wp-json\/wp\/v2\/types\/post"}],"author":[{"embeddable":true,"href":"https:\/\/www.europesays.com\/fr\/wp-json\/wp\/v2\/users\/2"}],"replies":[{"embeddable":true,"href":"https:\/\/www.europesays.com\/fr\/wp-json\/wp\/v2\/comments?post=563820"}],"version-history":[{"count":0,"href":"https:\/\/www.europesays.com\/fr\/wp-json\/wp\/v2\/posts\/563820\/revisions"}],"wp:featuredmedia":[{"embeddable":true,"href":"https:\/\/www.europesays.com\/fr\/wp-json\/wp\/v2\/media\/529084"}],"wp:attachment":[{"href":"https:\/\/www.europesays.com\/fr\/wp-json\/wp\/v2\/media?parent=563820"}],"wp:term":[{"taxonomy":"category","embeddable":true,"href":"https:\/\/www.europesays.com\/fr\/wp-json\/wp\/v2\/categories?post=563820"},{"taxonomy":"post_tag","embeddable":true,"href":"https:\/\/www.europesays.com\/fr\/wp-json\/wp\/v2\/tags?post=563820"}],"curies":[{"name":"wp","href":"https:\/\/api.w.org\/{rel}","templated":true}]}}