{"id":563825,"date":"2025-11-28T05:41:14","date_gmt":"2025-11-28T05:41:14","guid":{"rendered":"https:\/\/www.europesays.com\/fr\/563825\/"},"modified":"2025-11-28T05:41:14","modified_gmt":"2025-11-28T05:41:14","slug":"la-france-detient-elle-le-triste-record-de-la-surpopulation-carcerale-en-europe-a-nuancer","status":"publish","type":"post","link":"https:\/\/www.europesays.com\/fr\/563825\/","title":{"rendered":"La France d\u00e9tient-elle le \u00ab\u00a0triste record de la surpopulation carc\u00e9rale en Europe\u00a0\u00bb\u00a0? A nuancer"},"content":{"rendered":"<p>Depuis plusieurs ann\u00e9es, le nombre de d\u00e9tenus dans les prisons fran\u00e7aises est nettement sup\u00e9rieur au nombre de places disponibles. C\u2019est ce qu\u2019on appelle la <a href=\"https:\/\/www.20minutes.fr\/justice\/4176283-20250930-prisons-surpopulation-carcerale-aggrave-france-nouveau-record-detenus-battu\" class=\"c-link c-link--is-underlined\" target=\"_blank\" rel=\"noopener\">surpopulation carc\u00e9rale<\/a>. Un sujet sur lequel la <a href=\"https:\/\/www.20minutes.fr\/france\/\" class=\"c-link c-link--is-underlined\" target=\"_blank\" rel=\"noopener\">France<\/a> occuperait la premi\u00e8re place parmi les pays europ\u00e9ens, selon le d\u00e9put\u00e9 Aly Diouara (<a href=\"https:\/\/www.20minutes.fr\/politique\/france-insoumise\/\" class=\"c-link c-link--is-underlined\" target=\"_blank\" rel=\"noopener\">LFI<\/a>).<\/p>\n<p>\u00ab\u00a0La France d\u00e9tient le triste record de la surpopulation carc\u00e9rale en Europe\u00a0\u00bb, peut-on ainsi lire dans un message post\u00e9 sur X, ce lundi 24\u00a0novembre, par l\u2019\u00e9lu de <a href=\"https:\/\/www.20minutes.fr\/societe\/seine-saint-denis\/\" class=\"c-link c-link--is-underlined\" target=\"_blank\" rel=\"noopener\">Seine-Saint-Denis<\/a>. Lui qui pointe r\u00e9guli\u00e8rement du doigt les <a href=\"https:\/\/www.20minutes.fr\/societe\/4179376-20251015-prison-moisissures-vetuste-preoccupante-avis-pointe-delabrement-etablissements-penitentiaire\" class=\"c-link c-link--is-underlined\" target=\"_blank\" rel=\"noopener\">conditions de d\u00e9tention dans les prisons<\/a> fran\u00e7aises.<\/p>\n<blockquote class=\"twitter-tweet\" align=\"center\" data-lang=\"fr_FR\">\n<p lang=\"fr\" dir=\"ltr\">La France d\u00e9tient le triste record de la surpopulation carc\u00e9rale en Europe. Les surench\u00e8res s\u00e9curitaires d\u2019une droite et d\u2019une extr\u00eame-droite \u00e0 bout de souffle n\u2019y changeront rien. Parler de r\u00e9insertion, c\u2019est d\u00e9fendre l\u2019\u00c9tat de droit et pas seulement quand il s\u2019agit de Nicolas.<\/p>\n<p>\u2014 Aly D (@AlyDiouara) <a href=\"https:\/\/twitter.com\/AlyDiouara\/status\/1992981566587645963?ref_src=twsrc%5Etfw\" target=\"_blank\" rel=\"noopener\">November 24, 2025<\/a><\/p><\/blockquote>\n<p class=\"mb-m@xs text-l@xs\">En cliquant sur\u00ab J\u2019accepte \u00bb, vous acceptez le d\u00e9p\u00f4t de cookies par des services externes et aurez ainsi acc\u00e8s aux contenus de nos partenaires.<\/p>\n<p class=\"mb-xl@xs text-s@xs\">Plus d\u2019informations sur la page<a href=\"https:\/\/www.20minutes.fr\/gestion-cookies\" class=\"mx-xxs@xs color-ultramarine\" target=\"_blank\" rel=\"noopener\">Politique de gestion des cookies<\/a><\/p>\n<p>J\u2019accepte<\/p>\n<p>Il poursuit\u00a0: \u00ab\u00a0Parler de r\u00e9insertion\u00a0\u00bb &#8211; l\u2019<a href=\"https:\/\/www.instagram.com\/p\/C--1d2ooRce\/?utm_source=ig_web_copy_link\" target=\"_blank\" class=\"c-link c-link--is-underlined\" rel=\"noopener\">une des solutions qu\u2019il envisage<\/a> pour am\u00e9liorer <a href=\"https:\/\/www.20minutes.fr\/podcast\/2524487-20190523-audio-quoi-sert-prison\" class=\"c-link c-link--is-underlined\" target=\"_blank\" rel=\"noopener\">le syst\u00e8me carc\u00e9ral fran\u00e7ais<\/a> &#8211; \u00ab\u00a0c\u2019est d\u00e9fendre l\u2019\u00c9tat de droit\u00a0\u00bb. Toutefois, aucun chiffre ni aucune source ne sont donn\u00e9s, pour \u00e9tayer son affirmation. Pour v\u00e9rifier si \u00ab\u00a0la France d\u00e9tient le triste record de la surpopulation carc\u00e9rale en <a href=\"https:\/\/www.20minutes.fr\/dossier\/europe\" class=\"c-link c-link--is-underlined\" target=\"_blank\" rel=\"noopener\">Europe<\/a>\u00a0\u00bb, une petite recherche de donn\u00e9es sur le sujet s\u2019impose donc.<\/p>\n<p>FAKE OFF<\/p>\n<p>Le 31 octobre dernier, comme chaque dernier jour du mois, le minist\u00e8re de la <a href=\"https:\/\/www.20minutes.fr\/dossier\/ministre_de_la_justice\" class=\"c-link c-link--is-underlined\" target=\"_blank\" rel=\"noopener\">Justice<\/a> a publi\u00e9 des <a href=\"https:\/\/www.justice.gouv.fr\/documentation\/etudes-et-statistiques\/statistiques-mensuelles-population-detenue-ecrouee-9\" target=\"_blank\" class=\"c-link c-link--is-underlined\" rel=\"noopener\">statistiques sur \u00ab\u00a0la population d\u00e9tenue et \u00e9crou\u00e9e\u00a0\u00bb<\/a>. Selon ces donn\u00e9es, il y avait, au 1er\u00a0octobre 2025, 84.862 d\u00e9tenus dans les <a href=\"https:\/\/www.20minutes.fr\/dossier\/prison\" class=\"c-link c-link--is-underlined\" target=\"_blank\" rel=\"noopener\">prisons<\/a> fran\u00e7aises, pour 62.501 places disponibles. Soit une densit\u00e9 carc\u00e9rale de 135,8\u00a0%. Un pourcentage \u00e0 retenir pour la suite de notre article.<\/p>\n<\/p>\n<p>Passons aux statistiques des autres pays en Europe. Les donn\u00e9es les plus r\u00e9centes proviennent du <a href=\"https:\/\/www.coe.int\/fr\/web\/portal\/-\/increasing-overcrowding-in-european-prisons\" target=\"_blank\" class=\"c-link c-link--is-underlined\" rel=\"noopener\">rapport 2024 du Conseil de l\u2019Europe, publi\u00e9 en juillet dernier<\/a>, sur les statistiques p\u00e9nales dans les pays europ\u00e9ens (le SPACE). Selon cette \u00e9tude &#8211; donn\u00e9es arr\u00eat\u00e9es au 31\u00a0janvier 2024 &#8211; la <a href=\"https:\/\/www.20minutes.fr\/monde\/slovenie\/\" class=\"c-link c-link--is-underlined\" target=\"_blank\" rel=\"noopener\">Slov\u00e9nie<\/a> et <a href=\"https:\/\/www.20minutes.fr\/dossier\/chypre\" class=\"c-link c-link--is-underlined\" target=\"_blank\" rel=\"noopener\">Chypre<\/a> \u00e9taient les plus mauvais \u00e9l\u00e8ves europ\u00e9ens <a href=\"https:\/\/www.20minutes.fr\/societe\/4153370-20250514-macron-tf1-louer-places-prison-etranger-vraiment-possible\" class=\"c-link c-link--is-underlined\" target=\"_blank\" rel=\"noopener\">en mati\u00e8re de surpopulation carc\u00e9rale<\/a>. A cette date du 31\u00a0janvier 2024, la densit\u00e9 carc\u00e9rale en Slov\u00e9nie \u00e9tait de 134\u00a0%, et de 132\u00a0% en Chypre. Avec une densit\u00e9 carc\u00e9rale de 124\u00a0%, la France compl\u00e9tait le podium.<\/p>\n<p>La densit\u00e9 carc\u00e9rale dans les prisons fran\u00e7aises au 1er\u00a0octobre 2025 (135\u00a0%) est donc bien plus \u00e9lev\u00e9e que ces donn\u00e9es, qui datent pour rappel du 31\u00a0janvier 2024. Mais cela ne constitue pas un \u00ab\u00a0record\u00a0\u00bb. Selon le <a href=\"https:\/\/wp.unil.ch\/space\/files\/2025\/04\/space_i_2023_report.pdf\" target=\"_blank\" class=\"c-link c-link--is-underlined\" rel=\"noopener\">rapport SPACE 2023 du Conseil de l\u2019Europe<\/a> (page\u00a074), la densit\u00e9 carc\u00e9rale dans les prisons chypriotes \u00e9tait, au 31\u00a0janvier 2023, de 165\u00a0%.<\/p>\n<p>Une capacit\u00e9 op\u00e9rationnelle de 620 places<\/p>\n<p>Derri\u00e8re ce \u00ab\u00a0record\u00a0\u00bb d\u00e9tenu par Chypre, il y a d\u2019autres chiffres, <a href=\"https:\/\/www.coe.int\/fr\/web\/prison\/space\" target=\"_blank\" class=\"c-link c-link--is-underlined\" rel=\"noopener\">pr\u00e9sents dans les rapports SPACE<\/a>, \u00e0 prendre en consid\u00e9ration. Dans ce pays, au 1er\u00a0janvier 2023, il y avait 1.026 d\u00e9tenus dans les prisons fran\u00e7aises, pour 620 places op\u00e9rationnelles. A la m\u00eame date, seuls l\u2019<a href=\"https:\/\/www.20minutes.fr\/dossier\/islande\" class=\"c-link c-link--is-underlined\" target=\"_blank\" rel=\"noopener\">Islande<\/a> (181 places), le Liechtenstein (20), <a href=\"https:\/\/www.20minutes.fr\/dossier\/andorre\" class=\"c-link c-link--is-underlined\" target=\"_blank\" rel=\"noopener\">Andorre<\/a> (148), <a href=\"https:\/\/www.20minutes.fr\/dossier\/monaco\" class=\"c-link c-link--is-underlined\" target=\"_blank\" rel=\"noopener\">Monaco<\/a> (98), et Saint-Marin (12) avaient moins de places op\u00e9rationnelles dans leurs prisons.<\/p>\n<p>Un an plus tard, le 31\u00a0janvier 2024, le nombre de places en prison, \u00e0 Chypre, a l\u00e9g\u00e8rement augment\u00e9, tandis que le nombre de d\u00e9tenus a diminu\u00e9. Il y avait, \u00e0 cette date-l\u00e0, 754 places op\u00e9rationnelles pour 997 d\u00e9tenus. Une <a href=\"https:\/\/www.20minutes.fr\/societe\/4122223-20241120-prisons-gouvernement-admet-gros-retards-construction-nouvelles-places-objectif-atteint\" class=\"c-link c-link--is-underlined\" target=\"_blank\" rel=\"noopener\">tendance qui ne s\u2019observe pas en France<\/a>.<\/p>\n<p><a href=\"https:\/\/www.20minutes.fr\/justice\/\" target=\"_blank\" class=\"c-link c-btn c-btn--primary\" rel=\"noopener\">Notre rubrique Justice<\/a><\/p>\n<p>Sur la m\u00eame p\u00e9riode, du 31\u00a0janvier 2023 au 31\u00a0janvier 2024, le <a href=\"https:\/\/www.20minutes.fr\/societe\/4159438-20250619-surpopulation-prisons-bord-rupture-alertent-directeurs-penitentiaires\" class=\"c-link c-link--is-underlined\" target=\"_blank\" rel=\"noopener\">nombre de places en prison et le nombre de d\u00e9tenus<\/a> ont tous deux augment\u00e9, mais \u00e0 des niveaux bien diff\u00e9rents. Alors que nombre de places dans les prisons fran\u00e7aises est pass\u00e9 de 60.662 \u00e0 61.737 (+\u00a01.075), le nombre de d\u00e9tenus est lui pass\u00e9 de 72.294 \u00e0 76.275 (+\u00a03.981).<\/p>\n<p><script async src=\"https:\/\/platform.twitter.com\/widgets.js\" charset=\"utf-8\"><\/script><script async src=\"\/\/www.instagram.com\/embed.js\"><\/script><\/p>\n","protected":false},"excerpt":{"rendered":"Depuis plusieurs ann\u00e9es, le nombre de d\u00e9tenus dans les prisons fran\u00e7aises est nettement sup\u00e9rieur au nombre de places&hellip;\n","protected":false},"author":2,"featured_media":563826,"comment_status":"","ping_status":"","sticky":false,"template":"","format":"standard","meta":{"footnotes":""},"categories":[1586],"tags":[47,11,1777,674,841,840,1011,27,12,806,25,104],"class_list":{"0":"post-563825","1":"post","2":"type-post","3":"status-publish","4":"format-standard","5":"has-post-thumbnail","7":"category-europe","8":"tag-actualite","9":"tag-actualites","10":"tag-eu","11":"tag-europe","12":"tag-fact-checking-fake-off","13":"tag-fake-off","14":"tag-fr","15":"tag-france","16":"tag-news","17":"tag-prison","18":"tag-republique-francaise","19":"tag-societe"},"share_on_mastodon":{"url":"https:\/\/pubeurope.com\/@fr\/115625727407496570","error":""},"_links":{"self":[{"href":"https:\/\/www.europesays.com\/fr\/wp-json\/wp\/v2\/posts\/563825","targetHints":{"allow":["GET"]}}],"collection":[{"href":"https:\/\/www.europesays.com\/fr\/wp-json\/wp\/v2\/posts"}],"about":[{"href":"https:\/\/www.europesays.com\/fr\/wp-json\/wp\/v2\/types\/post"}],"author":[{"embeddable":true,"href":"https:\/\/www.europesays.com\/fr\/wp-json\/wp\/v2\/users\/2"}],"replies":[{"embeddable":true,"href":"https:\/\/www.europesays.com\/fr\/wp-json\/wp\/v2\/comments?post=563825"}],"version-history":[{"count":0,"href":"https:\/\/www.europesays.com\/fr\/wp-json\/wp\/v2\/posts\/563825\/revisions"}],"wp:featuredmedia":[{"embeddable":true,"href":"https:\/\/www.europesays.com\/fr\/wp-json\/wp\/v2\/media\/563826"}],"wp:attachment":[{"href":"https:\/\/www.europesays.com\/fr\/wp-json\/wp\/v2\/media?parent=563825"}],"wp:term":[{"taxonomy":"category","embeddable":true,"href":"https:\/\/www.europesays.com\/fr\/wp-json\/wp\/v2\/categories?post=563825"},{"taxonomy":"post_tag","embeddable":true,"href":"https:\/\/www.europesays.com\/fr\/wp-json\/wp\/v2\/tags?post=563825"}],"curies":[{"name":"wp","href":"https:\/\/api.w.org\/{rel}","templated":true}]}}