{"id":563827,"date":"2025-11-28T05:42:11","date_gmt":"2025-11-28T05:42:11","guid":{"rendered":"https:\/\/www.europesays.com\/fr\/563827\/"},"modified":"2025-11-28T05:42:11","modified_gmt":"2025-11-28T05:42:11","slug":"michel-berger-sa-romance-avec-veronique-sanson-a-eu-une-incidence-sur-violaine-la-soeur-de-la-chanteuse","status":"publish","type":"post","link":"https:\/\/www.europesays.com\/fr\/563827\/","title":{"rendered":"Michel Berger : Sa romance avec V\u00e9ronique Sanson a eu une incidence sur Violaine, la soeur de la chanteuse"},"content":{"rendered":"<p>La suite apr\u00e8s la publicit\u00e9<\/p>\n<p>Ce vendredi 28 novembre, <a href=\"https:\/\/www.purepeople.com\/people\/michel-berger_p184\" target=\"_blank\" rel=\"noopener\">Michel Berger<\/a> aurait eu 78 ans, lui qui est pour rappel tragiquement d\u00e9c\u00e9d\u00e9 le 2 ao\u00fbt 1992, \u00e0 44 ans, d&rsquo;une <a href=\"https:\/\/www.purepeople.com\/article\/michel-berger-juste-avant-d-etre-emporte-par-une-crise-cardiaque-il-allait-quitter-france-gall-pour-une-jeune-mannequin_a530277\/1\" target=\"_blank\" rel=\"noopener\">crise cardiaque <\/a>\u00e0 la suite d&rsquo;une partie de tennis avec Marie-Fran\u00e7oise Holtz, dans sa propri\u00e9t\u00e9 de Ramatuelle. Il aura compos\u00e9 et interpr\u00e9t\u00e9 des chansons iconiques, la plus connue d&rsquo;entre elles \u00e9tant certainement La Groupie du pianiste (1980).<\/p>\n<p>Michel Berger \u00e9tait chanteur, compositeur, mais \u00e9galement directeur artistique. En effet, il a produit, pour Path\u00e9 Marconi avec Claude-Michel Sch\u00f6nberg, Les Roche Martin : un trio musical \u00e9ph\u00e9m\u00e8re de l&rsquo;ann\u00e9e 1967, compos\u00e9 de Fran\u00e7ois Bernheim, V\u00e9ronique et <a href=\"https:\/\/www.purepeople.com\/article\/-elle-se-faisait-piller-veronique-sanson-arnaquee-sa-soeur-violaine-prend-les-choses-en-main_a499910\/1\" target=\"_blank\" rel=\"noopener\">Violaine Sanson<\/a>. Cette aventure musicale ne durera pas tr\u00e8s longtemps.<\/p>\n<p>\u00ab\u00a0J&rsquo;adorais \u00eatre avec les filles mais je m&rsquo;entendais mal avec un de nos directeurs artistiques. Il nous proposait une chanson \u00e9pouvantable qui s&rsquo;appelait J&rsquo;ai des fleurs dans les cheveux, il fallait ressembler aux hippies&#8230; On s&rsquo;est engueul\u00e9 et Violaine m&rsquo;a suivi\u00a0\u00bb, a r\u00e9cemment racont\u00e9 Fran\u00e7ois Bernheim \u00e0 Paris Match, lors d&rsquo;une interview accord\u00e9e au magazine aux cot\u00e9s de ses deux anciennes collaboratrices. \u00ab\u00a0Les Roche Martin sont morts \u00e0 partir du moment o\u00f9 Michel et V\u00e9ro sont tomb\u00e9s amoureux l&rsquo;un de l&rsquo;autre, il faut bien le dire\u00a0\u00bb, a-t-il ajout\u00e9.\u00a0<\/p>\n<p>En effet, V\u00e9ronique Sanson et Michel Berger ont d\u00e9but\u00e9 leur relation amoureuse cette ann\u00e9e-l\u00e0, ce qui a donc visiblement provoqu\u00e9 la fin du groupe. Si V\u00e9ronique Sanson et Fran\u00e7ois Bernheim (producteur entre autres, des premiers disques de Renaud et Patricia Kaas, ainsi que du groupe Les Poppys) se sont servis de cette aventure pour mener ensuite de belles carri\u00e8res dans la musique, Violaine, elle, a totalement chang\u00e9 de voie.<\/p>\n<p>V\u00e9ronique Sanson et son couple avec Michel Berger<\/p>\n<p>Elle s&rsquo;est tout d&rsquo;abord consacr\u00e9e \u00e0 la course de moto, puis \u00e0 une carri\u00e8re dans la publicit\u00e9. Elle signera n\u00e9anmoins ponctuellement quelques titres pour sa s\u0153ur, comme Qu\u2019on me pardonne ou Mon voisin. A noter qu&rsquo;avec sa c\u00e9l\u00e8bre soeur, elle connaissait Michel Berger depuis l&rsquo;enfance. \u00ab\u00a0Notre p\u00e8re \u00e9tait le cavalier de sa m\u00e8re dans des rallyes\u00a0\u00bb, avait expliqu\u00e9 V\u00e9ronique Sanson \u00e0 Paris Match, avant que sa soeur n&rsquo;ajoute ceci :\u00a0\u00bb On l&rsquo;avait rencontr\u00e9 petit, \u00e0 des gouters d&rsquo;enfance. On a grandi sans se revoir. C&rsquo;est V\u00e9ro et Michel qui se sont rappel\u00e9s qu&rsquo;on se connaissait.\u00a0\u00bb<\/p>\n<p>Avec Michel Berger, V\u00e9ronique Sanson vivra une belle romance jusqu&rsquo;au d\u00e9but des ann\u00e9es 1970.<a href=\"https:\/\/www.purepeople.com\/article\/veronique-sanson-amoureuse-de-michel-berger-et-stephen-stills-en-meme-temps-ce-choix-qu-elle-a-du-faire_a505520\/1\" target=\"_blank\" rel=\"noopener\"> Elle a tout quitt\u00e9 pour Stephen Stills<\/a>, et lui fera la rencontre de la c\u00e9l\u00e8bre chanteuse France Gall, qu&rsquo;il \u00e9pousera en 1976 et avec qui il aura deux enfants : Pauline Isabelle, n\u00e9e le 14 novembre 1978, qui meurt le 15 d\u00e9cembre 1997 d&rsquo;une mucoviscidose et Rapha\u00ebl Hamburger, n\u00e9 le 2 avril 1981.<\/p>\n","protected":false},"excerpt":{"rendered":"La suite apr\u00e8s la publicit\u00e9 Ce vendredi 28 novembre, Michel Berger aurait eu 78 ans, lui qui est&hellip;\n","protected":false},"author":2,"featured_media":563828,"comment_status":"","ping_status":"","sticky":false,"template":"","format":"standard","meta":{"footnotes":""},"categories":[1586],"tags":[11,1777,674,1779,1011,27,12,25,1778,364],"class_list":{"0":"post-563827","1":"post","2":"type-post","3":"status-publish","4":"format-standard","5":"has-post-thumbnail","7":"category-europe","8":"tag-actualites","9":"tag-eu","10":"tag-europe","11":"tag-european-union","12":"tag-fr","13":"tag-france","14":"tag-news","15":"tag-republique-francaise","16":"tag-ue","17":"tag-union-europeenne"},"share_on_mastodon":{"url":"https:\/\/pubeurope.com\/@fr\/115625731597870012","error":""},"_links":{"self":[{"href":"https:\/\/www.europesays.com\/fr\/wp-json\/wp\/v2\/posts\/563827","targetHints":{"allow":["GET"]}}],"collection":[{"href":"https:\/\/www.europesays.com\/fr\/wp-json\/wp\/v2\/posts"}],"about":[{"href":"https:\/\/www.europesays.com\/fr\/wp-json\/wp\/v2\/types\/post"}],"author":[{"embeddable":true,"href":"https:\/\/www.europesays.com\/fr\/wp-json\/wp\/v2\/users\/2"}],"replies":[{"embeddable":true,"href":"https:\/\/www.europesays.com\/fr\/wp-json\/wp\/v2\/comments?post=563827"}],"version-history":[{"count":0,"href":"https:\/\/www.europesays.com\/fr\/wp-json\/wp\/v2\/posts\/563827\/revisions"}],"wp:featuredmedia":[{"embeddable":true,"href":"https:\/\/www.europesays.com\/fr\/wp-json\/wp\/v2\/media\/563828"}],"wp:attachment":[{"href":"https:\/\/www.europesays.com\/fr\/wp-json\/wp\/v2\/media?parent=563827"}],"wp:term":[{"taxonomy":"category","embeddable":true,"href":"https:\/\/www.europesays.com\/fr\/wp-json\/wp\/v2\/categories?post=563827"},{"taxonomy":"post_tag","embeddable":true,"href":"https:\/\/www.europesays.com\/fr\/wp-json\/wp\/v2\/tags?post=563827"}],"curies":[{"name":"wp","href":"https:\/\/api.w.org\/{rel}","templated":true}]}}