{"id":563842,"date":"2025-11-28T06:00:18","date_gmt":"2025-11-28T06:00:18","guid":{"rendered":"https:\/\/www.europesays.com\/fr\/563842\/"},"modified":"2025-11-28T06:00:18","modified_gmt":"2025-11-28T06:00:18","slug":"apolline-de-malherbe-benjamin-duhamel-thomas-sotto-bfmtv-reunit-les-anciens-de-la-chaine-pour-ses-20-ans","status":"publish","type":"post","link":"https:\/\/www.europesays.com\/fr\/563842\/","title":{"rendered":"Apolline de\u00a0Malherbe, Benjamin Duhamel, Thomas Sotto&#8230; BFMTV r\u00e9unit les anciens de la cha\u00eene pour ses 20 ans"},"content":{"rendered":"<p>    Alain Marschall sur BFMTV<br \/>\n                Capture d&rsquo;\u00e9cran<\/p>\n<p>\n    La cha\u00eene d\u2019information en continu f\u00eate son anniversaire ce jeudi 27 novembre. Pour l\u2019occasion, elle a pr\u00e9vu une soir\u00e9e sp\u00e9ciale, pr\u00e9sent\u00e9e par Alain Marschall et Olivier Truchot.<\/p>\n<p class=\"fig-paragraph\"><a href=\"https:\/\/www.lefigaro.fr\/tag\/aurelie-casse\" target=\"_blank\" rel=\"noopener\" data-gtm-custom-categorie=\"navigation\" data-gtm-custom-action=\"crossclick\" data-gtm-custom-label=\"Contextuel\" data-gtm-event=\"customEventSPE\">Aur\u00e9lie Casse<\/a>,\u00a0<a href=\"https:\/\/www.lefigaro.fr\/tag\/thomas-sotto\" target=\"_blank\" rel=\"noopener\" data-gtm-custom-categorie=\"navigation\" data-gtm-custom-action=\"crossclick\" data-gtm-custom-label=\"Contextuel\" data-gtm-event=\"customEventSPE\">Thomas Sotto<\/a>,\u00a0<a href=\"https:\/\/www.lefigaro.fr\/tag\/benjamin-duhamel\" target=\"_blank\" rel=\"noopener\" data-gtm-custom-categorie=\"navigation\" data-gtm-custom-action=\"crossclick\" data-gtm-custom-label=\"Contextuel\" data-gtm-event=\"customEventSPE\">Benjamin Duhamel<\/a>\u2026 Autant de visages qui ont marqu\u00e9 l\u2019information \u00e0 la t\u00e9l\u00e9vision fran\u00e7aise sur\u00a0<a href=\"https:\/\/tvmag.lefigaro.fr\/programme-tv\/chaine\/481\/tous-les-programmes-de-bfm-tv\" target=\"_blank\" rel=\"noopener\" data-gtm-custom-categorie=\"navigation\" data-gtm-custom-action=\"crossclick\" data-gtm-custom-label=\"Contextuel\" data-gtm-event=\"customEventSPE\"><strong>BFMTV<\/strong><\/a> . Pour f\u00eater ses 20 ans, la cha\u00eene a r\u00e9uni des \u00abpersonnalit\u00e9s embl\u00e9matiques de la cha\u00eene\u00bb lors d\u2019une soir\u00e9e sp\u00e9ciale pr\u00e9sent\u00e9e par les figures de proue des\u00a0<a href=\"https:\/\/tvmag.lefigaro.fr\/programme-tv\/programme\/les-grandes-gueules-f466899025\" target=\"_blank\" rel=\"noopener\" data-gtm-custom-categorie=\"navigation\" data-gtm-custom-action=\"crossclick\" data-gtm-custom-label=\"Contextuel\" data-gtm-event=\"customEventSPE\">\u00abGrandes gueules\u00bb<\/a>\u00a0sur RMC, \u00e0 savoir\u00a0<a href=\"https:\/\/www.lefigaro.fr\/tag\/alain-marschall\" target=\"_blank\" rel=\"noopener\" data-gtm-custom-categorie=\"navigation\" data-gtm-custom-action=\"crossclick\" data-gtm-custom-label=\"Contextuel\" data-gtm-event=\"customEventSPE\">Alain Marschall<\/a>\u00a0et\u00a0<a href=\"https:\/\/www.lefigaro.fr\/tag\/olivier-truchot\" target=\"_blank\" rel=\"noopener\" data-gtm-custom-categorie=\"navigation\" data-gtm-custom-action=\"crossclick\" data-gtm-custom-label=\"Contextuel\" data-gtm-event=\"customEventSPE\">Olivier Truchot<\/a>.<\/p>\n<p class=\"fig-paragraph\">\u00ab\u00c0 l\u2019occasion de cette grande soir\u00e9e sp\u00e9ciale, BFMTV proposera de revenir sur les grands \u00e9v\u00e9nements qui ont marqu\u00e9 ces 20 derni\u00e8res ann\u00e9es et la mani\u00e8re dont BFMTV a accompagn\u00e9 les Fran\u00e7ais au travers de quatre grandes s\u00e9quences\u00bb, explique la cha\u00eene dans un communiqu\u00e9. Le tout en compagnie de tous les collaborateurs RMC-BFM, mais \u00e9galement des directions actuelle et pass\u00e9e du groupe.<\/p>\n<p>                                                                <a class=\"fig-a11y-skip\" href=\"#fig-a11y-skip-main-inarticle\" data-module=\"a11y-skip\" data-context=\"was @visible\"><br \/>\n    Passer la publicit\u00e9<br \/>\n<\/a>            <\/p>\n<p class=\"fig-paragraph\">Le programme est donc divis\u00e9 en plusieurs parties, la premi\u00e8re \u00e9tant intitul\u00e9e \u00abBFMTV, 20 ans aupr\u00e8s des Fran\u00e7ais\u00bb, avec la participation de\u00a0<a href=\"https:\/\/www.lefigaro.fr\/tag\/christophe-delay\" target=\"_blank\" rel=\"noopener\" data-gtm-custom-categorie=\"navigation\" data-gtm-custom-action=\"crossclick\" data-gtm-custom-label=\"Contextuel\" data-gtm-event=\"customEventSPE\">Christophe Delay<\/a>.\u00a0<a href=\"https:\/\/www.lefigaro.fr\/tag\/apolline-de-malherbe\" target=\"_blank\" rel=\"noopener\" data-gtm-custom-categorie=\"navigation\" data-gtm-custom-action=\"crossclick\" data-gtm-custom-label=\"Contextuel\" data-gtm-event=\"customEventSPE\">Apolline de\u00a0Malherbe<\/a>\u00a0prendra ensuite le relais pour un temps consacr\u00e9 \u00e0 la politique, suivie d\u2019Ulysse Gosset et Patrick Sauce pour l\u2019actualit\u00e9 internationale. Enfin,\u00a0<a href=\"https:\/\/www.lefigaro.fr\/tag\/dominique-rizet\" target=\"_blank\" rel=\"noopener\" data-gtm-custom-categorie=\"navigation\" data-gtm-custom-action=\"crossclick\" data-gtm-custom-label=\"Contextuel\" data-gtm-event=\"customEventSPE\">Dominique Rizet<\/a>\u00a0sera charg\u00e9 de la derni\u00e8re tranche de cette soir\u00e9e anniversaire, appel\u00e9e \u00abBFMTV, 20 ans qui ont boulevers\u00e9 la France\u00bb.<\/p>\n<p class=\"fig-body-link\">\n            \u00c0 lire aussi<br \/>\n        <a class=\"fig-body-link__link\" href=\"http:\/\/tvmag.lefigaro.fr\/programme-tv\/actu-tele\/une-chroniqueuse-de-bfmtv-se-disant-terrorisee-par-la-montee-de-l-integrisme-catholique-suscite-la-polemique-20251120\" target=\"_blank\" data-fig-type=\"Article\" rel=\"noopener\" data-gtm-custom-categorie=\"navigation\" data-gtm-custom-action=\"crossclick\" data-gtm-custom-label=\"Contextuel\" data-gtm-event=\"customEventSPE\" data-fig-domain=\"TVMAG\"><\/p>\n<p>        Une chroniqueuse de BFMTV se disant \u00abterroris\u00e9e\u00bb par la mont\u00e9e de \u00abl\u2019int\u00e9grisme catholique\u00bb suscite la pol\u00e9mique<br \/>\n    <\/a>\n<\/p>\n<p class=\"fig-paragraph\">Mais ce n\u2019est pas tout, puisque le duo d\u2019animateurs compos\u00e9 d\u2019Olivier Truchot et d\u2019Alain Marschall recevra \u00e9galement des invit\u00e9s de marque. Parmi eux, d\u2019anciens grands reporters mais \u00e9galement la m\u00e8re de\u00a0<a href=\"https:\/\/www.lefigaro.fr\/tag\/frederic-leclerc-imhoff\" target=\"_blank\" rel=\"noopener\" data-gtm-custom-categorie=\"navigation\" data-gtm-custom-action=\"crossclick\" data-gtm-custom-label=\"Contextuel\" data-gtm-event=\"customEventSPE\">Fr\u00e9d\u00e9ric Leclerc-Imhoff<\/a>. Le journaliste reporter d\u2019images avait \u00e9t\u00e9 tu\u00e9 par un \u00e9clat d\u2019obus le 30 mai 2022, alors qu\u2019il r\u00e9alisait un reportage pour BFMTV sur l\u2019invasion russe en Ukraine.<\/p>\n<p class=\"fig-paragraph\">Une seule ombre au tableau de cette soir\u00e9e pleine de promesses, il s\u2019agit de l\u2019absence de\u00a0<a href=\"https:\/\/www.lefigaro.fr\/tag\/jean-jacques-bourdin\" target=\"_blank\" rel=\"noopener\" data-gtm-custom-categorie=\"navigation\" data-gtm-custom-action=\"crossclick\" data-gtm-custom-label=\"Contextuel\" data-gtm-event=\"customEventSPE\">Jean-Jacques Bourdin<\/a>. Si plusieurs anciens feront bel et bien leur retour dans les locaux de la cha\u00eene qui les a vus progresser, cela ne sera pas le cas de l\u2019animateur, qui n\u2019a visiblement pas \u00e9t\u00e9 convi\u00e9. Ce dernier s\u2019en est d\u2019ailleurs amus\u00e9 sur ses r\u00e9seaux sociaux, puisqu\u2019il a post\u00e9 le message suivant sur son compte X, ce jeudi 27 novembre\u00a0: \u00ab20 ans de BFM ce soir&#8230; J\u2019esp\u00e8re qu\u2019ils n\u2019ont pas oubli\u00e9 les anciens\u00a0!\u00bb\u00a0<\/p>\n","protected":false},"excerpt":{"rendered":"Alain Marschall sur BFMTV Capture d&rsquo;\u00e9cran La cha\u00eene d\u2019information en continu f\u00eate son anniversaire ce jeudi 27 novembre.&hellip;\n","protected":false},"author":2,"featured_media":563843,"comment_status":"","ping_status":"","sticky":false,"template":"","format":"standard","meta":{"footnotes":""},"categories":[1359],"tags":[3581,10831,58,59,1011,27,973],"class_list":{"0":"post-563842","1":"post","2":"type-post","3":"status-publish","4":"format-standard","5":"has-post-thumbnail","7":"category-people","8":"tag-anniversaire","9":"tag-bfmtv","10":"tag-divertissement","11":"tag-entertainment","12":"tag-fr","13":"tag-france","14":"tag-people"},"share_on_mastodon":{"url":"https:\/\/pubeurope.com\/@fr\/115625802067477548","error":""},"_links":{"self":[{"href":"https:\/\/www.europesays.com\/fr\/wp-json\/wp\/v2\/posts\/563842","targetHints":{"allow":["GET"]}}],"collection":[{"href":"https:\/\/www.europesays.com\/fr\/wp-json\/wp\/v2\/posts"}],"about":[{"href":"https:\/\/www.europesays.com\/fr\/wp-json\/wp\/v2\/types\/post"}],"author":[{"embeddable":true,"href":"https:\/\/www.europesays.com\/fr\/wp-json\/wp\/v2\/users\/2"}],"replies":[{"embeddable":true,"href":"https:\/\/www.europesays.com\/fr\/wp-json\/wp\/v2\/comments?post=563842"}],"version-history":[{"count":0,"href":"https:\/\/www.europesays.com\/fr\/wp-json\/wp\/v2\/posts\/563842\/revisions"}],"wp:featuredmedia":[{"embeddable":true,"href":"https:\/\/www.europesays.com\/fr\/wp-json\/wp\/v2\/media\/563843"}],"wp:attachment":[{"href":"https:\/\/www.europesays.com\/fr\/wp-json\/wp\/v2\/media?parent=563842"}],"wp:term":[{"taxonomy":"category","embeddable":true,"href":"https:\/\/www.europesays.com\/fr\/wp-json\/wp\/v2\/categories?post=563842"},{"taxonomy":"post_tag","embeddable":true,"href":"https:\/\/www.europesays.com\/fr\/wp-json\/wp\/v2\/tags?post=563842"}],"curies":[{"name":"wp","href":"https:\/\/api.w.org\/{rel}","templated":true}]}}