{"id":563844,"date":"2025-11-28T06:02:34","date_gmt":"2025-11-28T06:02:34","guid":{"rendered":"https:\/\/www.europesays.com\/fr\/563844\/"},"modified":"2025-11-28T06:02:34","modified_gmt":"2025-11-28T06:02:34","slug":"expose-au-louvre-ce-chef-doeuvre-de-la-peinture-va-revenir-en-auvergne-rhone-alpes","status":"publish","type":"post","link":"https:\/\/www.europesays.com\/fr\/563844\/","title":{"rendered":"Expos\u00e9 au Louvre, ce chef-d&rsquo;\u0153uvre de la peinture va revenir en Auvergne-Rh\u00f4ne-Alpes"},"content":{"rendered":"<p>Chef-d&rsquo;\u0153uvre de la Renaissance fran\u00e7aise, le Triptyque de Moulins est actuellement expos\u00e9 au Louvre. Il fera \u00e9tape \u00e0 l&rsquo;automne 2026 \u00e0 Bourg-en-Bresse (Ain). Il reviendra ensuite \u00e0 Moulins (Allier), l\u00e0 o\u00f9 il a \u00e9t\u00e9 retrouv\u00e9.<\/p>\n<p>Apr\u00e8s son passage au Mus\u00e9e du Louvre lors d&rsquo;une exposition entre le 26 novembre 2025 et le 31 ao\u00fbt 2026, le\u00a0<b>Triptyque de Moulins<\/b>\u00a0rejoindra <b>Bourg-en-Bresse<\/b> pour une exposition exceptionnelle.<\/p>\n<p>Le chef-d&rsquo;\u0153uvre de Jean Hey, achev\u00e9 en 1502, sera pr\u00e9sent\u00e9 <b>au monast\u00e8re royal de Brou du 12 septembre 2026 au 3 janvier 2027<\/b>.<\/p>\n<p>Le Triptyque de Moulins\u00a0reviendra ensuite <b>dans l&rsquo;Allier en 2027<\/b>, \u00ab\u00a0sur ses terres\u00a0\u00bb, pour une exposition au <b>Mus\u00e9e Anne de Beaujeu de Moulins<\/b>.<\/p>\n<p>Son voyage prendra fin <b>en 2028<\/b> avec son retour au sein de\u00a0<b>la Cath\u00e9drale Notre-Dame de l&rsquo;Annonciation<\/b> de Moulins.<\/p>\n<p>Un monument de la Renaissance, fra\u00eechement restaur\u00e9<\/p>\n<p>Consid\u00e9r\u00e9 comme l&rsquo;une des \u0153uvres majeures de la Renaissance fran\u00e7aise, le Triptyque de la Vierge glorieuse impressionne par ses dimensions (157 x 283 cm) autant que par sa finesse d&rsquo;ex\u00e9cution.<\/p>\n<p>Sur le panneau central, la Vierge et l&rsquo;Enfant apparaissent entour\u00e9s d&rsquo;anges, tandis que les volets lat\u00e9raux d\u00e9voilent les portraits des donateurs : Pierre II de Bourbon, Anne de Beaujeu et leur fille Suzanne.<\/p>\n<p>Son exposition hors de la cath\u00e9drale de Moulins demeure un \u00e9v\u00e9nement exceptionnel.<b> Il a quitt\u00e9 l&rsquo;\u00e9difice religieux en novembre 2022 pour \u00eatre restaur\u00e9.\u00a0<\/b><\/p>\n<p>C&rsquo;est dans les ateliers du Centre de recherche et de restauration des mus\u00e9es de France que l&rsquo;\u0153uvre a b\u00e9n\u00e9fici\u00e9, depuis 2023, d&rsquo;une restauration approfondie qui a pris fin tout r\u00e9cemment.<\/p>\n<p>Pour l&rsquo;instant, le triptyque est remplac\u00e9 par <b>un fac-simil\u00e9<\/b> dans l&rsquo;une des chapelles du ch\u0153ur de la cath\u00e9drale.<\/p>\n<p>Jean Hey, un peintre c\u00e9l\u00e8bre de la Renaissance<\/p>\n<p>Originaire des Pays-Bas bourguignons, Jean Hey ma\u00eetrise la technique flamande tout en s&rsquo;adaptant aux go\u00fbts de la cour fran\u00e7aise.<\/p>\n<p>Actif entre 1475 et 1505, il devient l&rsquo;un des artistes phares de la maison de Bourbon.\u00a0<\/p>\n<p>C&rsquo;est lui qui r\u00e9alise, vers 1490-1491, le c\u00e9l\u00e8bre portrait de Marguerite d&rsquo;Autriche, la fondatrice de Brou, aujourd&rsquo;hui conserv\u00e9 au Metropolitan Museum of Art.<\/p>\n<p><img loading=\"lazy\" decoding=\"async\" src=\"https:\/\/www.europesays.com\/fr\/wp-content\/uploads\/2025\/11\/1764309754_935_img\" width=\"350\" height=\"200\" border=\"0\" title=\"Le restaurant Paul Bocuse.\"\/><\/p>\n<p>\u25baSoci\u00e9t\u00e9<\/p>\n<p style=\"font-size: 22px;\"><b>Plusieurs restaurants d&rsquo;Auvergne-Rh\u00f4ne-Alpes parmi les meilleurs au monde<\/b><\/p>\n<p>La Liste a d\u00e9voil\u00e9 son classement des 1.000 restaurants&#8230;<\/p>\n<p><\/p>\n","protected":false},"excerpt":{"rendered":"Chef-d&rsquo;\u0153uvre de la Renaissance fran\u00e7aise, le Triptyque de Moulins est actuellement expos\u00e9 au Louvre. Il fera \u00e9tape \u00e0&hellip;\n","protected":false},"author":2,"featured_media":563845,"comment_status":"","ping_status":"","sticky":false,"template":"","format":"standard","meta":{"footnotes":""},"categories":[1358],"tags":[2738,1348,1384,1385,1386,58,59,1011,27,11274,67983,10241,1585,3370],"class_list":{"0":"post-563844","1":"post","2":"type-post","3":"status-publish","4":"format-standard","5":"has-post-thumbnail","7":"category-arts-et-design","8":"tag-ain","9":"tag-arts","10":"tag-arts-and-design","11":"tag-arts-et-design","12":"tag-design","13":"tag-divertissement","14":"tag-entertainment","15":"tag-fr","16":"tag-france","17":"tag-louvre","18":"tag-monastre-de-brou","19":"tag-muse","20":"tag-peinture","21":"tag-renaissance"},"share_on_mastodon":{"url":"https:\/\/pubeurope.com\/@fr\/115625811025956683","error":""},"_links":{"self":[{"href":"https:\/\/www.europesays.com\/fr\/wp-json\/wp\/v2\/posts\/563844","targetHints":{"allow":["GET"]}}],"collection":[{"href":"https:\/\/www.europesays.com\/fr\/wp-json\/wp\/v2\/posts"}],"about":[{"href":"https:\/\/www.europesays.com\/fr\/wp-json\/wp\/v2\/types\/post"}],"author":[{"embeddable":true,"href":"https:\/\/www.europesays.com\/fr\/wp-json\/wp\/v2\/users\/2"}],"replies":[{"embeddable":true,"href":"https:\/\/www.europesays.com\/fr\/wp-json\/wp\/v2\/comments?post=563844"}],"version-history":[{"count":0,"href":"https:\/\/www.europesays.com\/fr\/wp-json\/wp\/v2\/posts\/563844\/revisions"}],"wp:featuredmedia":[{"embeddable":true,"href":"https:\/\/www.europesays.com\/fr\/wp-json\/wp\/v2\/media\/563845"}],"wp:attachment":[{"href":"https:\/\/www.europesays.com\/fr\/wp-json\/wp\/v2\/media?parent=563844"}],"wp:term":[{"taxonomy":"category","embeddable":true,"href":"https:\/\/www.europesays.com\/fr\/wp-json\/wp\/v2\/categories?post=563844"},{"taxonomy":"post_tag","embeddable":true,"href":"https:\/\/www.europesays.com\/fr\/wp-json\/wp\/v2\/tags?post=563844"}],"curies":[{"name":"wp","href":"https:\/\/api.w.org\/{rel}","templated":true}]}}