{"id":563846,"date":"2025-11-28T06:06:14","date_gmt":"2025-11-28T06:06:14","guid":{"rendered":"https:\/\/www.europesays.com\/fr\/563846\/"},"modified":"2025-11-28T06:06:14","modified_gmt":"2025-11-28T06:06:14","slug":"le-succes-fulgurant-de-miki-suite-a-son-duo-avec-melissa","status":"publish","type":"post","link":"https:\/\/www.europesays.com\/fr\/563846\/","title":{"rendered":"le succ\u00e8s fulgurant de Miki, suite \u00e0 son duo avec M\u00e9lissa"},"content":{"rendered":"<p>    Miki et M\u00e9lissa dans \u00abStar Academy\u00bb sur TF1<br \/>\n                Capture d&rsquo;\u00e9cran<\/p>\n<p>\n    La chanteuse avait fait sensation lors du dernier prime du programme pr\u00e9sent\u00e9 par Nikos Aliagas sur TF1. Elle avait interpr\u00e9t\u00e9 son titre Particule avec l\u2019une des acad\u00e9miciennes.<\/p>\n<p class=\"fig-paragraph\">\u00catre \u00e9l\u00e8ve \u00e0 la\u00a0<a href=\"https:\/\/tvmag.lefigaro.fr\/programme-tv\/programme\/star-academy-d476831578\" target=\"_blank\" rel=\"noopener\" data-gtm-custom-categorie=\"navigation\" data-gtm-custom-action=\"crossclick\" data-gtm-custom-label=\"Contextuel\" data-gtm-event=\"customEventSPE\"><strong>\u00abStar Academy\u00bb<\/strong><\/a> \u00a0peut certes ouvrir des portes aux jeunes artistes, mais y participer en tant qu\u2019invit\u00e9 aide tout autant. C\u2019est du moins ce qu\u2019a pu constater\u00a0<a href=\"https:\/\/www.lefigaro.fr\/tag\/miki\" target=\"_blank\" rel=\"noopener\" data-gtm-custom-categorie=\"navigation\" data-gtm-custom-action=\"crossclick\" data-gtm-custom-label=\"Contextuel\" data-gtm-event=\"customEventSPE\"><strong>Miki<\/strong><\/a>, apr\u00e8s le sixi\u00e8me prime de l\u2019\u00e9mission diffus\u00e9e sur\u00a0<a href=\"https:\/\/tvmag.lefigaro.fr\/programme-tv\/chaine\/192\/tous-les-programmes-de-tf1\" target=\"_blank\" rel=\"noopener\" data-gtm-custom-categorie=\"navigation\" data-gtm-custom-action=\"crossclick\" data-gtm-custom-label=\"Contextuel\" data-gtm-event=\"customEventSPE\">TF1<\/a>\u00a0et pr\u00e9sent\u00e9e par\u00a0<a href=\"https:\/\/www.lefigaro.fr\/tag\/nikos-aliagas\" target=\"_blank\" rel=\"noopener\" data-gtm-custom-categorie=\"navigation\" data-gtm-custom-action=\"crossclick\" data-gtm-custom-label=\"Contextuel\" data-gtm-event=\"customEventSPE\">Nikos Aliagas<\/a>, ce vendredi 21 novembre dernier. La chanteuse franco-cor\u00e9enne avait alors partag\u00e9 sa chanson Particule, avec\u00a0<a href=\"http:\/\/tvmag.lefigaro.fr\/programme-tv\/tele-realite\/c-est-une-boule-d-energie-qui-est-melissa-candidate-de-star-academy-sur-tf1-20251121\" target=\"_blank\" data-fig-type=\"Article\" rel=\"noopener\" data-gtm-custom-categorie=\"navigation\" data-gtm-custom-action=\"crossclick\" data-gtm-custom-label=\"Contextuel\" data-gtm-event=\"customEventSPE\" data-fig-domain=\"TVMAG\">M\u00e9lissa<\/a>.<\/p>\n<p class=\"fig-paragraph\">Le duo avait tellement bien fonctionn\u00e9, que l\u2019acad\u00e9micienne de 19 ans a \u00e9t\u00e9 gratifi\u00e9e du titre de \u00abprogression de la semaine\u00bb, lors du d\u00e9brief de\u00a0<a href=\"https:\/\/www.lefigaro.fr\/tag\/marlene-schaff\" target=\"_blank\" rel=\"noopener\" data-gtm-custom-categorie=\"navigation\" data-gtm-custom-action=\"crossclick\" data-gtm-custom-label=\"Contextuel\" data-gtm-event=\"customEventSPE\">Marl\u00e8ne Schaff<\/a>. La professeure d\u2019expression sc\u00e9nique a m\u00eame avou\u00e9 que la prestation lui avait fait acheter l\u2019album de Miki. Et il faut croire qu\u2019elle n\u2019est pas la seule \u00e0 s\u2019\u00eatre int\u00e9ress\u00e9e \u00e0 l\u2019artiste de 26 ans depuis son passage dans le programme, puisque comme le r\u00e9v\u00e8le son label Structures sur ses r\u00e9seaux sociaux, la chanteuse a gagn\u00e9 plus de 20.000 abonn\u00e9s sur son compte Instagram.<\/p>\n<p>                                                                <a class=\"fig-a11y-skip\" href=\"#fig-a11y-skip-main-inarticle\" data-module=\"a11y-skip\" data-context=\"was @visible\"><br \/>\n    Passer la publicit\u00e9<br \/>\n<\/a>            <\/p>\n<p class=\"fig-paragraph\">Mais ce n\u2019est pas tout\u00a0! L\u2019extrait de sa prestation publi\u00e9 sur les r\u00e9seaux sociaux de la \u00abStar Academy\u00bb a \u00e9t\u00e9 le plus visionn\u00e9 de la soir\u00e9e, atteignant plus de 3 millions de vues en seulement trois jours. Mais c\u2019est surtout sur les plateformes musicales que Miki a marqu\u00e9 une progression fulgurante, avec plus de 300% de streams sur son titre Particule.\u00a0<\/p>\n<p class=\"fig-body-link\">\n            \u00c0 lire aussi<br \/>\n        <a class=\"fig-body-link__link fig-premium-mark\" href=\"http:\/\/www.lefigaro.fr\/culture\/miki-la-petite-fusee-de-l-electro-pop-qui-met-tout-le-monde-d-accord-20250407\" target=\"_blank\" data-fig-type=\"Article\" rel=\"noopener\" data-gtm-custom-categorie=\"navigation\" data-gtm-custom-action=\"crossclick\" data-gtm-custom-label=\"Contextuel\" data-gtm-event=\"customEventSPE\" data-fig-domain=\"LEFIGARO\"><\/p>\n<p>        Miki, la petite fus\u00e9e de l\u2019\u00e9lectro-pop qui met tout le monde d\u2019accord<br \/>\n    <\/a>\n<\/p>\n<p class=\"fig-paragraph\">Un succ\u00e8s qui n\u2019est pas sans rappeler celui qu\u2019avait connu\u00a0<a href=\"https:\/\/www.lefigaro.fr\/tag\/charlotte-cardin\" target=\"_blank\" rel=\"noopener\" data-gtm-custom-categorie=\"navigation\" data-gtm-custom-action=\"crossclick\" data-gtm-custom-label=\"Contextuel\" data-gtm-event=\"customEventSPE\">Charlotte Cardin<\/a>. un an plus t\u00f4t. La chanteuse Qu\u00e9b\u00e9coise avait en effet elle aussi profit\u00e9 du rayonnement du programme TF1, suite \u00e0 son passage dans la saison pr\u00e9c\u00e9dente de \u00abStar Academy\u00bb. Elle avait alors interpr\u00e9t\u00e9 Feel Good aux c\u00f4t\u00e9s de la gagnante, Marine. La chanson, peu connue \u00e0 ce moment-l\u00e0, \u00e9tait pourtant sortie depuis un an.<\/p>\n<p class=\"fig-paragraph\">Elle a ensuite \u00e9t\u00e9 \u00e9cout\u00e9e des millions de fois, propulsant Charlotte Cardin au rang de superstar en France, et son titre est devenu un tube. Pour cette raison, la compagne d\u2019<a href=\"https:\/\/www.lefigaro.fr\/tag\/aliocha-schneider\" target=\"_blank\" rel=\"noopener\" data-gtm-custom-categorie=\"navigation\" data-gtm-custom-action=\"crossclick\" data-gtm-custom-label=\"Contextuel\" data-gtm-event=\"customEventSPE\">Aliocha Schneider<\/a>\u00a0avait tenu \u00e0 remercier l\u2019\u00e9mission qui lui a permis ce succ\u00e8s, notamment en devenant marraine de l\u2019\u00e9dition 2025, aux c\u00f4t\u00e9s d\u2019<a href=\"https:\/\/www.lefigaro.fr\/tag\/ed-sheeran\" target=\"_blank\" rel=\"noopener\" data-gtm-custom-categorie=\"navigation\" data-gtm-custom-action=\"crossclick\" data-gtm-custom-label=\"Contextuel\" data-gtm-event=\"customEventSPE\">Ed Sheeran<\/a>. Invit\u00e9e au ch\u00e2teau de Dammarie-les-Lys pour partager quelques moments privil\u00e9gi\u00e9s avec les participants, elle leur avait confi\u00e9\u00a0: \u00abJe ne m\u2019attendais pas \u00e0 ce que \u00e7a fasse cet effet boule de neige, pas du tout. Mais je suis \u00e9videmment tellement contente que \u00e7a se soit pass\u00e9\u00bb.<\/p>\n","protected":false},"excerpt":{"rendered":"Miki et M\u00e9lissa dans \u00abStar Academy\u00bb sur TF1 Capture d&rsquo;\u00e9cran La chanteuse avait fait sensation lors du dernier&hellip;\n","protected":false},"author":2,"featured_media":563847,"comment_status":"","ping_status":"","sticky":false,"template":"","format":"standard","meta":{"footnotes":""},"categories":[1356],"tags":[58,59,1011,27,5095,252,199,1364],"class_list":{"0":"post-563846","1":"post","2":"type-post","3":"status-publish","4":"format-standard","5":"has-post-thumbnail","7":"category-television","8":"tag-divertissement","9":"tag-entertainment","10":"tag-fr","11":"tag-france","12":"tag-star-academy","13":"tag-television","14":"tag-tf1","15":"tag-tv"},"share_on_mastodon":{"url":"https:\/\/pubeurope.com\/@fr\/115625825720476438","error":""},"_links":{"self":[{"href":"https:\/\/www.europesays.com\/fr\/wp-json\/wp\/v2\/posts\/563846","targetHints":{"allow":["GET"]}}],"collection":[{"href":"https:\/\/www.europesays.com\/fr\/wp-json\/wp\/v2\/posts"}],"about":[{"href":"https:\/\/www.europesays.com\/fr\/wp-json\/wp\/v2\/types\/post"}],"author":[{"embeddable":true,"href":"https:\/\/www.europesays.com\/fr\/wp-json\/wp\/v2\/users\/2"}],"replies":[{"embeddable":true,"href":"https:\/\/www.europesays.com\/fr\/wp-json\/wp\/v2\/comments?post=563846"}],"version-history":[{"count":0,"href":"https:\/\/www.europesays.com\/fr\/wp-json\/wp\/v2\/posts\/563846\/revisions"}],"wp:featuredmedia":[{"embeddable":true,"href":"https:\/\/www.europesays.com\/fr\/wp-json\/wp\/v2\/media\/563847"}],"wp:attachment":[{"href":"https:\/\/www.europesays.com\/fr\/wp-json\/wp\/v2\/media?parent=563846"}],"wp:term":[{"taxonomy":"category","embeddable":true,"href":"https:\/\/www.europesays.com\/fr\/wp-json\/wp\/v2\/categories?post=563846"},{"taxonomy":"post_tag","embeddable":true,"href":"https:\/\/www.europesays.com\/fr\/wp-json\/wp\/v2\/tags?post=563846"}],"curies":[{"name":"wp","href":"https:\/\/api.w.org\/{rel}","templated":true}]}}