{"id":563848,"date":"2025-11-28T06:07:13","date_gmt":"2025-11-28T06:07:13","guid":{"rendered":"https:\/\/www.europesays.com\/fr\/563848\/"},"modified":"2025-11-28T06:07:13","modified_gmt":"2025-11-28T06:07:13","slug":"cest-la-panique-a-radio-france","status":"publish","type":"post","link":"https:\/\/www.europesays.com\/fr\/563848\/","title":{"rendered":"c\u2019est la panique \u00e0 Radio France"},"content":{"rendered":"<p data-module=\"standfirst\" data-context=\"@media (min-width:48em)\">\n    <strong>ENQU\u00caTE &#8211; <\/strong>Rien ne va plus au sein de la \u00abMaison ronde\u00bb, secou\u00e9e par des affaires mettant en cause la partialit\u00e9 de certains de ses journalistes. France Inter, sa station phare, a perdu pr\u00e8s de 500\u00a0000 auditeurs. Elle est critiqu\u00e9e \u00e0 droite comme \u00e0 gauche, en externe comme en interne.<\/p>\n<p class=\"fig-paragraph fig-paragraph--dropped\">En mai dernier, l\u2019Arcom a \u00ab demand\u00e9 fermement\u00a0\u00bb \u00e0 France Inter de veiller \u00e0 ce que \u00ab la question du conflit isra\u00e9lo-palestinien (\u2026) soit trait\u00e9e sur ses antennes avec la plus grande rigueur\u00a0\u00bb. Le gendarme de l\u2019audiovisuel avait \u00e9t\u00e9 saisi par\u00a0<a href=\"http:\/\/www.lefigaro.fr\/vox\/medias\/gilles-william-goldnadel-le-sentiment-d-impunite-de-l-audiovisuel-public-20240527\" data-fig-type=\"Article\" data-gtm-custom-categorie=\"navigation\" data-gtm-custom-action=\"crossclick\" data-gtm-custom-label=\"Contextuel\" data-gtm-event=\"customEventSPE\" data-fig-domain=\"LEFIGARO\" target=\"_blank\" rel=\"noopener\">Gilles-William Goldnadel<\/a>, au nom de son association Avocats sans fronti\u00e8res, apr\u00e8s la \u00e9ni\u00e8me diffusion dans un bulletin d\u2019information d\u2019un bilan de d\u00e9c\u00e8s \u00e0 Gaza non sourc\u00e9 et pr\u00e9sent\u00e9 comme incontestable. \u00ab L\u2019origine des informations en cause n\u2019a pas \u00e9t\u00e9 indiqu\u00e9e et ces informations n\u2019ont pas \u00e9t\u00e9 communiqu\u00e9es au conditionnel, alors m\u00eame que les conditions de v\u00e9rification des bilans de d\u00e9c\u00e8s dans la bande de Gaza l\u2019exigent\u00a0\u00bb, pr\u00e9cisait l\u2019Arcom. \u00ab \u00c0 la suite de cette douce r\u00e9primande \u2013 pas de \u201cmise en garde\u201d, encore moins d\u2019amende \u2013 France Inter a pris soin pendant quelque temps d\u2019informer ses auditeurs que ces chiffres venaient du minist\u00e8re de la Sant\u00e9 de Gaza, li\u00e9 au Hamas, raconte l\u2019avocat. Puis elle a r\u00e9cidiv\u00e9, et j\u2019ai de nouveau saisi\u2026<\/p>\n<p class=\"fig-premium-paywall__infos\">\n        Cet article est r\u00e9serv\u00e9 aux abonn\u00e9s.        Il vous reste 95% \u00e0 d\u00e9couvrir.\n    <\/p>\n<p>                <img  data- alt=\"Le Figaro\" class=\"fig-img--complete fig-img\"\/><\/p>\n<p class=\"fig-premium-paywall__title\">Black Friday<\/p>\n<p class=\"fig-premium-paywall__subtitle\">-70% sur l&rsquo;abonnement num\u00e9rique<\/p>\n<p class=\"fig-premium-paywall__connect\">\n                D\u00e9j\u00e0 abonn\u00e9\u00a0?                <a class=\"fig-premium-paywall__connect-link\" href=\"https:\/\/connect.lefigaro.fr\/login?client=horizon_web&amp;type=main&amp;redirect_uri=https%3A%2F%2Fwww.lefigaro.fr%2Fmedias%2Fchute-des-audiences-derives-ideologiques-commission-d-enquete-c-est-la-panique-a-radio-france-20251128\" data-js-gtm=\"{&quot;customCategorie&quot;: &quot;conversion&quot;, &quot;customAction&quot;: &quot;before_Landing_Connexion_paywall_auto&quot;, &quot;customLabel&quot;: &quot;bGVmaWdhcm8uZnJfXzFmMGNhYzk5LTc4ZGQtNmMzNi04M2MzLTQxZTQ3MjJhOGMxNV9fQXJ0aWNsZQ==_Chute des audiences, d\u00e9rives id\u00e9ologiques, commission d\u2019enqu\u00eate\u00a0: c\u2019est la panique \u00e0 Radio France_1000&quot;, &quot;customIDSPE&quot;: &quot;bGVmaWdhcm8uZnJfXzFmMGNhYzk5LTc4ZGQtNmMzNi04M2MzLTQxZTQ3MjJhOGMxNV9fQXJ0aWNsZQ==&quot;, &quot;event&quot;: &quot;customEventSPE&quot;}\" target=\"_blank\" rel=\"noopener\"><br \/>\n                    Connectez-vous<br \/>\n                <\/a>\n            <\/p>\n","protected":false},"excerpt":{"rendered":"ENQU\u00caTE &#8211; Rien ne va plus au sein de la \u00abMaison ronde\u00bb, secou\u00e9e par des affaires mettant en&hellip;\n","protected":false},"author":2,"featured_media":563849,"comment_status":"","ping_status":"","sticky":false,"template":"","format":"standard","meta":{"footnotes":""},"categories":[1355],"tags":[58,59,1011,27,9102,1361,873,10316],"class_list":{"0":"post-563848","1":"post","2":"type-post","3":"status-publish","4":"format-standard","5":"has-post-thumbnail","7":"category-musique","8":"tag-divertissement","9":"tag-entertainment","10":"tag-fr","11":"tag-france","12":"tag-france-inter","13":"tag-music","14":"tag-musique","15":"tag-radio-france"},"share_on_mastodon":{"url":"https:\/\/pubeurope.com\/@fr\/115625831018514468","error":""},"_links":{"self":[{"href":"https:\/\/www.europesays.com\/fr\/wp-json\/wp\/v2\/posts\/563848","targetHints":{"allow":["GET"]}}],"collection":[{"href":"https:\/\/www.europesays.com\/fr\/wp-json\/wp\/v2\/posts"}],"about":[{"href":"https:\/\/www.europesays.com\/fr\/wp-json\/wp\/v2\/types\/post"}],"author":[{"embeddable":true,"href":"https:\/\/www.europesays.com\/fr\/wp-json\/wp\/v2\/users\/2"}],"replies":[{"embeddable":true,"href":"https:\/\/www.europesays.com\/fr\/wp-json\/wp\/v2\/comments?post=563848"}],"version-history":[{"count":0,"href":"https:\/\/www.europesays.com\/fr\/wp-json\/wp\/v2\/posts\/563848\/revisions"}],"wp:featuredmedia":[{"embeddable":true,"href":"https:\/\/www.europesays.com\/fr\/wp-json\/wp\/v2\/media\/563849"}],"wp:attachment":[{"href":"https:\/\/www.europesays.com\/fr\/wp-json\/wp\/v2\/media?parent=563848"}],"wp:term":[{"taxonomy":"category","embeddable":true,"href":"https:\/\/www.europesays.com\/fr\/wp-json\/wp\/v2\/categories?post=563848"},{"taxonomy":"post_tag","embeddable":true,"href":"https:\/\/www.europesays.com\/fr\/wp-json\/wp\/v2\/tags?post=563848"}],"curies":[{"name":"wp","href":"https:\/\/api.w.org\/{rel}","templated":true}]}}